{"id":1038,"date":"2018-03-19T16:47:47","date_gmt":"2018-03-19T19:47:47","guid":{"rendered":"http:\/\/elbibliote.com\/resources\/articulosdestacados\/?p=1038"},"modified":"2018-03-19T16:47:47","modified_gmt":"2018-03-19T19:47:47","slug":"cancer-de-piel","status":"publish","type":"post","link":"https:\/\/elbibliote.com\/resources\/articulosdestacados\/?p=1038","title":{"rendered":"C\u00e1ncer de piel"},"content":{"rendered":"<p style=\"text-align: justify;\"><span style=\"color: #808080;\"><em>El c\u00e1ncer de piel es el c\u00e1ncer que crece en las c\u00e9lulas de la piel. Todo el tiempo las c\u00e9lulas de nuestro cuerpo se est\u00e1n renovando. Las nuevas c\u00e9lulas nacen para reemplazar a otras que mueren.<\/em><\/span><\/p>\n<p style=\"text-align: justify;\">El c\u00e1ncer altera este ritmo natural. Nuevas c\u00e9lulas crecen cuando no son necesarias. O las viejas c\u00e9lulas que deber\u00edan morir, no lo hacen.<\/p>\n<p style=\"text-align: justify;\">Las c\u00e9lulas que sobran forman una masa de tejido que es lo que se llama tumor. Estas c\u00e9lulas pueden adem\u00e1s viajar por el sistema sangu\u00edneo o por el linf\u00e1tico y alojarse en otros \u00f3rganos del cuerpo. Estos nuevos tumores son conocidos como met\u00e1stasis.<\/p>\n<p style=\"text-align: justify;\">El c\u00e1ncer de piel es la forma m\u00e1s com\u00fan de c\u00e1ncer en los seres humanos. Uno de cada 3 nuevos c\u00e1nceres detectados, es c\u00e1ncer de piel.<\/p>\n<p style=\"text-align: justify;\">De los distintos tipos de c\u00e1ncer, el carcinoma es el m\u00e1s frecuente y aparece sobre todo en la zona de la cara, orejas y cuello.<\/p>\n<p style=\"text-align: justify;\">El Melanoma, es el tipo m\u00e1s agresivo y tiende a diseminarse a otros \u00f3rganos vitales.<\/p>\n<p style=\"text-align: justify;\">\n<p style=\"text-align: justify;\"><img loading=\"lazy\" decoding=\"async\" class=\"wp-image-1041 size-full aligncenter\" src=\"https:\/\/elbibliote.com\/resources\/articulosdestacados\/wp-content\/uploads\/2018\/03\/iStock-655641208.jpg\" alt=\"\" width=\"550\" height=\"367\" srcset=\"https:\/\/elbibliote.com\/resources\/articulosdestacados\/wp-content\/uploads\/2018\/03\/iStock-655641208.jpg 550w, https:\/\/elbibliote.com\/resources\/articulosdestacados\/wp-content\/uploads\/2018\/03\/iStock-655641208-300x200.jpg 300w\" sizes=\"(max-width: 550px) 100vw, 550px\" \/><\/p>\n<p style=\"text-align: justify;\">El protector solar es indispensable para protegerse de los rayos da\u00f1inos del Sol.<\/p>\n<h2 style=\"text-align: justify;\"><strong>\u00bfCu\u00e1les son las causas?<\/strong><\/h2>\n<p style=\"text-align: justify;\">El sol es el causante del c\u00e1ncer de piel en 9 de 10 casos.<\/p>\n<p style=\"text-align: justify;\">Nuestra piel absorbe las radiaciones ultravioletas emitidas por el sol a lo largo de toda nuestra vida. Estas radiaciones se acumulan y a largo plazo causan da\u00f1os irreversibles.<\/p>\n<p style=\"text-align: justify;\">Se calcula que al cumplir los 18 a\u00f1os una persona ya se expuso al 80% del total de las radiaciones solares que absorber\u00e1 en toda su vida. Es por esto que es importante evitar el da\u00f1o solar desde el nacimiento.<\/p>\n<h2 style=\"text-align: justify;\"><strong>\u00bfQui\u00e9n puede contraer c\u00e1ncer de piel?<\/strong><\/h2>\n<p style=\"text-align: justify;\">Todos estamos expuestos y por consiguiente debemos cuidarnos. Sin embargo, las personas de piel y ojos claros, las que tienen muchos lunares (m\u00e1s de 50) y las que siempre se enrojecen al sol son particularmente m\u00e1s vulnerables.<\/p>\n<p style=\"text-align: justify;\">Ser v\u00edctima de quemaduras solares serias antes de los 18 a\u00f1os, aumenta en un 200 por ciento las chances de contraer la enfermedad.<\/p>\n<p style=\"text-align: justify;\">Personas con historia familiar de c\u00e1ncer de piel o que tienen su sistema inmune debilitado tambi\u00e9n son propensas a esta enfermedad.<\/p>\n<h2 style=\"text-align: justify;\"><strong>\u00bfC\u00f3mo puede prevenirse?<\/strong><\/h2>\n<p style=\"text-align: justify;\">Evitar el sol es la mejor forma de prevenci\u00f3n. As\u00ed tambi\u00e9n la educaci\u00f3n sobre las medidas de protecci\u00f3n solar.<\/p>\n<p style=\"text-align: justify;\">Es aconsejable:<\/p>\n<ul style=\"text-align: justify;\">\n<li>No exponerse al sol entre las 10 y las 16hs cuando los rayos UV causan m\u00e1s da\u00f1o. Menores de 6 meses no deber\u00edan exponerse al sol en absoluto.<\/li>\n<li>Usar protector solar en todo el cuerpo.<\/li>\n<li>Usar ropa adecuada para protegerse del sol, como ser: sombreros de ala ancha, anteojos, remeras de manga larga.<\/li>\n<li>Evitar el uso de camas solares.<\/li>\n<\/ul>\n<p style=\"text-align: justify;\">Ante la aparici\u00f3n de la enfermedad, la detecci\u00f3n temprana es determinante en el \u00e9xito del tratamiento. Si se detecta a tiempo, la enfermedad es curable.<\/p>\n<h2 style=\"text-align: justify;\"><strong>Autoexamen: \u00bfCu\u00e1les son los s\u00edntomas?<\/strong><\/h2>\n<p style=\"text-align: justify;\">Es recomendable realizar un autoexamen. Es f\u00e1cil y r\u00e1pido. Se debe hacer frente al espejo y con mucha luz.<\/p>\n<p style=\"text-align: justify;\">Lo que debemos buscar cuando nos examinamos se resume en lo que se llama el ABCDE.<\/p>\n<p style=\"text-align: justify;\"><strong>A: asimetr\u00eda.<\/strong>&#8211; Una mitad del lunar es diferente de la otra mitad.<\/p>\n<p style=\"text-align: justify;\"><strong>B: bordes.-<\/strong> Los bordes son irregulares, difusos o poco definidos.<\/p>\n<p style=\"text-align: justify;\"><strong>C: color.-<\/strong> La pigmentaci\u00f3n no es uniforme, se observan cambios de color de una zona a otra del lunar.<\/p>\n<p style=\"text-align: justify;\"><strong>D: di\u00e1metro.-<\/strong> Mayor de 6 mm.<\/p>\n<p style=\"text-align: justify;\"><strong>E: evoluci\u00f3n.-<\/strong> El lunar cambia de color, tama\u00f1o o forma.<\/p>\n<p style=\"text-align: justify;\">Consulte inmediatamente a su dermat\u00f3logo si alguno de sus lunares presenta estas caracter\u00edsticas. Otros signos de alarma son: sangrado, picaz\u00f3n, molestias o dolor, hinchaz\u00f3n, aumento de la consistencia y progresi\u00f3n del color de un lunar a la piel adyacente.<\/p>\n<p>Fuente: Ministerio de Salud \u2013 Presidencia de la Naci\u00f3n (Argentina) http:\/\/www.msal.gob.ar\/index.php\/component\/content\/article\/48\/245-cancer-de-piel#sthash.bHpFvu5M.dpuf<\/p>\n<p>&nbsp;<\/p>\n","protected":false},"excerpt":{"rendered":"<p>El c\u00e1ncer de piel es el c\u00e1ncer que crece en las c\u00e9lulas de la piel. Todo el tiempo las c\u00e9lulas de nuestro cuerpo se est\u00e1n renovando. Las nuevas c\u00e9lulas nacen para reemplazar a otras que mueren.<\/p>\n","protected":false},"author":6,"featured_media":0,"comment_status":"closed","ping_status":"closed","sticky":false,"template":"","format":"standard","meta":{"footnotes":""},"categories":[22],"tags":[1045,1098,1099,1062,582,1095,1100,365,1102,1093,1094,1097,1096,1101,1048,1103],"_links":{"self":[{"href":"https:\/\/elbibliote.com\/resources\/articulosdestacados\/index.php?rest_route=\/wp\/v2\/posts\/1038"}],"collection":[{"href":"https:\/\/elbibliote.com\/resources\/articulosdestacados\/index.php?rest_route=\/wp\/v2\/posts"}],"about":[{"href":"https:\/\/elbibliote.com\/resources\/articulosdestacados\/index.php?rest_route=\/wp\/v2\/types\/post"}],"author":[{"embeddable":true,"href":"https:\/\/elbibliote.com\/resources\/articulosdestacados\/index.php?rest_route=\/wp\/v2\/users\/6"}],"replies":[{"embeddable":true,"href":"https:\/\/elbibliote.com\/resources\/articulosdestacados\/index.php?rest_route=%2Fwp%2Fv2%2Fcomments&post=1038"}],"version-history":[{"count":3,"href":"https:\/\/elbibliote.com\/resources\/articulosdestacados\/index.php?rest_route=\/wp\/v2\/posts\/1038\/revisions"}],"predecessor-version":[{"id":1101,"href":"https:\/\/elbibliote.com\/resources\/articulosdestacados\/index.php?rest_route=\/wp\/v2\/posts\/1038\/revisions\/1101"}],"wp:attachment":[{"href":"https:\/\/elbibliote.com\/resources\/articulosdestacados\/index.php?rest_route=%2Fwp%2Fv2%2Fmedia&parent=1038"}],"wp:term":[{"taxonomy":"category","embeddable":true,"href":"https:\/\/elbibliote.com\/resources\/articulosdestacados\/index.php?rest_route=%2Fwp%2Fv2%2Fcategories&post=1038"},{"taxonomy":"post_tag","embeddable":true,"href":"https:\/\/elbibliote.com\/resources\/articulosdestacados\/index.php?rest_route=%2Fwp%2Fv2%2Ftags&post=1038"}],"curies":[{"name":"wp","href":"https:\/\/api.w.org\/{rel}","templated":true}]}}