{"id":1040,"date":"2018-03-19T17:05:18","date_gmt":"2018-03-19T20:05:18","guid":{"rendered":"http:\/\/elbibliote.com\/resources\/articulosdestacados\/?p=1040"},"modified":"2018-03-19T17:05:18","modified_gmt":"2018-03-19T20:05:18","slug":"retinopatia-del-prematuro","status":"publish","type":"post","link":"https:\/\/elbibliote.com\/resources\/articulosdestacados\/?p=1040","title":{"rendered":"Retinopat\u00eda del prematuro"},"content":{"rendered":"<p style=\"text-align: justify;\"><span style=\"color: #808080;\"><em>Es una enfermedad que afecta a beb\u00e9s que nacen de forma prematura, y consiste en un desarrollo anormal de los vasos sangu\u00edneos en la retina.<\/em><\/span><\/p>\n<p style=\"text-align: justify;\">\nEs la principal causa de ceguera en la infancia, y la incidencia va en aumento debido al progreso y al \u00e9xito de los cuidados neonatales que permiten la sobrevida de ni\u00f1os cada vez m\u00e1s peque\u00f1os.<\/p>\n<h2 style=\"text-align: justify;\"><strong>\u00bfPor qu\u00e9 ocurre?<\/strong><\/h2>\n<p style=\"text-align: justify;\">El nacimiento prematuro frena el desarrollo normal de la retina, una de las capas fundamentales del ojo necesaria para la visi\u00f3n. Un nacimiento a t\u00e9rmino se produce en la semana 40, y se considera que es prematuro con 36 semanas o menos de gestaci\u00f3n. La retina completa su formaci\u00f3n a partir de la semana 36. Si el ni\u00f1o nace antes de ese momento, la retina continuar\u00e1 desarroll\u00e1ndose, pero con cierto riesgo de hacerlo en forma anormal. A menor peso y edad gestacional, los prematuros tienen mayor riesgo de presentar la enfermedad.<br \/>\nPor otro lado, los ni\u00f1os prematuros nacen con sus pulmones inmaduros, por lo que es muy frecuente que sea necesario administrarle ox\u00edgeno. Las altas concentraciones de ox\u00edgeno, aumentan el riesgo de padecer retinopat\u00eda del prematuro, por lo que el control del ox\u00edgeno en la unidad de neonatolog\u00eda es esencial.<\/p>\n<h2 style=\"text-align: justify;\"><strong>\u00bfC\u00f3mo se diagnostica?<\/strong><\/h2>\n<p style=\"text-align: justify;\">Es importante que los prematuros sean controlados precoz y peri\u00f3dicamente por oftalm\u00f3logos capacitados. El oftalm\u00f3logo debe realizar evaluaci\u00f3n del fondo de ojo de los beb\u00e9s en la unidad de cuidados intensivos neonatales, en la cuarta semana de la vida posnatal y no m\u00e1s all\u00e1 de la 32\u00aa semana.<\/p>\n<h2 style=\"text-align: justify;\"><strong>\u00bfEn qu\u00e9 consiste el seguimiento?<\/strong><\/h2>\n<p style=\"text-align: justify;\">El seguimiento de la enfermedad depender\u00e1 del criterio del m\u00e9dico, de la localizaci\u00f3n de la retinopat\u00eda misma dentro del ojo y de la edad corregida del paciente. Deber\u00e1 incluir un examen hasta al a\u00f1o de vida para descartar secuelas.<\/p>\n<h2 style=\"text-align: justify;\"><strong>\u00bfA qui\u00e9nes afecta?<\/strong><\/h2>\n<p style=\"text-align: justify;\">Todos los beb\u00e9s nacidos antes de la semana 32 y\/o menores a 1.500 gramos de peso al nacer deben ser controlados.<\/p>\n<p style=\"text-align: left;\">Fuente: Ministerio de Salud \u2013 Presidencia de la Naci\u00f3n (Argentina)<\/p>\n<p style=\"text-align: left;\">http:\/\/msal.gob.ar\/index.php\/component\/content\/article\/48-temas-de-salud-de-la-a-a-la-z\/326-retinopatia-del-prematuro#sthash.YCdGrRcW.dpuf<\/p>\n","protected":false},"excerpt":{"rendered":"<p>Es una enfermedad que afecta a beb\u00e9s que nacen de forma prematura, y consiste en un desarrollo anormal de los vasos sangu\u00edneos en la retina.<\/p>\n","protected":false},"author":3,"featured_media":0,"comment_status":"closed","ping_status":"closed","sticky":false,"template":"","format":"standard","meta":{"footnotes":""},"categories":[22],"tags":[894,1172,1170,622,766,591,772,1168,1171,1169,1173],"_links":{"self":[{"href":"https:\/\/elbibliote.com\/resources\/articulosdestacados\/index.php?rest_route=\/wp\/v2\/posts\/1040"}],"collection":[{"href":"https:\/\/elbibliote.com\/resources\/articulosdestacados\/index.php?rest_route=\/wp\/v2\/posts"}],"about":[{"href":"https:\/\/elbibliote.com\/resources\/articulosdestacados\/index.php?rest_route=\/wp\/v2\/types\/post"}],"author":[{"embeddable":true,"href":"https:\/\/elbibliote.com\/resources\/articulosdestacados\/index.php?rest_route=\/wp\/v2\/users\/3"}],"replies":[{"embeddable":true,"href":"https:\/\/elbibliote.com\/resources\/articulosdestacados\/index.php?rest_route=%2Fwp%2Fv2%2Fcomments&post=1040"}],"version-history":[{"count":3,"href":"https:\/\/elbibliote.com\/resources\/articulosdestacados\/index.php?rest_route=\/wp\/v2\/posts\/1040\/revisions"}],"predecessor-version":[{"id":1119,"href":"https:\/\/elbibliote.com\/resources\/articulosdestacados\/index.php?rest_route=\/wp\/v2\/posts\/1040\/revisions\/1119"}],"wp:attachment":[{"href":"https:\/\/elbibliote.com\/resources\/articulosdestacados\/index.php?rest_route=%2Fwp%2Fv2%2Fmedia&parent=1040"}],"wp:term":[{"taxonomy":"category","embeddable":true,"href":"https:\/\/elbibliote.com\/resources\/articulosdestacados\/index.php?rest_route=%2Fwp%2Fv2%2Fcategories&post=1040"},{"taxonomy":"post_tag","embeddable":true,"href":"https:\/\/elbibliote.com\/resources\/articulosdestacados\/index.php?rest_route=%2Fwp%2Fv2%2Ftags&post=1040"}],"curies":[{"name":"wp","href":"https:\/\/api.w.org\/{rel}","templated":true}]}}