{"id":10974,"date":"2020-01-31T17:46:23","date_gmt":"2020-01-31T20:46:23","guid":{"rendered":"http:\/\/elbibliote.com\/resources\/articulosdestacados\/?p=10974"},"modified":"2022-05-13T17:16:46","modified_gmt":"2022-05-13T20:16:46","slug":"leyes-contra-la-discriminacion-en-colombia","status":"publish","type":"post","link":"https:\/\/elbibliote.com\/resources\/articulosdestacados\/?p=10974","title":{"rendered":"Leyes contra la discriminaci\u00f3n en Colombia"},"content":{"rendered":"<p style=\"text-align: justify;\"><em>La discriminaci\u00f3n es un fen\u00f3meno social en el que se le da un trato distinto a un individuo por razones injustificadas. En Colombia se han implementado diversas normativas en rechazo a este tipo de comportamiento, en especial cuando se trata de raza o discapacidad.<\/em><\/p>\n<figure id=\"attachment_11219\" aria-describedby=\"caption-attachment-11219\" style=\"width: 700px\" class=\"wp-caption aligncenter\"><img loading=\"lazy\" decoding=\"async\" class=\"wp-image-11219 size-full\" src=\"https:\/\/elbibliote.com\/resources\/articulosdestacados\/wp-content\/uploads\/2019\/12\/iStock-492881704.jpg\" alt=\"\" width=\"700\" height=\"467\" srcset=\"https:\/\/elbibliote.com\/resources\/articulosdestacados\/wp-content\/uploads\/2019\/12\/iStock-492881704.jpg 700w, https:\/\/elbibliote.com\/resources\/articulosdestacados\/wp-content\/uploads\/2019\/12\/iStock-492881704-300x200.jpg 300w\" sizes=\"(max-width: 700px) 100vw, 700px\" \/><figcaption id=\"caption-attachment-11219\" class=\"wp-caption-text\">Estudios realizados en 2019 demostraron que la poblaci\u00f3n afrocolombiana es el grupo \u00e9tnico que m\u00e1s se ha sentido segregado en Colombia.<\/figcaption><\/figure>\n<h2 style=\"text-align: justify;\">LEY N\u00ba 1.482: LEY ANTIDISCRIMINACI\u00d3N<\/h2>\n<p style=\"text-align: justify;\"><em>Promulgada el 30 de noviembre de 2011.<\/em><\/p>\n<p style=\"text-align: justify;\">Esta norma modifica el C\u00f3digo Penal y se establecen otras disposiciones. En su art\u00edculo primero marca su objetivo principal que consiste en <em>&#8220;garantizar la protecci\u00f3n de los derechos de una persona, grupo de personas, comunidad o pueblo, que son vulnerados a trav\u00e9s de actos de racismo o discriminaci\u00f3n&#8221;<\/em>.<\/p>\n<p style=\"text-align: justify;\">La Ley establece que el T\u00edtulo I del Libro II del C\u00f3digo Penal tendr\u00e1 un Cap\u00edtulo IX, concerniente a los actos de discriminaci\u00f3n, con 4 art\u00edculos que regulan la materia:<\/p>\n<p style=\"text-align: justify;\">134 A. Actos de Racismo o Discriminaci\u00f3n;<\/p>\n<p style=\"text-align: justify;\">134 B. Hostigamiento por\u00a0motivos\u00a0de\u00a0raza,\u00a0religi\u00f3n,\u00a0ideolog\u00eda pol\u00edtica u origen \u00e9tnico o cultural;<\/p>\n<p style=\"text-align: justify;\">134 C. Circunstancias\u00a0de\u00a0agravaci\u00f3n; y<\/p>\n<p style=\"text-align: justify;\">134 D. Circunstancias\u00a0de\u00a0Atenuaci\u00f3n\u00a0Punitiva.<\/p>\n<p style=\"text-align: justify;\">Define la discriminaci\u00f3n como todo acto que <em>&#8220;arbitrariamente impida, obstruya o restrinja el pleno ejercicio de los derechos de las personas por raz\u00f3n de su raza, nacionalidad, sexo u orientaci\u00f3n sexual\u201d, asimismo en su art\u00edculo tercero se declara que aquella persona que realice actos discriminatorios \u201cincurrir\u00e1 en prisi\u00f3n de doce (12) a treinta y seis (36) meses y multa de diez (10) a quince (15) salarios m\u00ednimos legales mensuales vigentes&#8221;<\/em>.<\/p>\n<p style=\"text-align: justify;\">Adem\u00e1s, la Ley N\u00ba 1.482 incorpora el art\u00edculo 102 al C\u00f3digo Penal sobre la apolog\u00eda del genocidio, este establece que <em>&#8220;el que por cualquier medio difunda ideas o doctrinas que propicien, promuevan, el genocidio o el antisemitismo o de alguna forma lo justifiquen o pretendan la rehabilitaci\u00f3n de reg\u00edmenes o instituciones que amparen pr\u00e1cticas generadoras de las mismas, incurrir\u00e1 en prisi\u00f3n de noventa y seis (96) a ciento ochenta (180) meses, multa de seiscientos sesenta y seis punto sesenta y seis (666.66) a mil quinientos (1.500) salarios m\u00ednimos legales mensuales vigentes, e inhabilitaci\u00f3n para el i ejercicio de derechos y funciones p\u00fablicas de ochenta (80) a ciento ochenta (180) meses&#8221;<\/em>.<\/p>\n<figure id=\"attachment_11220\" aria-describedby=\"caption-attachment-11220\" style=\"width: 700px\" class=\"wp-caption aligncenter\"><img loading=\"lazy\" decoding=\"async\" class=\"wp-image-11220 size-full\" src=\"https:\/\/elbibliote.com\/resources\/articulosdestacados\/wp-content\/uploads\/2019\/12\/1024px-Logo_Partido_MIRA.svg_.png\" alt=\"\" width=\"700\" height=\"318\" srcset=\"https:\/\/elbibliote.com\/resources\/articulosdestacados\/wp-content\/uploads\/2019\/12\/1024px-Logo_Partido_MIRA.svg_.png 700w, https:\/\/elbibliote.com\/resources\/articulosdestacados\/wp-content\/uploads\/2019\/12\/1024px-Logo_Partido_MIRA.svg_-300x136.png 300w\" sizes=\"(max-width: 700px) 100vw, 700px\" \/><figcaption id=\"caption-attachment-11220\" class=\"wp-caption-text\">La Ley fue una iniciativa del senador Carlos Baena, del movimiento pol\u00edtico Mira y se aprob\u00f3 en septiembre de 2011 por el Congreso tras una conciliaci\u00f3n.<\/figcaption><\/figure>\n<h2 style=\"text-align: justify;\">Ley N\u00ba 1.346: Por medio del cual se aprueba la Convenci\u00f3n sobre los Derechos de las Personas con Discapacidad<\/h2>\n<p style=\"text-align: justify;\"><em>Promulgada el 31 de julio de 2009.<\/em><\/p>\n<p style=\"text-align: justify;\">Esta ley aclara en su primer art\u00edculo que tiene por prop\u00f3sito <em>&#8220;promover, proteger y asegurar el goce pleno y en condiciones de igualdad de todos los derechos humanos y libertades fundamentales por todas las personas con discapacidad, y promover el respeto de su dignidad inherente\u201d. <\/em>Del mismo modo, establece que las personas con discapacidad <em>\u201cincluyen a aquellas que tengan deficiencias f\u00edsicas, mentales, intelectuales o sensoriales a largo plazo que, al interactuar con diversas barreras, puedan impedir su participaci\u00f3n plena y efectiva en la sociedad, en igualdad de condiciones con las dem\u00e1s&#8221;<\/em>.<\/p>\n<p style=\"text-align: justify;\">Asimismo, esta norma de 50 art\u00edculos, define la <em>&#8220;discriminaci\u00f3n por motivos de discapacidad\u201d como \u201ccualquier distinci\u00f3n, exclusi\u00f3n o restricci\u00f3n por motivos de discapacidad que tenga el prop\u00f3sito o el efecto de obstaculizar o dejar sin efecto el reconocimiento, goce o ejercicio, en igualdad de condiciones, de todos los derechos humanos y libertades fundamentales en los \u00e1mbitos pol\u00edtico, econ\u00f3mico, social, cultural, civil o de otro tipo. Incluye todas las formas de discriminaci\u00f3n, entre ellas, la denegaci\u00f3n de ajustes razonables&#8221;<\/em>.<\/p>\n<p style=\"text-align: justify;\">Tambi\u00e9n aprueba la &#8220;Convenci\u00f3n sobre los Derechos de las Personas con Discapacidad&#8221;, adoptada por la Asamblea General de las Naciones Unidas el 13 de diciembre de 2006 y obliga al pa\u00eds a perfeccionar el v\u00ednculo internacional respecto de la misma.<\/p>\n<figure id=\"attachment_11221\" aria-describedby=\"caption-attachment-11221\" style=\"width: 700px\" class=\"wp-caption aligncenter\"><img loading=\"lazy\" decoding=\"async\" class=\"wp-image-11221 size-full\" src=\"https:\/\/elbibliote.com\/resources\/articulosdestacados\/wp-content\/uploads\/2019\/12\/iStock-1133794027.jpg\" alt=\"\" width=\"700\" height=\"467\" srcset=\"https:\/\/elbibliote.com\/resources\/articulosdestacados\/wp-content\/uploads\/2019\/12\/iStock-1133794027.jpg 700w, https:\/\/elbibliote.com\/resources\/articulosdestacados\/wp-content\/uploads\/2019\/12\/iStock-1133794027-300x200.jpg 300w\" sizes=\"(max-width: 700px) 100vw, 700px\" \/><figcaption id=\"caption-attachment-11221\" class=\"wp-caption-text\">En 2018, el alto consejero presidencial para la Discapacidad, Jairo Clopatofsky confirm\u00f3 que, \u201cse estima que el 15 % de la poblaci\u00f3n mundial son m\u00e1s de 1.200 millones de habitantes en la tierra y solamente 200 millones tienen alg\u00fan tipo de discapacidad severa\u201d.<\/figcaption><\/figure>\n<h2 style=\"text-align: justify;\">Ley N\u00ba 1.618: Por medio de la cual se establecen las disposiciones para garantizar el pleno ejercicio de los derechos de las personas con discapacidad<\/h2>\n<p style=\"text-align: justify;\"><em>Promulgada el 27 de febrero de 2013.<\/em><\/p>\n<p style=\"text-align: justify;\">Es una ley estatutaria que establece las disposiciones para garantizar el pleno ejercicio de los derechos de las personas con discapacidad. El objeto de esta ley, tal como lo expresa su art\u00edculo primero, t\u00edtulo primero es <em>&#8220;garantizar y asegurar el ejercicio efectivo de los derechos de las personas con discapacidad, mediante la adopci\u00f3n de medidas de inclusi\u00f3n, acci\u00f3n afirmativa y de ajustes razonables y eliminando toda forma de discriminaci\u00f3n por raz\u00f3n de discapacidad, en concordancia con la Ley\u00a0N\u00ba 1.346\u00a0de 2009&#8221;<\/em>.<\/p>\n<p style=\"text-align: justify;\">La normativa trata algunas definiciones y principios b\u00e1sicos relacionados a la discriminaci\u00f3n (T\u00edtulo II), las obligaciones del estado y la sociedad (T\u00edtulo III), las medidas para la garant\u00eda del ejercicio efectivo de los derechos de las personas con discapacidad (T\u00edtulo IV) y disposiciones finales (T\u00edtulo V).<\/p>\n<figure id=\"attachment_11222\" aria-describedby=\"caption-attachment-11222\" style=\"width: 700px\" class=\"wp-caption aligncenter\"><img loading=\"lazy\" decoding=\"async\" class=\"wp-image-11222 size-full\" src=\"https:\/\/elbibliote.com\/resources\/articulosdestacados\/wp-content\/uploads\/2019\/12\/iStock-1131734738.jpg\" alt=\"\" width=\"700\" height=\"468\" srcset=\"https:\/\/elbibliote.com\/resources\/articulosdestacados\/wp-content\/uploads\/2019\/12\/iStock-1131734738.jpg 700w, https:\/\/elbibliote.com\/resources\/articulosdestacados\/wp-content\/uploads\/2019\/12\/iStock-1131734738-300x201.jpg 300w\" sizes=\"(max-width: 700px) 100vw, 700px\" \/><figcaption id=\"caption-attachment-11222\" class=\"wp-caption-text\">Esta Ley se basa en los principios de dignidad humana, respeto, autonom\u00eda individual, independencia, igualdad, justicia, inclusi\u00f3n, accesibilidad, diversidad y respeto y aceptaci\u00f3n a la diferencia.<\/figcaption><\/figure>\n","protected":false},"excerpt":{"rendered":"<p>La discriminaci\u00f3n es un fen\u00f3meno social en el que se le da un trato distinto a un individuo por razones injustificadas. En Colombia se han implementado diversas normativas en rechazo a este tipo de comportamiento, en especial cuando se trata de raza o discapacidad.<\/p>\n","protected":false},"author":13,"featured_media":0,"comment_status":"closed","ping_status":"closed","sticky":false,"template":"","format":"standard","meta":{"footnotes":""},"categories":[9,17],"tags":[9079,9077,9081,9078,9080,3440,96,2106,98,9076,929,4424,5238,968,2461,2462],"_links":{"self":[{"href":"https:\/\/elbibliote.com\/resources\/articulosdestacados\/index.php?rest_route=\/wp\/v2\/posts\/10974"}],"collection":[{"href":"https:\/\/elbibliote.com\/resources\/articulosdestacados\/index.php?rest_route=\/wp\/v2\/posts"}],"about":[{"href":"https:\/\/elbibliote.com\/resources\/articulosdestacados\/index.php?rest_route=\/wp\/v2\/types\/post"}],"author":[{"embeddable":true,"href":"https:\/\/elbibliote.com\/resources\/articulosdestacados\/index.php?rest_route=\/wp\/v2\/users\/13"}],"replies":[{"embeddable":true,"href":"https:\/\/elbibliote.com\/resources\/articulosdestacados\/index.php?rest_route=%2Fwp%2Fv2%2Fcomments&post=10974"}],"version-history":[{"count":3,"href":"https:\/\/elbibliote.com\/resources\/articulosdestacados\/index.php?rest_route=\/wp\/v2\/posts\/10974\/revisions"}],"predecessor-version":[{"id":19666,"href":"https:\/\/elbibliote.com\/resources\/articulosdestacados\/index.php?rest_route=\/wp\/v2\/posts\/10974\/revisions\/19666"}],"wp:attachment":[{"href":"https:\/\/elbibliote.com\/resources\/articulosdestacados\/index.php?rest_route=%2Fwp%2Fv2%2Fmedia&parent=10974"}],"wp:term":[{"taxonomy":"category","embeddable":true,"href":"https:\/\/elbibliote.com\/resources\/articulosdestacados\/index.php?rest_route=%2Fwp%2Fv2%2Fcategories&post=10974"},{"taxonomy":"post_tag","embeddable":true,"href":"https:\/\/elbibliote.com\/resources\/articulosdestacados\/index.php?rest_route=%2Fwp%2Fv2%2Ftags&post=10974"}],"curies":[{"name":"wp","href":"https:\/\/api.w.org\/{rel}","templated":true}]}}