{"id":11307,"date":"2020-01-21T16:23:31","date_gmt":"2020-01-21T19:23:31","guid":{"rendered":"http:\/\/elbibliote.com\/resources\/articulosdestacados\/?p=11307"},"modified":"2020-06-01T09:24:23","modified_gmt":"2020-06-01T12:24:23","slug":"arte-figurativo-y-arte-abstracto","status":"publish","type":"post","link":"https:\/\/elbibliote.com\/resources\/articulosdestacados\/?p=11307","title":{"rendered":"Arte figurativo y arte abstracto"},"content":{"rendered":"<p style=\"text-align: justify;\"><span style=\"color: #808080;\"><em>El hombre dio paso al arte al querer plasmar para la posteridad todo aquello que percib\u00eda y sent\u00eda.<\/em><\/span><em style=\"color: #808080;\">\u00a0Sin embargo, y como la misma naturaleza del arte indica, la percepci\u00f3n y los sentimientos nunca son iguales para cada persona. Es por ello que surgen dos estilos art\u00edsticos muy diferentes y opuestos entre s\u00ed que involucran la subjetividad del autor: el arte figurativo y el arte abstracto.<\/em><\/p>\n<table style=\"width: 775px;\">\n<tbody>\n<tr style=\"height: 21px;\">\n<td style=\"height: 21px; width: 95px;\"><\/td>\n<td style=\"height: 21px; width: 10px;\"><strong>Arte figurativo<\/strong><\/td>\n<td style=\"height: 21px; width: 608px;\"><strong>Arte abstracto<\/strong><\/td>\n<\/tr>\n<tr style=\"height: 66px;\">\n<td style=\"height: 66px; width: 95px;\"><strong>Descripci\u00f3n<\/strong><\/td>\n<td style=\"height: 66px; width: 10px;\">Tipo de arte en donde los seres, objetos, emociones y dem\u00e1s aspectos de la vida son representados de forma que son inmediatamente reconocibles por nuestros ojos y f\u00e1cilmente asociados a aquello que conocemos.<\/td>\n<td style=\"height: 66px; width: 608px;\">Tipo de arte en donde los seres, objetos, emociones y dem\u00e1s aspectos de la vida son representados seg\u00fan la interpretaci\u00f3n subjetiva del autor, por lo que esas representaciones podr\u00edan no ser f\u00e1cilmente asociadas a lo que conocemos.<\/td>\n<\/tr>\n<tr style=\"height: 21px;\">\n<td style=\"height: 21px; width: 95px;\"><strong>Origen<\/strong><\/td>\n<td style=\"height: 21px; width: 10px;\">\u00c9poca prehist\u00f3rica.<\/td>\n<td style=\"height: 21px; width: 608px;\">Siglo XIX.<\/td>\n<\/tr>\n<tr style=\"height: 42px;\">\n<td style=\"height: 42px; width: 95px;\"><strong>Elementos predominantes<\/strong><\/td>\n<td style=\"height: 42px; width: 10px;\">Figuras que el autor quiera representar.<\/td>\n<td style=\"height: 42px; width: 608px;\">Trazos, figuras geom\u00e9tricas y colores.<\/td>\n<\/tr>\n<tr style=\"height: 42px;\">\n<td style=\"height: 42px; width: 95px;\"><strong>Formas de representaci\u00f3n<\/strong><\/td>\n<td style=\"height: 42px; width: 10px;\">Principalmente pintura y escultura.<\/td>\n<td style=\"height: 42px; width: 608px;\">Principalmente pintura y escultura.<\/td>\n<\/tr>\n<tr style=\"height: 42px;\">\n<td style=\"height: 42px; width: 95px;\"><strong>Tipos<\/strong><\/td>\n<td style=\"height: 42px; width: 10px;\">\n<ul>\n<li>Cubismo<\/li>\n<li>Clasicismo<\/li>\n<li>Expresionismo<\/li>\n<li>Impresionismo<\/li>\n<li>Paisajismo<\/li>\n<li>Realismo<\/li>\n<li>Surrealismo<\/li>\n<\/ul>\n<\/td>\n<td style=\"height: 42px; width: 608px;\">\n<ul>\n<li>Abstracci\u00f3n l\u00edrica<\/li>\n<li>Constructivismo<\/li>\n<li>Expresionismo abstracto<\/li>\n<li>Informalismo<\/li>\n<li>Neoplasticismo<\/li>\n<li>Simultane\u00edsmo<\/li>\n<li>Suprematismo<\/li>\n<\/ul>\n<\/td>\n<\/tr>\n<tr style=\"height: 42px;\">\n<td style=\"height: 42px; width: 95px;\"><strong>Representantes destacados<\/strong><\/td>\n<td style=\"height: 42px; width: 10px;\">\n<ul>\n<li>Claude Monet<\/li>\n<li>Francisco Goya<\/li>\n<li>Leonardo da Vinci<\/li>\n<li>Michelangelo Buonarroti<\/li>\n<li>Raffaello Sanzio<\/li>\n<li>Salvador Dal\u00ed<\/li>\n<li>Sandro Botticelli<\/li>\n<li>Vincent van Gogh<\/li>\n<\/ul>\n<\/td>\n<td style=\"height: 42px; width: 608px;\">\n<ul>\n<li>Georgia O\u2019 Keeffe<\/li>\n<li>Hilma af Klint<\/li>\n<li>Jackson Pollock<\/li>\n<li>Kazimir Malevich<\/li>\n<li>Piet Mondriat<\/li>\n<li>Robert Delaunay<\/li>\n<li>Theo Van Doesburg<\/li>\n<li>Wassily Kandinsky<\/li>\n<\/ul>\n<\/td>\n<\/tr>\n<tr style=\"height: 42px;\">\n<td style=\"height: 42px; width: 95px;\"><strong>Obras destacadas<\/strong><\/td>\n<td style=\"height: 42px; width: 10px;\">\n<ul>\n<li><em>Autorretrato de van Gogh<\/em> (1889)<\/li>\n<li><em>Ba\u00f1istas en el Sena<\/em> (1875)<\/li>\n<li><em>David<\/em> (1504)<\/li>\n<li><em>El Grito<\/em> (1893)<\/li>\n<li><em>El pensador<\/em> (1902)<\/li>\n<li><em>La creaci\u00f3n de Ad\u00e1n<\/em> (1512)<\/li>\n<li><em>Las Meninas<\/em> (1656)<\/li>\n<li><em>La persistencia de la Memoria<\/em> (1931)<\/li>\n<li><em>La \u00daltima Cena<\/em> (1497)<\/li>\n<li><em>Mona Lisa<\/em> (1503)<\/li>\n<\/ul>\n<\/td>\n<td style=\"height: 42px; width: 608px;\">\n<ul>\n<li><em>Broadway Boogie Woogie<\/em> (1943)<\/li>\n<li><em>Composici\u00f3n 8<\/em> (1923)<\/li>\n<li><em>Cuadrado Negro<\/em> (1915)<\/li>\n<li><em>Flamingo<\/em> (1974)<\/li>\n<li><em>Iris Negro III<\/em> (1926)<\/li>\n<li><em>L\u00ednea transversal<\/em> (1923)<\/li>\n<li><em>Mujer I<\/em> (1952)<\/li>\n<li><em>N\u00famero 5<\/em> (1948)<\/li>\n<li><em>Naturaleza muerta con zapato viejo<\/em> (1937)<\/li>\n<li><em>Ritmo, alegr\u00eda de la vida<\/em> (1930)<\/li>\n<\/ul>\n<\/td>\n<\/tr>\n<tr style=\"height: 42px;\">\n<td style=\"height: 42px; width: 95px;\"><strong>Ejemplos<\/strong><\/td>\n<td style=\"height: 42px; width: 10px;\"><img loading=\"lazy\" decoding=\"async\" class=\"aligncenter size-full wp-image-11465\" src=\"https:\/\/elbibliote.com\/resources\/articulosdestacados\/wp-content\/uploads\/2020\/01\/Eismann_Johann_Anton_-_Ein_Meerhafen.jpg\" alt=\"\" width=\"300\" height=\"242\" \/><em>Ein Meerhafen\u00a0<\/em>(Un puerto mar\u00edtimo),\u00a0siglo XVII &#8211; Johann Anton Eismann<\/p>\n<p>&nbsp;<\/p>\n<p>&nbsp;<\/p>\n<p>&nbsp;<\/p>\n<p><img loading=\"lazy\" decoding=\"async\" class=\"aligncenter size-full wp-image-11467\" src=\"https:\/\/elbibliote.com\/resources\/articulosdestacados\/wp-content\/uploads\/2020\/01\/Jacques-Louis_David_-_Oath_of_the_Horatii_-_Google_Art_Project.jpg\" alt=\"\" width=\"300\" height=\"234\" \/><\/p>\n<p><em>Le Serment des Horaces<\/em>\u00a0(Juramento de los Horacios), 1784 &#8211;\u00a0Jacques-Louis David<\/p>\n<p>&nbsp;<\/p>\n<p><img loading=\"lazy\" decoding=\"async\" class=\"aligncenter size-full wp-image-11468\" src=\"https:\/\/elbibliote.com\/resources\/articulosdestacados\/wp-content\/uploads\/2020\/01\/Monet_-_Regen_bei_Eretat.jpg\" alt=\"\" width=\"300\" height=\"253\" \/><\/p>\n<p><i>Regen bei Eretat\u00a0<\/i>(Lluvia en \u00c9tretat), 1886 &#8211; Claude Monet<\/td>\n<td style=\"height: 42px; width: 608px;\"><img loading=\"lazy\" decoding=\"async\" class=\"aligncenter size-full wp-image-11470\" src=\"https:\/\/elbibliote.com\/resources\/articulosdestacados\/wp-content\/uploads\/2020\/01\/Robert_Delaunay_1913_Premier_Disque_134_cm_52.7_inches_Private_collection.jpg\" alt=\"\" width=\"300\" height=\"302\" srcset=\"https:\/\/elbibliote.com\/resources\/articulosdestacados\/wp-content\/uploads\/2020\/01\/Robert_Delaunay_1913_Premier_Disque_134_cm_52.7_inches_Private_collection.jpg 300w, https:\/\/elbibliote.com\/resources\/articulosdestacados\/wp-content\/uploads\/2020\/01\/Robert_Delaunay_1913_Premier_Disque_134_cm_52.7_inches_Private_collection-150x150.jpg 150w, https:\/\/elbibliote.com\/resources\/articulosdestacados\/wp-content\/uploads\/2020\/01\/Robert_Delaunay_1913_Premier_Disque_134_cm_52.7_inches_Private_collection-298x300.jpg 298w\" sizes=\"(max-width: 300px) 100vw, 300px\" \/><\/p>\n<p><em>Le Premier Disque\u00a0<\/em>(El primer disco), 1912-1913 &#8211; Robert Delaunay<\/p>\n<p><img loading=\"lazy\" decoding=\"async\" class=\"aligncenter size-full wp-image-11474\" src=\"https:\/\/elbibliote.com\/resources\/articulosdestacados\/wp-content\/uploads\/2020\/01\/Kandinsky_1913_Sans_titre_Etude_pour_Composition_VII_Premire_abstraction.jpg\" alt=\"\" width=\"300\" height=\"232\" \/><\/p>\n<p><em>Sin t\u00edtulo<\/em> (conocido como\u00a0<em>Composici\u00f3n VII<\/em>), 1913 &#8211;\u00a0Wassily Kandinsky<\/p>\n<p>&nbsp;<\/p>\n<p>&nbsp;<\/p>\n<p><img loading=\"lazy\" decoding=\"async\" class=\"aligncenter size-full wp-image-11476\" src=\"https:\/\/elbibliote.com\/resources\/articulosdestacados\/wp-content\/uploads\/2020\/01\/Arthur_Dove_1911-12_Based_on_Leaf_Forms_and_Spaces_pastel_on_unidentified_support._Now_lost.jpg\" alt=\"\" width=\"300\" height=\"364\" srcset=\"https:\/\/elbibliote.com\/resources\/articulosdestacados\/wp-content\/uploads\/2020\/01\/Arthur_Dove_1911-12_Based_on_Leaf_Forms_and_Spaces_pastel_on_unidentified_support._Now_lost.jpg 300w, https:\/\/elbibliote.com\/resources\/articulosdestacados\/wp-content\/uploads\/2020\/01\/Arthur_Dove_1911-12_Based_on_Leaf_Forms_and_Spaces_pastel_on_unidentified_support._Now_lost-247x300.jpg 247w\" sizes=\"(max-width: 300px) 100vw, 300px\" \/><\/p>\n<p><em>Based on Leaf Forms and Spaces<\/em> (Basado en formas y espacios de hojas), 1911-1912 &#8211; Arthur Dove<\/td>\n<\/tr>\n<\/tbody>\n<\/table>\n<p>&nbsp;<\/p>\n","protected":false},"excerpt":{"rendered":"<p>El hombre dio paso al arte al querer plasmar para la posteridad todo aquello que percib\u00eda y sent\u00eda.\u00a0Sin embargo, y como la misma naturaleza del arte indica, la percepci\u00f3n y los sentimientos nunca son iguales para cada persona. Es por ello que surgen dos estilos art\u00edsticos muy diferentes y opuestos entre s\u00ed que involucran la subjetividad del autor: el arte figurativo y el arte abstracto.<\/p>\n","protected":false},"author":18,"featured_media":0,"comment_status":"closed","ping_status":"closed","sticky":false,"template":"","format":"standard","meta":{"footnotes":""},"categories":[4,8686,8183],"tags":[9200,385,8714,7149,3839,2692,9199,9035,4538],"_links":{"self":[{"href":"https:\/\/elbibliote.com\/resources\/articulosdestacados\/index.php?rest_route=\/wp\/v2\/posts\/11307"}],"collection":[{"href":"https:\/\/elbibliote.com\/resources\/articulosdestacados\/index.php?rest_route=\/wp\/v2\/posts"}],"about":[{"href":"https:\/\/elbibliote.com\/resources\/articulosdestacados\/index.php?rest_route=\/wp\/v2\/types\/post"}],"author":[{"embeddable":true,"href":"https:\/\/elbibliote.com\/resources\/articulosdestacados\/index.php?rest_route=\/wp\/v2\/users\/18"}],"replies":[{"embeddable":true,"href":"https:\/\/elbibliote.com\/resources\/articulosdestacados\/index.php?rest_route=%2Fwp%2Fv2%2Fcomments&post=11307"}],"version-history":[{"count":11,"href":"https:\/\/elbibliote.com\/resources\/articulosdestacados\/index.php?rest_route=\/wp\/v2\/posts\/11307\/revisions"}],"predecessor-version":[{"id":13181,"href":"https:\/\/elbibliote.com\/resources\/articulosdestacados\/index.php?rest_route=\/wp\/v2\/posts\/11307\/revisions\/13181"}],"wp:attachment":[{"href":"https:\/\/elbibliote.com\/resources\/articulosdestacados\/index.php?rest_route=%2Fwp%2Fv2%2Fmedia&parent=11307"}],"wp:term":[{"taxonomy":"category","embeddable":true,"href":"https:\/\/elbibliote.com\/resources\/articulosdestacados\/index.php?rest_route=%2Fwp%2Fv2%2Fcategories&post=11307"},{"taxonomy":"post_tag","embeddable":true,"href":"https:\/\/elbibliote.com\/resources\/articulosdestacados\/index.php?rest_route=%2Fwp%2Fv2%2Ftags&post=11307"}],"curies":[{"name":"wp","href":"https:\/\/api.w.org\/{rel}","templated":true}]}}