{"id":11400,"date":"2020-01-22T15:51:39","date_gmt":"2020-01-22T18:51:39","guid":{"rendered":"http:\/\/elbibliote.com\/resources\/articulosdestacados\/?p=11400"},"modified":"2021-08-17T14:24:01","modified_gmt":"2021-08-17T17:24:01","slug":"keynesianismo-y-neoliberalismo","status":"publish","type":"post","link":"https:\/\/elbibliote.com\/resources\/articulosdestacados\/?p=11400","title":{"rendered":"Keynesianismo y Neoliberalismo"},"content":{"rendered":"<p><span style=\"color: #808080;\"><em>Son los dos principales modelos econ\u00f3micos de la segunda mitad del siglo XX. En el siguiente cuadro conocer\u00e1s qu\u00e9 propone cada uno de ellos y las profundas diferencias que los separan. <\/em><\/span><\/p>\n<table style=\"width: 584.5px;\">\n<tbody>\n<tr style=\"height: 37.6px;\">\n<td style=\"height: 37.6px; width: 144px;\"><\/td>\n<td style=\"text-align: center; height: 37.6px; width: 153px;\"><strong>KEYNESIANISMO<\/strong><\/td>\n<td style=\"text-align: center; height: 37.6px; width: 226.5px;\"><strong>NEOLIBERALISMO<\/strong><\/td>\n<\/tr>\n<tr style=\"height: 20px;\">\n<td style=\"height: 20px; width: 144px;\"><strong>Significado del nombre<\/strong><\/td>\n<td style=\"height: 20px; width: 153px;\">El t\u00e9rmino se deriva del apellido de John Maynard Keynes, economista brit\u00e1nico que vivi\u00f3 entre 1883 y 1946.<\/p>\n<p>&nbsp;<\/p>\n<p><span style=\"color: #ff0000; background-color: #ffff00;\"><img loading=\"lazy\" decoding=\"async\" class=\"aligncenter size-full wp-image-11553\" src=\"https:\/\/elbibliote.com\/resources\/articulosdestacados\/wp-content\/uploads\/2020\/01\/John_Maynard_Keynes.jpg\" alt=\"\" width=\"250\" height=\"300\" \/><\/span><\/td>\n<td style=\"height: 20px; width: 226.5px;\">Est\u00e1 formado por el prefijo &#8220;neo-&#8221; y el sustantivo &#8220;liberalismo&#8221;, y quiere decir nuevo liberalismo.<\/p>\n<p>&nbsp;<\/p>\n<p><img loading=\"lazy\" decoding=\"async\" class=\"aligncenter size-full wp-image-11628\" src=\"https:\/\/elbibliote.com\/resources\/articulosdestacados\/wp-content\/uploads\/2020\/01\/Portrait_of_Milton_Friedman.jpg\" alt=\"\" width=\"250\" height=\"312\" srcset=\"https:\/\/elbibliote.com\/resources\/articulosdestacados\/wp-content\/uploads\/2020\/01\/Portrait_of_Milton_Friedman.jpg 250w, https:\/\/elbibliote.com\/resources\/articulosdestacados\/wp-content\/uploads\/2020\/01\/Portrait_of_Milton_Friedman-240x300.jpg 240w\" sizes=\"(max-width: 250px) 100vw, 250px\" \/><br \/>\nLa obra de Milton Friedman (1912 &#8211; 2006), economista estadounidense, es considerada uno de los principales pilares del neoliberalismo.<\/td>\n<\/tr>\n<tr style=\"height: 20px;\">\n<td style=\"height: 20px; width: 144px;\"><strong>Definici\u00f3n<\/strong><\/td>\n<td style=\"height: 20px; width: 153px;\">Es una teor\u00eda econ\u00f3mica que propone la intervenci\u00f3n del Estado, a trav\u00e9s del est\u00edmulo de la demanda, como medida para superar las crisis que c\u00edclicamente afectan a las econom\u00edas capitalistas. Los elementos fundamentales de esta corriente de pensamiento se encuentran en el libro\u00a0<em>Teor\u00eda general de la ocupaci\u00f3n, el inter\u00e9s y el dinero\u00a0<\/em>(1936), de Keynes.<\/td>\n<td style=\"height: 20px; width: 226.5px;\">Es una teor\u00eda econ\u00f3mico-social que pretende limitar al m\u00ednimo la participaci\u00f3n del Estado en la econom\u00eda de un pa\u00eds. Afirma que esta \u00faltima debe estar controlada por expertos con formaci\u00f3n t\u00e9cnica en el \u00e1rea econ\u00f3mica, y no por pol\u00edticos.<\/td>\n<\/tr>\n<tr style=\"height: 5px;\">\n<td style=\"height: 5px; width: 144px;\"><strong>Principales caracter\u00edsticas<\/strong><\/td>\n<td style=\"height: 5px; width: 153px;\">\n<ul>\n<li>Sostiene que la pol\u00edtica econ\u00f3mica era la herramienta clave para sacar a un pa\u00eds de la crisis.<\/li>\n<li>Afirma que es responsabilidad de los gobiernos tratar de estimular la demanda que hay en la econom\u00eda.<\/li>\n<li>La mejor manera de lograr esto \u00faltimo es utilizar la pol\u00edtica fiscal, el d\u00e9ficit p\u00fablico.<\/li>\n<li>El Estado debe cumplir el papel de facilitador en la econom\u00eda y garantizar el pleno empleo.<\/li>\n<\/ul>\n<\/td>\n<td style=\"height: 5px; width: 226.5px;\">\n<ul>\n<li>Apoya la privatizaci\u00f3n, es decir, el paso a manos privadas de actividades econ\u00f3micas normalmente realizadas por el Estado (el servicio el\u00e9ctrico, la telefon\u00eda y la administraci\u00f3n de penitenciar\u00edas, entre otras).<\/li>\n<li>Propone el librecomercio entre pa\u00edses, es decir, el libre tr\u00e1nsito de mercanc\u00edas, capitales y flujos financieros a trav\u00e9s de las fronteras.<\/li>\n<\/ul>\n<\/td>\n<\/tr>\n<tr style=\"height: 20px;\">\n<td style=\"height: 20px; width: 144px;\"><strong>Desempleo<\/strong><\/td>\n<td style=\"height: 20px; width: 153px;\">Sucede cuando las empresas, debido a la disminuci\u00f3n de la demanda, producen a una proporci\u00f3n menor a su capacidad m\u00e1xima y, por tanto, prescinden de una parte de su fuerza laboral.<\/td>\n<td style=\"height: 20px; width: 226.5px;\">Las empresas deben tener la mayor libertad de acci\u00f3n posible y responder solo a unas pocas reglas imprescindibles. Las mismas deben poder contratar y desincorporar personal de manera libre y eficiente.<\/td>\n<\/tr>\n<tr style=\"height: 20px;\">\n<td style=\"height: 20px; width: 144px;\"><strong>Demanda<\/strong><\/td>\n<td style=\"height: 20px; width: 153px;\">Seg\u00fan Keynes, las crisis econ\u00f3micas tienen su origen en la disminuci\u00f3n de los salarios, lo cual a su vez disminuye la demanda y el consumo. Para elevarla nuevamente, no s\u00f3lo se requiere un incremento en el gasto p\u00fablico, sino otros instrumentos de pol\u00edtica econ\u00f3mica, como la pol\u00edtica fiscal.<\/td>\n<td style=\"height: 20px; width: 226.5px;\">Propone aumentar los impuestos al consumo, pero disminuirlos en lo relativo a la producci\u00f3n y la renta.<\/td>\n<\/tr>\n<tr style=\"height: 20px;\">\n<td style=\"height: 20px; width: 144px;\"><strong>Mercado<\/strong><\/td>\n<td style=\"height: 20px; width: 153px;\">Al proponer la intervenci\u00f3n del Estado en la econom\u00eda, el keynesianismo se opone a la teor\u00eda liberal cl\u00e1sica, la cual establece que los ciclos econ\u00f3micos son regulados por el mercado.<\/td>\n<td style=\"height: 20px; width: 226.5px;\">Lo ideal para el neoliberalismo es que el Estado s\u00f3lo participara en la econom\u00eda lo m\u00ednimo imprescindible para garantizar el respeto a la propiedad privada y la seguridad jur\u00eddica de los inversores. De todo lo dem\u00e1s se encarga el mercado.<\/td>\n<\/tr>\n<\/tbody>\n<\/table>\n<p>&nbsp;<\/p>\n","protected":false},"excerpt":{"rendered":"<p>Son los dos principales modelos econ\u00f3micos de la segunda mitad del siglo XX. En el siguiente cuadro conocer\u00e1s qu\u00e9 propone cada uno de ellos y las profundas diferencias que los separan. <\/p>\n","protected":false},"author":1,"featured_media":0,"comment_status":"closed","ping_status":"closed","sticky":false,"template":"","format":"standard","meta":{"footnotes":""},"categories":[9,8686],"tags":[7751,4351,4346,3327,9225,3326,9224,7170,9256,9257],"_links":{"self":[{"href":"https:\/\/elbibliote.com\/resources\/articulosdestacados\/index.php?rest_route=\/wp\/v2\/posts\/11400"}],"collection":[{"href":"https:\/\/elbibliote.com\/resources\/articulosdestacados\/index.php?rest_route=\/wp\/v2\/posts"}],"about":[{"href":"https:\/\/elbibliote.com\/resources\/articulosdestacados\/index.php?rest_route=\/wp\/v2\/types\/post"}],"author":[{"embeddable":true,"href":"https:\/\/elbibliote.com\/resources\/articulosdestacados\/index.php?rest_route=\/wp\/v2\/users\/1"}],"replies":[{"embeddable":true,"href":"https:\/\/elbibliote.com\/resources\/articulosdestacados\/index.php?rest_route=%2Fwp%2Fv2%2Fcomments&post=11400"}],"version-history":[{"count":16,"href":"https:\/\/elbibliote.com\/resources\/articulosdestacados\/index.php?rest_route=\/wp\/v2\/posts\/11400\/revisions"}],"predecessor-version":[{"id":19227,"href":"https:\/\/elbibliote.com\/resources\/articulosdestacados\/index.php?rest_route=\/wp\/v2\/posts\/11400\/revisions\/19227"}],"wp:attachment":[{"href":"https:\/\/elbibliote.com\/resources\/articulosdestacados\/index.php?rest_route=%2Fwp%2Fv2%2Fmedia&parent=11400"}],"wp:term":[{"taxonomy":"category","embeddable":true,"href":"https:\/\/elbibliote.com\/resources\/articulosdestacados\/index.php?rest_route=%2Fwp%2Fv2%2Fcategories&post=11400"},{"taxonomy":"post_tag","embeddable":true,"href":"https:\/\/elbibliote.com\/resources\/articulosdestacados\/index.php?rest_route=%2Fwp%2Fv2%2Ftags&post=11400"}],"curies":[{"name":"wp","href":"https:\/\/api.w.org\/{rel}","templated":true}]}}