{"id":11501,"date":"2020-01-28T17:36:55","date_gmt":"2020-01-28T20:36:55","guid":{"rendered":"http:\/\/elbibliote.com\/resources\/articulosdestacados\/?p=11501"},"modified":"2022-05-13T17:17:23","modified_gmt":"2022-05-13T20:17:23","slug":"leyes-contra-la-discriminacion-en-el-salvador","status":"publish","type":"post","link":"https:\/\/elbibliote.com\/resources\/articulosdestacados\/?p=11501","title":{"rendered":"Leyes contra la discriminaci\u00f3n en El Salvador"},"content":{"rendered":"<p style=\"text-align: justify;\"><em>La Declaraci\u00f3n Universal de los Derechos Humanos establece que todas las personas tienen derecho a las libertades sin alg\u00fan tipo de distinci\u00f3n. Del mismo modo, la Rep\u00fablica de El Salvador dispone de un marco legal que garantiza estas libertades a sus ciudadanos.<\/em><\/p>\n<figure id=\"attachment_11547\" aria-describedby=\"caption-attachment-11547\" style=\"width: 700px\" class=\"wp-caption aligncenter\"><img loading=\"lazy\" decoding=\"async\" class=\"wp-image-11547 size-full\" src=\"https:\/\/elbibliote.com\/resources\/articulosdestacados\/wp-content\/uploads\/2020\/01\/iStock-955158590.jpg\" alt=\"\" width=\"700\" height=\"467\" srcset=\"https:\/\/elbibliote.com\/resources\/articulosdestacados\/wp-content\/uploads\/2020\/01\/iStock-955158590.jpg 700w, https:\/\/elbibliote.com\/resources\/articulosdestacados\/wp-content\/uploads\/2020\/01\/iStock-955158590-300x200.jpg 300w\" sizes=\"(max-width: 700px) 100vw, 700px\" \/><figcaption id=\"caption-attachment-11547\" class=\"wp-caption-text\">El Informe sobre Desarrollo Humano El Salvador 2018 indic\u00f3 que el 23 % de las personas j\u00f3venes se han sentido discriminadas en su lugar de trabajo.<\/figcaption><\/figure>\n<h2 style=\"text-align: justify;\"><strong>Constituci\u00f3n de la Rep\u00fablica de el Salvador<\/strong><\/h2>\n<p style=\"text-align: justify;\">Esta m\u00e1xima norma jur\u00eddica y pol\u00edtica determina en su tercer art\u00edculo que &#8220;<em>todas las personas son iguales ante la ley. Para el goce de los derechos civiles no podr\u00e1n establecerse restricciones que se basen en diferencias de nacionalidad, raza, sexo o religi\u00f3n\u201d. <\/em>Tambi\u00e9n afirma que <em>\u201cno se reconocen empleos ni privilegios hereditarios&#8221;<\/em>.<\/p>\n<p style=\"text-align: justify;\">En el primer apartado de su art\u00edculo 38 se fija el principio de igualdad de remuneraci\u00f3n al declarar que &#8220;<em>en una misma empresa o establecimiento y en id\u00e9nticas circunstancias, a trabajo igual debe corresponder igual remuneraci\u00f3n al trabajador, cualquiera que sea su sexo, raza, credo o nacionalidad&#8221;<\/em>.<\/p>\n<h2 style=\"text-align: justify;\"><strong>Ley de igualdad, equidad y erradicaci\u00f3n de la discriminaci\u00f3n contra las mujeres<\/strong><\/h2>\n<p style=\"text-align: justify;\">Esta ley tiene por objeto &#8220;<em>crear las bases jur\u00eddicas expl\u00edcitas que orientar\u00e1n el dise\u00f1o y ejecuci\u00f3n de las pol\u00edticas p\u00fablicas que garantizar\u00e1n la igualdad real y efectiva de mujeres y hombres, sin ning\u00fan tipo de discriminaci\u00f3n, en el ejercicio y goce de los derechos consagrados legalmente&#8221;. <\/em><\/p>\n<p style=\"text-align: justify;\">La norma es de inter\u00e9s social y de aplicaci\u00f3n general, es decir, abarca todas las esferas de la vida social, econ\u00f3mica, pol\u00edtica y cultural del pa\u00eds.<\/p>\n<figure id=\"attachment_11548\" aria-describedby=\"caption-attachment-11548\" style=\"width: 700px\" class=\"wp-caption aligncenter\"><img loading=\"lazy\" decoding=\"async\" class=\"wp-image-11548 size-full\" src=\"https:\/\/elbibliote.com\/resources\/articulosdestacados\/wp-content\/uploads\/2020\/01\/iStock-518152833.jpg\" alt=\"\" width=\"700\" height=\"467\" srcset=\"https:\/\/elbibliote.com\/resources\/articulosdestacados\/wp-content\/uploads\/2020\/01\/iStock-518152833.jpg 700w, https:\/\/elbibliote.com\/resources\/articulosdestacados\/wp-content\/uploads\/2020\/01\/iStock-518152833-300x200.jpg 300w\" sizes=\"(max-width: 700px) 100vw, 700px\" \/><figcaption id=\"caption-attachment-11548\" class=\"wp-caption-text\">Esta ley, aprobada en marzo de 2011 por la Asamblea Legislativa de El Salvador, obliga a las instituciones del Estado a realizar acciones para lograr la igualdad de mujeres y hombres en todos los \u00e1mbitos de la vida.<\/figcaption><\/figure>\n<figure id=\"attachment_11549\" aria-describedby=\"caption-attachment-11549\" style=\"width: 700px\" class=\"wp-caption aligncenter\"><img loading=\"lazy\" decoding=\"async\" class=\"wp-image-11549 size-full\" src=\"https:\/\/elbibliote.com\/resources\/articulosdestacados\/wp-content\/uploads\/2020\/01\/iStock-1062830760.jpg\" alt=\"\" width=\"700\" height=\"467\" srcset=\"https:\/\/elbibliote.com\/resources\/articulosdestacados\/wp-content\/uploads\/2020\/01\/iStock-1062830760.jpg 700w, https:\/\/elbibliote.com\/resources\/articulosdestacados\/wp-content\/uploads\/2020\/01\/iStock-1062830760-300x200.jpg 300w\" sizes=\"(max-width: 700px) 100vw, 700px\" \/><figcaption id=\"caption-attachment-11549\" class=\"wp-caption-text\">Lorena Pe\u00f1a, presidenta del Grupo Parlamentario de Mujeres, dijo con respecto a este ley que &#8220;es un gran paso en la defensa de las mujeres, porque se establecen criterios importantes como el trato no discriminatorio en el \u00e1mbito laboral o la obligatoriedad de promover la participaci\u00f3n pol\u00edtica de las mujeres en los procesos electorales y al interior de las organizaciones pol\u00edticas&#8221;.<\/figcaption><\/figure>\n<h2 style=\"text-align: justify;\"><strong>C\u00f3digo de Trabajo de la Rep\u00fablica de El Salvador<\/strong><\/h2>\n<p style=\"text-align: justify;\">Este reglamento laboral est\u00e1 enmarcado en otros instrumentos internacionales: la Declaraci\u00f3n Universal de Derechos Humanos, el Pacto Internacional de Derechos Civiles y Pol\u00edticos, el Pacto Internacional de Derechos Econ\u00f3micos, Sociales y Culturales, la Convenci\u00f3n Internacional sobre la Eliminaci\u00f3n de todas las Formas de Discriminaci\u00f3n Racial y la Convenci\u00f3n sobre la Eliminaci\u00f3n de todas las Formas de Discriminaci\u00f3n Contra la Mujer, entre otros.<\/p>\n<p style=\"text-align: justify;\">El principio de igualdad y no discriminaci\u00f3n arbitraria en el empleo y la ocupaci\u00f3n queda establecido en su art\u00edculo 12, el cual declara que &#8220;<em>el Estado velar\u00e1 por el respeto de los principios de igualdad de oportunidades y de trato en el empleo y la ocupaci\u00f3n, incluyendo el acceso a la formaci\u00f3n profesional&#8221;.<\/em><\/p>\n<p style=\"text-align: justify;\">Asimismo, el art\u00edculo 123 fija el principio de igualdad y no discriminaci\u00f3n salarial, dispone que &#8220;<em>los trabajadores que en una misma empresa o establecimiento y que en id\u00e9nticas circunstancias desarrollen una labor igual, devengar\u00e1n igual remuneraci\u00f3n cualquiera que sea su sexo, edad, raza, color, nacionalidad, opini\u00f3n pol\u00edtica o creencia religiosa&#8221;.<\/em><\/p>\n<figure id=\"attachment_11550\" aria-describedby=\"caption-attachment-11550\" style=\"width: 700px\" class=\"wp-caption aligncenter\"><img loading=\"lazy\" decoding=\"async\" class=\"wp-image-11550 size-full\" src=\"https:\/\/elbibliote.com\/resources\/articulosdestacados\/wp-content\/uploads\/2020\/01\/iStock-1131867747.jpg\" alt=\"\" width=\"700\" height=\"468\" srcset=\"https:\/\/elbibliote.com\/resources\/articulosdestacados\/wp-content\/uploads\/2020\/01\/iStock-1131867747.jpg 700w, https:\/\/elbibliote.com\/resources\/articulosdestacados\/wp-content\/uploads\/2020\/01\/iStock-1131867747-300x201.jpg 300w\" sizes=\"(max-width: 700px) 100vw, 700px\" \/><figcaption id=\"caption-attachment-11550\" class=\"wp-caption-text\">La Organizaci\u00f3n de Mujeres Salvadore\u00f1as por la Paz se\u00f1al\u00f3 en 2013 que el tipo de discriminaci\u00f3n m\u00e1s recurrente que sufren las mujeres es la discriminaci\u00f3n en el \u00e1mbito laboral.<\/figcaption><\/figure>\n","protected":false},"excerpt":{"rendered":"<p>La Declaraci\u00f3n Universal de los Derechos Humanos establece que todas las personas tienen derecho a las libertades sin alg\u00fan tipo de distinci\u00f3n. Del mismo modo, la Rep\u00fablica de El Salvador dispone de un marco legal que garantiza estas libertades a sus ciudadanos.<\/p>\n","protected":false},"author":13,"featured_media":0,"comment_status":"closed","ping_status":"closed","sticky":false,"template":"","format":"standard","meta":{"footnotes":""},"categories":[9],"tags":[9254,4750,98,9253,9255,432,106,7709,4424,2319,8427,115],"_links":{"self":[{"href":"https:\/\/elbibliote.com\/resources\/articulosdestacados\/index.php?rest_route=\/wp\/v2\/posts\/11501"}],"collection":[{"href":"https:\/\/elbibliote.com\/resources\/articulosdestacados\/index.php?rest_route=\/wp\/v2\/posts"}],"about":[{"href":"https:\/\/elbibliote.com\/resources\/articulosdestacados\/index.php?rest_route=\/wp\/v2\/types\/post"}],"author":[{"embeddable":true,"href":"https:\/\/elbibliote.com\/resources\/articulosdestacados\/index.php?rest_route=\/wp\/v2\/users\/13"}],"replies":[{"embeddable":true,"href":"https:\/\/elbibliote.com\/resources\/articulosdestacados\/index.php?rest_route=%2Fwp%2Fv2%2Fcomments&post=11501"}],"version-history":[{"count":7,"href":"https:\/\/elbibliote.com\/resources\/articulosdestacados\/index.php?rest_route=\/wp\/v2\/posts\/11501\/revisions"}],"predecessor-version":[{"id":19667,"href":"https:\/\/elbibliote.com\/resources\/articulosdestacados\/index.php?rest_route=\/wp\/v2\/posts\/11501\/revisions\/19667"}],"wp:attachment":[{"href":"https:\/\/elbibliote.com\/resources\/articulosdestacados\/index.php?rest_route=%2Fwp%2Fv2%2Fmedia&parent=11501"}],"wp:term":[{"taxonomy":"category","embeddable":true,"href":"https:\/\/elbibliote.com\/resources\/articulosdestacados\/index.php?rest_route=%2Fwp%2Fv2%2Fcategories&post=11501"},{"taxonomy":"post_tag","embeddable":true,"href":"https:\/\/elbibliote.com\/resources\/articulosdestacados\/index.php?rest_route=%2Fwp%2Fv2%2Ftags&post=11501"}],"curies":[{"name":"wp","href":"https:\/\/api.w.org\/{rel}","templated":true}]}}