{"id":11758,"date":"2020-03-20T16:23:52","date_gmt":"2020-03-20T19:23:52","guid":{"rendered":"http:\/\/elbibliote.com\/resources\/articulosdestacados\/?p=11758"},"modified":"2021-08-11T12:59:54","modified_gmt":"2021-08-11T15:59:54","slug":"simon-bolivar-y-jose-antonio-paez","status":"publish","type":"post","link":"https:\/\/elbibliote.com\/resources\/articulosdestacados\/?p=11758","title":{"rendered":"Sim\u00f3n Bol\u00edvar y Jos\u00e9 Antonio P\u00e1ez"},"content":{"rendered":"<p style=\"text-align: justify;\"><span style=\"color: #808080;\"><em>Venezuela ha sido la cuna\u00a0de grandes pr\u00f3ceres de la independencia nacional y regional. Dos de sus m\u00e1s grandes ejemplos son Sim\u00f3n Bol\u00edvar, &#8220;El Libertador&#8221;, y Jos\u00e9 Antonio P\u00e1ez, &#8220;El Centauro del Llano&#8221;, ambos reconocidos por su participaci\u00f3n en la emancipaci\u00f3n de Hispanoam\u00e9rica frente al Imperio espa\u00f1ol.<\/em><\/span><\/p>\n<table>\n<tbody>\n<tr>\n<td><\/td>\n<td style=\"text-align: center;\"><strong>Sim\u00f3n Bol\u00edvar<\/strong><\/td>\n<td style=\"text-align: center;\"><strong>Jos\u00e9 Antonio P\u00e1ez<\/strong><\/td>\n<\/tr>\n<tr>\n<td style=\"text-align: center;\"><strong>Nombre completo<\/strong><\/td>\n<td>Sim\u00f3n Jos\u00e9 Antonio de la Sant\u00edsima Trinidad Bol\u00edvar y Ponte Palacios y Blanco.<\/p>\n<p>&nbsp;<\/p>\n<p><img loading=\"lazy\" decoding=\"async\" class=\"aligncenter size-full wp-image-11916\" src=\"https:\/\/elbibliote.com\/resources\/articulosdestacados\/wp-content\/uploads\/2020\/02\/Simon-bolivar.jpg\" alt=\"\" width=\"250\" height=\"316\" srcset=\"https:\/\/elbibliote.com\/resources\/articulosdestacados\/wp-content\/uploads\/2020\/02\/Simon-bolivar.jpg 250w, https:\/\/elbibliote.com\/resources\/articulosdestacados\/wp-content\/uploads\/2020\/02\/Simon-bolivar-237x300.jpg 237w\" sizes=\"(max-width: 250px) 100vw, 250px\" \/><\/td>\n<td>Jos\u00e9 Antonio P\u00e1ez Herrera.<\/p>\n<p><img loading=\"lazy\" decoding=\"async\" class=\"aligncenter size-full wp-image-11922\" src=\"https:\/\/elbibliote.com\/resources\/articulosdestacados\/wp-content\/uploads\/2020\/02\/Jose_Antonio_Paez_3.jpg\" alt=\"\" width=\"250\" height=\"337\" srcset=\"https:\/\/elbibliote.com\/resources\/articulosdestacados\/wp-content\/uploads\/2020\/02\/Jose_Antonio_Paez_3.jpg 250w, https:\/\/elbibliote.com\/resources\/articulosdestacados\/wp-content\/uploads\/2020\/02\/Jose_Antonio_Paez_3-223x300.jpg 223w\" sizes=\"(max-width: 250px) 100vw, 250px\" \/><\/td>\n<\/tr>\n<tr>\n<td style=\"text-align: center;\"><strong>Nacimiento<\/strong><\/td>\n<td>24 de julio de 1783.<\/p>\n<p>Caracas, Venezuela.<\/td>\n<td>13 de junio de 1790.<\/p>\n<p>Portuguesa, Venezuela.<\/td>\n<\/tr>\n<tr>\n<td style=\"text-align: center;\"><strong>Ocupaci\u00f3n<\/strong><\/td>\n<td>Pol\u00edtico y militar.<\/td>\n<td>Pol\u00edtico y militar.<\/td>\n<\/tr>\n<tr>\n<td style=\"text-align: center;\"><strong>Rango militar<\/strong><\/td>\n<td>Capit\u00e1n general.<\/td>\n<td>General.<\/td>\n<\/tr>\n<tr>\n<td style=\"text-align: center;\"><strong>Tambi\u00e9n llamado<\/strong><\/td>\n<td>&#8220;El Libertador&#8221;.<\/td>\n<td>&#8220;El Centauro del Llano&#8221;.<\/td>\n<\/tr>\n<tr>\n<td style=\"text-align: center; vertical-align: top;\"><strong>Firma<\/strong><\/td>\n<td><img loading=\"lazy\" decoding=\"async\" class=\"aligncenter size-full wp-image-11918\" src=\"https:\/\/elbibliote.com\/resources\/articulosdestacados\/wp-content\/uploads\/2020\/02\/1280px-Simon_Bolivar_Signature.svg_.png\" alt=\"\" width=\"250\" height=\"135\" \/><\/td>\n<td><img loading=\"lazy\" decoding=\"async\" class=\"aligncenter size-full wp-image-11923\" src=\"https:\/\/elbibliote.com\/resources\/articulosdestacados\/wp-content\/uploads\/2020\/02\/1280px-Jose_Antonio_Paez_Signature.svg_.png\" alt=\"\" width=\"250\" height=\"50\" \/><\/td>\n<\/tr>\n<tr>\n<td style=\"text-align: center;\"><strong>Padres<\/strong><\/td>\n<td>Don Juan Vicente Bol\u00edvar y Do\u00f1a Mar\u00eda Concepci\u00f3n Palacios y Blanco.<\/td>\n<td>Juan Victorio P\u00e1ez y Mar\u00eda Violante Herrera.<\/td>\n<\/tr>\n<tr>\n<td style=\"text-align: center;\"><strong>Primeros a\u00f1os<\/strong><\/td>\n<td>Naci\u00f3 en Caracas en el seno de una familia acomodada. Su padre falleci\u00f3 cuando \u00e9l ten\u00eda tres a\u00f1os, y seis a\u00f1os despu\u00e9s falleci\u00f3 su madre. Qued\u00f3 al cuidado de sus abuelos y m\u00e1s tarde de su t\u00edo Carlos Palacios.<\/td>\n<td>Naci\u00f3 en Curpa, actual estado Portuguesa. Su familia era humilde, numerosa y de origen canario. A\u00f1os m\u00e1s tarde se intern\u00f3 en los llanos de Apure mientras hu\u00eda de un incidente y aprendi\u00f3 los oficios del llanero y ganadero.<\/td>\n<\/tr>\n<tr>\n<td style=\"text-align: center;\"><strong>Educaci\u00f3n<\/strong><\/td>\n<td>Asisti\u00f3 a la escuela p\u00fablica administrada por el Cabildo de Caracas, donde Sim\u00f3n Rodr\u00edguez fue su maestro. Luego asisti\u00f3 a la Academia de Matem\u00e1ticas del padre And\u00fajar.<\/td>\n<td>A los 8 a\u00f1os fue enviado por su madre a estudiar en una peque\u00f1a escuela de Guama. Sin embargo, la verdadera escuela de P\u00e1ez fue el mismo llano apure\u00f1o y su estirpe fue la del llanero.<\/td>\n<\/tr>\n<tr>\n<td style=\"text-align: center;\"><strong>Trayectoria militar<\/strong><\/td>\n<td>\n<ul>\n<li>Coronel de los Reales Ej\u00e9rcitos.<\/li>\n<li>Comandante de Barranca.<\/li>\n<li>Brigadier de los Ej\u00e9rcitos de la Uni\u00f3n y Ciudadano de la Nueva Granada.<\/li>\n<li>Capit\u00e1n General de los Ej\u00e9rcitos de Venezuela.<\/li>\n<li>General de Divisi\u00f3n.<\/li>\n<li>Capit\u00e1n General de la Confederaci\u00f3n de la Nueva Granada.<\/li>\n<\/ul>\n<\/td>\n<td>\n<ul>\n<li>Parte del escuadr\u00f3n de caballer\u00eda dirigido por Manuel Antonio Pulido.<\/li>\n<li>General del Departamento de Venezuela.<\/li>\n<li>Jefe del Ej\u00e9rcito Nacional.<\/li>\n<li>Jefe Militar del Departamento de Venezuela.<\/li>\n<li>Rechaz\u00f3 un ascenso a capit\u00e1n.<\/li>\n<\/ul>\n<\/td>\n<\/tr>\n<tr>\n<td style=\"text-align: center;\"><strong>Conflictos<\/strong><\/td>\n<td>\n<ul>\n<li>Guerras de independencia hispanoamericanas.<\/li>\n<\/ul>\n<\/td>\n<td>\n<ul>\n<li>Batalla del Yagual.<\/li>\n<li>Batalla de las Queseras del Medio.<\/li>\n<li>Batalla de Carabobo.<\/li>\n<li>Batalla de las Mucuritas.<\/li>\n<li>Batalla de Naguanagua.<\/li>\n<\/ul>\n<\/td>\n<\/tr>\n<tr>\n<td style=\"text-align: center;\"><strong>Logros<\/strong><\/td>\n<td>\n<ul>\n<li>Inspir\u00f3 y particip\u00f3 en la batallas de las guerras de independencia hispanoamericanas.<\/li>\n<\/ul>\n<\/td>\n<td>\n<ul>\n<li>Lider\u00f3 el movimiento pol\u00edtico La cosiata.<\/li>\n<li>Firm\u00f3 el Tratado de Coche.<\/li>\n<\/ul>\n<p>&nbsp;<\/td>\n<\/tr>\n<tr>\n<td style=\"text-align: center;\"><strong>Cargos presidenciales<\/strong><\/td>\n<td>\n<ul>\n<li>Presidente de Venezuela (1813 &#8211; 1814).<\/li>\n<li>Presidente de Venezuela (1817 &#8211; 1819).<\/li>\n<li>Presidente de la Gran Colombia (1819 &#8211; 1830).<br \/>\nPresidente de Bolivia (agosto &#8211; diciembre de 1825).<\/li>\n<li>Presidente de la Rep\u00fablica de Per\u00fa (1824 &#8211; 1827).<\/li>\n<li>Presidente de la Provincia Libre de Guayaquil (11 de julio- 31 de julio de 1822).<\/li>\n<\/ul>\n<\/td>\n<td>\n<ul>\n<li>Presidente de Venezuela (1830 &#8211; 1835).<\/li>\n<li>Presidente de Venezuela (1839 &#8211; 1843).<\/li>\n<li>Presidente de Venezuela (1861 &#8211; 1863).<\/li>\n<\/ul>\n<p>&nbsp;<\/td>\n<\/tr>\n<tr>\n<td style=\"text-align: center;\"><strong>Fallecimiento<\/strong><\/td>\n<td>7 de diciembre de 1830.<\/p>\n<p>Santa Marta, Colombia.<\/td>\n<td>6 de mayo de 1876.<\/p>\n<p>Nueva York, Estados Unidos.<\/td>\n<\/tr>\n<tr>\n<td style=\"text-align: center;\"><strong>Causa de muerte<\/strong><\/td>\n<td>Tuberculosis y fiebre tifoidea.<\/td>\n<td>Bronconeumon\u00eda.<\/td>\n<\/tr>\n<tr>\n<td style=\"text-align: center;\"><strong>Lugar de sepultura<\/strong><\/td>\n<td>\n<ul>\n<li>Catedral Bas\u00edlica de Santa Marta, Colombia.<\/li>\n<li>Pante\u00f3n Nacional de Venezuela, Venezuela.<\/li>\n<\/ul>\n<\/td>\n<td>\n<ul>\n<li>Pante\u00f3n Nacional de Venezuela, Venezuela.<\/li>\n<\/ul>\n<\/td>\n<\/tr>\n<\/tbody>\n<\/table>\n<p>&nbsp;<\/p>\n","protected":false},"excerpt":{"rendered":"<p>Venezuela ha sido la cuna\u00a0de grandes pr\u00f3ceres de la independencia nacional y regional. Dos de sus m\u00e1s grandes ejemplos son Sim\u00f3n Bol\u00edvar, &#8220;El Libertador&#8221;, y Jos\u00e9 Antonio P\u00e1ez, &#8220;El Centauro del Llano&#8221;, ambos reconocidos por su participaci\u00f3n en la emancipaci\u00f3n de Hispanoam\u00e9rica frente al Imperio espa\u00f1ol.<\/p>\n","protected":false},"author":13,"featured_media":0,"comment_status":"closed","ping_status":"closed","sticky":false,"template":"","format":"standard","meta":{"footnotes":""},"categories":[9,8686],"tags":[9385,9001,9384,3439,2412,9387,4311,4312,5354,600,9388,9386,4765,5491,129,5500,3442],"_links":{"self":[{"href":"https:\/\/elbibliote.com\/resources\/articulosdestacados\/index.php?rest_route=\/wp\/v2\/posts\/11758"}],"collection":[{"href":"https:\/\/elbibliote.com\/resources\/articulosdestacados\/index.php?rest_route=\/wp\/v2\/posts"}],"about":[{"href":"https:\/\/elbibliote.com\/resources\/articulosdestacados\/index.php?rest_route=\/wp\/v2\/types\/post"}],"author":[{"embeddable":true,"href":"https:\/\/elbibliote.com\/resources\/articulosdestacados\/index.php?rest_route=\/wp\/v2\/users\/13"}],"replies":[{"embeddable":true,"href":"https:\/\/elbibliote.com\/resources\/articulosdestacados\/index.php?rest_route=%2Fwp%2Fv2%2Fcomments&post=11758"}],"version-history":[{"count":17,"href":"https:\/\/elbibliote.com\/resources\/articulosdestacados\/index.php?rest_route=\/wp\/v2\/posts\/11758\/revisions"}],"predecessor-version":[{"id":19210,"href":"https:\/\/elbibliote.com\/resources\/articulosdestacados\/index.php?rest_route=\/wp\/v2\/posts\/11758\/revisions\/19210"}],"wp:attachment":[{"href":"https:\/\/elbibliote.com\/resources\/articulosdestacados\/index.php?rest_route=%2Fwp%2Fv2%2Fmedia&parent=11758"}],"wp:term":[{"taxonomy":"category","embeddable":true,"href":"https:\/\/elbibliote.com\/resources\/articulosdestacados\/index.php?rest_route=%2Fwp%2Fv2%2Fcategories&post=11758"},{"taxonomy":"post_tag","embeddable":true,"href":"https:\/\/elbibliote.com\/resources\/articulosdestacados\/index.php?rest_route=%2Fwp%2Fv2%2Ftags&post=11758"}],"curies":[{"name":"wp","href":"https:\/\/api.w.org\/{rel}","templated":true}]}}