{"id":11804,"date":"2020-05-19T14:39:20","date_gmt":"2020-05-19T17:39:20","guid":{"rendered":"http:\/\/elbibliote.com\/resources\/articulosdestacados\/?p=11804"},"modified":"2022-01-04T10:39:17","modified_gmt":"2022-01-04T13:39:17","slug":"leyes-contra-la-discriminacion-en-mexico","status":"publish","type":"post","link":"https:\/\/elbibliote.com\/resources\/articulosdestacados\/?p=11804","title":{"rendered":"Leyes contra la discriminaci\u00f3n en M\u00e9xico"},"content":{"rendered":"<p style=\"text-align: justify;\"><em>En M\u00e9xico est\u00e1 prohibido todo tipo de discriminaci\u00f3n seg\u00fan la Constituci\u00f3n, antecedente de mayor trascendencia y en el cual se sustenta el marco legal mexicano del derecho a la no discriminaci\u00f3n. Algunos instrumentos legales se muestran a continuaci\u00f3n.<\/em><\/p>\n<figure id=\"attachment_11925\" aria-describedby=\"caption-attachment-11925\" style=\"width: 700px\" class=\"wp-caption aligncenter\"><img loading=\"lazy\" decoding=\"async\" class=\"wp-image-11925 size-full\" src=\"https:\/\/elbibliote.com\/resources\/articulosdestacados\/wp-content\/uploads\/2020\/02\/iStock-1002788082.jpg\" alt=\"\" width=\"700\" height=\"467\" srcset=\"https:\/\/elbibliote.com\/resources\/articulosdestacados\/wp-content\/uploads\/2020\/02\/iStock-1002788082.jpg 700w, https:\/\/elbibliote.com\/resources\/articulosdestacados\/wp-content\/uploads\/2020\/02\/iStock-1002788082-300x200.jpg 300w\" sizes=\"(max-width: 700px) 100vw, 700px\" \/><figcaption id=\"caption-attachment-11925\" class=\"wp-caption-text\">Como en otros pa\u00edses, en M\u00e9xico existe racismo y discriminaci\u00f3n. La Encuesta Nacional sobre Discriminaci\u00f3n en M\u00e9xico de 2010 afirma nueve de cada diez mujeres, discapacitados, ind\u00edgenas, homosexuales, adultos mayores y pertenecientes a minor\u00edas religiosas, piensan que padecen discriminaci\u00f3n por su condici\u00f3n.<\/figcaption><\/figure>\n<h2 style=\"text-align: justify;\">CONSTITUCI\u00d3N POL\u00cdTICA DE LOS ESTADOS UNIDOS MEXICANOS<\/h2>\n<p style=\"text-align: justify;\">La Constituci\u00f3n Pol\u00edtica de los Estados Unidos Mexicanos confirma el precepto de no discriminaci\u00f3n en su primer art\u00edculo al se\u00f1alar que <em>&#8220;queda prohibida toda discriminaci\u00f3n motivada por origen \u00e9tnico o nacional, el g\u00e9nero, la edad, las discapacidades, la condici\u00f3n social, las condiciones de salud, la religi\u00f3n, las opiniones, las preferencias sexuales, el estado civil o cualquier otra que atente contra la dignidad humana y tenga por objeto anular o menoscabar los derechos y libertades de las personas&#8221;.<\/em><\/p>\n<h2 style=\"text-align: justify;\">LEY FEDERAL PARA PREVENIR Y ELIMINAR LA DISCRIMINACI\u00d3N<\/h2>\n<p style=\"text-align: justify;\">Tras la reforma constitucional del primer art\u00edculo de la Constituci\u00f3n se deriv\u00f3 la creaci\u00f3n de esta ley que dio origen al Consejo Nacional para Prevenir la Discriminaci\u00f3n. Asimismo, por medio de esta ley, el Estado se compromete a cuidar y proteger a todos los ciudadanos mexicanos ante cualquier acto discriminatorio, su segundo art\u00edculo cita: <em>&#8220;Corresponde al Estado promover las condiciones para que la libertad y la igualdad de las personas sean reales y efectivas (&#8230;)&#8221;.<\/em><\/p>\n<figure id=\"attachment_11926\" aria-describedby=\"caption-attachment-11926\" style=\"width: 700px\" class=\"wp-caption aligncenter\"><img loading=\"lazy\" decoding=\"async\" class=\"wp-image-11926 size-full\" src=\"https:\/\/elbibliote.com\/resources\/articulosdestacados\/wp-content\/uploads\/2020\/02\/iStock-547025062.jpg\" alt=\"\" width=\"700\" height=\"467\" srcset=\"https:\/\/elbibliote.com\/resources\/articulosdestacados\/wp-content\/uploads\/2020\/02\/iStock-547025062.jpg 700w, https:\/\/elbibliote.com\/resources\/articulosdestacados\/wp-content\/uploads\/2020\/02\/iStock-547025062-300x200.jpg 300w\" sizes=\"(max-width: 700px) 100vw, 700px\" \/><figcaption id=\"caption-attachment-11926\" class=\"wp-caption-text\">La Ley Federal para Prevenir y Eliminar la Discriminaci\u00f3n se origin\u00f3 gracias al movimiento antidiscriminatorio y a favor de la igualdad que se form\u00f3 en 2001.<\/figcaption><\/figure>\n<h2 style=\"text-align: justify;\">DECRETO POR EL QUE SE DECLARA EL 19 DE OCTUBRE DE CADA A\u00d1O COMO \u201cD\u00cdA NACIONAL CONTRA LA DISCRIMINACI\u00d3N\u201d<\/h2>\n<p style=\"text-align: justify;\">En M\u00e9xico la igualdad y el derecho a la no discriminaci\u00f3n est\u00e1n reconocidos en su m\u00e1xima norma jur\u00eddica, as\u00ed como en la Ley Federal para Prevenir y Eliminar la Discriminaci\u00f3n.<\/p>\n<p style=\"text-align: justify;\">Dichos instrumentos legales fueron considerados para el decreto, el cual establece el 19 de octubre de cada a\u00f1o como D\u00eda Nacional contra la Discriminaci\u00f3n, lo que impulsa la eliminaci\u00f3n de conductas discriminatorias en todas las esferas sociales y mejora la calidad de la democracia mexicana.<\/p>\n<figure id=\"attachment_11927\" aria-describedby=\"caption-attachment-11927\" style=\"width: 700px\" class=\"wp-caption aligncenter\"><img loading=\"lazy\" decoding=\"async\" class=\"wp-image-11927 size-full\" src=\"https:\/\/elbibliote.com\/resources\/articulosdestacados\/wp-content\/uploads\/2020\/02\/Don_Miguel_Hidalgo.jpg\" alt=\"\" width=\"700\" height=\"989\" srcset=\"https:\/\/elbibliote.com\/resources\/articulosdestacados\/wp-content\/uploads\/2020\/02\/Don_Miguel_Hidalgo.jpg 700w, https:\/\/elbibliote.com\/resources\/articulosdestacados\/wp-content\/uploads\/2020\/02\/Don_Miguel_Hidalgo-212x300.jpg 212w\" sizes=\"(max-width: 700px) 100vw, 700px\" \/><figcaption id=\"caption-attachment-11927\" class=\"wp-caption-text\">El decreto establece el 19 de cada a\u00f1o como D\u00eda Nacional contra la Discriminaci\u00f3n en el marco de la celebraci\u00f3n del Bicentenario de la abolici\u00f3n de la esclavitud ordenada por Don Miguel Hidalgo y Costilla el 19 de octubre de 1810.<\/figcaption><\/figure>\n<h2 style=\"text-align: justify;\">NORMA MEXICANA NMX-R025-SCFI-2015 EN IGUALDAD LABORAL Y NO DISCRIMINACI\u00d3N<\/h2>\n<p style=\"text-align: justify;\">Esta norma es resultado de un esfuerzo com\u00fan realizado por el Consejo Nacional para Prevenir la Discriminaci\u00f3n (Conapred), el Instituto Nacional de las Mujeres\u00a0(Inmujeres) y la Secretar\u00eda del Trabajo y Previsi\u00f3n Social\u00a0(STPS).<\/p>\n<p style=\"text-align: justify;\">Su principal objetivo consiste en <em>&#8220;establecer los requisitos para que los centros de trabajo p\u00fablicos, privados y sociales, de cualquier actividad y tama\u00f1o, integren, implementen y ejecuten dentro de sus procesos de gesti\u00f3n y de recursos humanos, pr\u00e1cticas para la igualdad laboral y no discriminaci\u00f3n que favorezcan el desarrollo integral de las y los trabajadores&#8221;.<\/em><\/p>\n<figure id=\"attachment_11928\" aria-describedby=\"caption-attachment-11928\" style=\"width: 700px\" class=\"wp-caption aligncenter\"><img loading=\"lazy\" decoding=\"async\" class=\"wp-image-11928 size-full\" src=\"https:\/\/elbibliote.com\/resources\/articulosdestacados\/wp-content\/uploads\/2020\/02\/CONAPRED_logo.jpg\" alt=\"\" width=\"700\" height=\"700\" srcset=\"https:\/\/elbibliote.com\/resources\/articulosdestacados\/wp-content\/uploads\/2020\/02\/CONAPRED_logo.jpg 700w, https:\/\/elbibliote.com\/resources\/articulosdestacados\/wp-content\/uploads\/2020\/02\/CONAPRED_logo-150x150.jpg 150w, https:\/\/elbibliote.com\/resources\/articulosdestacados\/wp-content\/uploads\/2020\/02\/CONAPRED_logo-300x300.jpg 300w\" sizes=\"(max-width: 700px) 100vw, 700px\" \/><figcaption id=\"caption-attachment-11928\" class=\"wp-caption-text\">El Consejo Nacional para Prevenir la Discriminaci\u00f3n (Conapred) es una entidad del Estado mexicano que trata de eliminar la discriminaci\u00f3n en todo el pa\u00eds por medio de pol\u00edticas y medidas de contribuci\u00f3n al desarrollo cultural y social.<\/figcaption><\/figure>\n<p style=\"text-align: justify;\">Los principales ejes son:<\/p>\n<ul style=\"text-align: justify; list-style-type: circle;\">\n<li>Incorporar la perspectiva de g\u00e9nero y no discriminaci\u00f3n en los procesos de reclutamiento, selecci\u00f3n, movilidad y capacitaci\u00f3n.<\/li>\n<li>Garantizar la igualdad salarial.<\/li>\n<li>Implementar acciones para prevenir y atender la violencia laboral.<\/li>\n<li>Realizar acciones de corresponsabilidad entre la vida laboral, familiar y personal de sus trabajadoras y trabajadores, con igualdad de trato y de oportunidades.<\/li>\n<\/ul>\n<h2 style=\"text-align: justify;\">POL\u00cdTICA INTERNA DE INCLUSI\u00d3N LABORAL PARA PERSONAS CON DISCAPACIDAD DEL CONSEJO NACIONAL PARA PREVENIR LA DISCRIMINACI\u00d3N<\/h2>\n<p style=\"text-align: justify;\">Es una pol\u00edtica expedida por la Junta de Gobierno del Consejo Nacional para Prevenir la Discriminaci\u00f3n, la cual tiene en consideraci\u00f3n la Ley Federal para Prevenir y Eliminar la Discriminaci\u00f3n y el Reglamento de la Junta de Gobierno del Consejo Nacional para Prevenir la Discriminaci\u00f3n.<\/p>\n<p style=\"text-align: justify;\">El objetivo general se expresa en su primer apartado que declara:<\/p>\n<p style=\"text-align: justify;\"><em>&#8220;Los presentes Lineamientos tienen por objeto dise\u00f1ar y ejecutar una estrategia, a trav\u00e9s del establecimiento de una pol\u00edtica al interior del Conapred, para incrementar la inclusi\u00f3n productiva de las personas con discapacidad, que con pleno respeto de sus derechos humanos y laborales, promueva el trabajo digno y decente de ese grupo de poblaci\u00f3n&#8221;.<\/em><\/p>\n<figure id=\"attachment_11929\" aria-describedby=\"caption-attachment-11929\" style=\"width: 700px\" class=\"wp-caption aligncenter\"><img loading=\"lazy\" decoding=\"async\" class=\"wp-image-11929 size-full\" src=\"https:\/\/elbibliote.com\/resources\/articulosdestacados\/wp-content\/uploads\/2020\/02\/iStock-512805486.jpg\" alt=\"\" width=\"700\" height=\"518\" srcset=\"https:\/\/elbibliote.com\/resources\/articulosdestacados\/wp-content\/uploads\/2020\/02\/iStock-512805486.jpg 700w, https:\/\/elbibliote.com\/resources\/articulosdestacados\/wp-content\/uploads\/2020\/02\/iStock-512805486-300x222.jpg 300w\" sizes=\"(max-width: 700px) 100vw, 700px\" \/><figcaption id=\"caption-attachment-11929\" class=\"wp-caption-text\">Seg\u00fan la Encuesta Nacional sobre Discriminaci\u00f3n en M\u00e9xico ENADIS 2010, los tres problemas que m\u00e1s se\u00f1alan las personas con discapacidad son el desempleo, la discriminaci\u00f3n y el no ser autosuficientes.<\/figcaption><\/figure>\n<h2 style=\"text-align: justify;\">PROYECTO DE MODELO DE LEY PARA PREVENIR Y ELIMINAR LA DISCRIMINACI\u00d3N EN LOS ESTADOS &#8211; LEY ESTATAL<\/h2>\n<p style=\"text-align: justify;\">El proyecto de modelo de la Ley es una herramienta de ayuda para brindar una estructura para creaci\u00f3n de leyes antidiscriminatorias a nivel estatal. Su primer art\u00edculo establece que <em>&#8220;Las disposiciones de esta ley son de orden p\u00fablico y de inter\u00e9s social. El objeto de la misma es prevenir y eliminar todas las formas de discriminaci\u00f3n que se ejerzan contra cualquier persona (&#8230;)&#8221;.<\/em><\/p>\n","protected":false},"excerpt":{"rendered":"<p>En M\u00e9xico est\u00e1 prohibido todo tipo de discriminaci\u00f3n seg\u00fan la Constituci\u00f3n, antecedente de mayor trascendencia y en el cual se sustenta el marco legal mexicano del derecho a la no discriminaci\u00f3n. Algunos instrumentos legales se muestran a continuaci\u00f3n.<\/p>\n","protected":false},"author":13,"featured_media":0,"comment_status":"closed","ping_status":"closed","sticky":false,"template":"","format":"standard","meta":{"footnotes":""},"categories":[9],"tags":[4750,9328,2106,98,9412,5502,106,7709,4424,9414,227,5718,6722,5351,7546],"_links":{"self":[{"href":"https:\/\/elbibliote.com\/resources\/articulosdestacados\/index.php?rest_route=\/wp\/v2\/posts\/11804"}],"collection":[{"href":"https:\/\/elbibliote.com\/resources\/articulosdestacados\/index.php?rest_route=\/wp\/v2\/posts"}],"about":[{"href":"https:\/\/elbibliote.com\/resources\/articulosdestacados\/index.php?rest_route=\/wp\/v2\/types\/post"}],"author":[{"embeddable":true,"href":"https:\/\/elbibliote.com\/resources\/articulosdestacados\/index.php?rest_route=\/wp\/v2\/users\/13"}],"replies":[{"embeddable":true,"href":"https:\/\/elbibliote.com\/resources\/articulosdestacados\/index.php?rest_route=%2Fwp%2Fv2%2Fcomments&post=11804"}],"version-history":[{"count":9,"href":"https:\/\/elbibliote.com\/resources\/articulosdestacados\/index.php?rest_route=\/wp\/v2\/posts\/11804\/revisions"}],"predecessor-version":[{"id":19529,"href":"https:\/\/elbibliote.com\/resources\/articulosdestacados\/index.php?rest_route=\/wp\/v2\/posts\/11804\/revisions\/19529"}],"wp:attachment":[{"href":"https:\/\/elbibliote.com\/resources\/articulosdestacados\/index.php?rest_route=%2Fwp%2Fv2%2Fmedia&parent=11804"}],"wp:term":[{"taxonomy":"category","embeddable":true,"href":"https:\/\/elbibliote.com\/resources\/articulosdestacados\/index.php?rest_route=%2Fwp%2Fv2%2Fcategories&post=11804"},{"taxonomy":"post_tag","embeddable":true,"href":"https:\/\/elbibliote.com\/resources\/articulosdestacados\/index.php?rest_route=%2Fwp%2Fv2%2Ftags&post=11804"}],"curies":[{"name":"wp","href":"https:\/\/api.w.org\/{rel}","templated":true}]}}