{"id":11819,"date":"2020-02-21T17:00:11","date_gmt":"2020-02-21T20:00:11","guid":{"rendered":"http:\/\/elbibliote.com\/resources\/articulosdestacados\/?p=11819"},"modified":"2020-02-21T17:00:11","modified_gmt":"2020-02-21T20:00:11","slug":"voz-activa-y-voz-pasiva","status":"publish","type":"post","link":"https:\/\/elbibliote.com\/resources\/articulosdestacados\/?p=11819","title":{"rendered":"Voz activa y voz pasiva"},"content":{"rendered":"<p style=\"text-align: justify;\"><span style=\"color: #808080;\"><em><span style=\"color: #808080;\">Muchas lenguas del mundo ofrecen una gran libertad a sus usuarios a la hora de comunicarse, entre los que se incluye el idioma castellano; y prueba de ello son las formas activas y pasivas que pueden tomar sus oraciones. \u00c9stas se alternan para ser usadas en diferentes \u00e1mbitos, tanto en el idioma cotidiano como en estilos m\u00e1s formales o literarios.<\/span><\/em><\/span><\/p>\n<table>\n<tbody>\n<tr>\n<td><\/td>\n<td><strong>Voz activa<\/strong><\/td>\n<td><strong>Voz pasiva<\/strong><\/td>\n<\/tr>\n<tr>\n<td><strong>Descripci\u00f3n<\/strong><\/td>\n<td>Tipo de construcci\u00f3n gramatical en donde el sujeto de la oraci\u00f3n es quien realiza la acci\u00f3n representada por el verbo, acci\u00f3n cuya consecuencia recaer\u00e1 sobre un complemento u objeto directo.<\/td>\n<td>Tipo de construcci\u00f3n gramatical en donde el complemento u objeto directo es quien realiza la acci\u00f3n representada por el verbo, acci\u00f3n que recaer\u00e1 en aqu\u00e9l que era el sujeto en la forma activa de la oraci\u00f3n.<\/td>\n<\/tr>\n<tr>\n<td><strong>Uso<\/strong><\/td>\n<td>Lenguaje cotidiano.<\/td>\n<td>\n<ul>\n<li>Lenguaje period\u00edstico.<\/li>\n<li>Lenguaje literario.<\/li>\n<li>Lenguaje formal.<\/li>\n<\/ul>\n<\/td>\n<\/tr>\n<tr>\n<td><span style=\"font-weight: bold;\">Frecuencia en su uso<\/span><\/td>\n<td>Com\u00fan.<\/td>\n<td>Pocas veces utilizada.<\/td>\n<\/tr>\n<tr>\n<td><strong>Categor\u00eda gramatical que realiza la acci\u00f3n<\/strong><\/td>\n<td>Sujeto.<\/td>\n<td>Sujeto paciente\u00a0(complemento u objeto directo de la forma activa).<\/td>\n<\/tr>\n<tr>\n<td><strong>Categor\u00eda gramatical en quien recae la acci\u00f3n<\/strong><\/td>\n<td>Complemento u objeto directo.<\/td>\n<td>Complemento agente\u00a0(sujeto de la forma activa).<\/td>\n<\/tr>\n<tr>\n<td><strong>Importancia de la categor\u00eda gramatical en la que recae la acci\u00f3n<\/strong><\/td>\n<td>Fundamental en la oraci\u00f3n.<\/td>\n<td>Puede ser omitido de la oraci\u00f3n.<\/td>\n<\/tr>\n<tr>\n<td><strong>Tipos<\/strong><\/td>\n<td>No se divide en tipos.<\/td>\n<td>\n<ul>\n<li>Voz pasiva anal\u00edtica.<\/li>\n<li>Voz pasiva refleja.<\/li>\n<\/ul>\n<\/td>\n<\/tr>\n<tr>\n<td><strong>F\u00f3rmula gramatical<\/strong><\/td>\n<td>Sujeto + verbo + complemento u objeto directo.<\/td>\n<td>\n<ul>\n<li>Anal\u00edtica: sujeto paciente (complemento u objeto directo de la forma activa) + verbo &#8220;ser&#8221; + participio del verbo + complemento agente (sujeto de la forma activa).<\/li>\n<li>Refleja: palabra &#8220;se&#8221; + verbo en tercera persona + complemento u objeto directo.<\/li>\n<\/ul>\n<\/td>\n<\/tr>\n<tr>\n<td><strong>Ejemplos<\/strong><\/td>\n<td>\n<ul>\n<li>Marcos invit\u00f3 a salir a Minerva.<\/li>\n<li>Los bomberos rescataron a todos los inquilinos.<\/li>\n<li>Descargo el archivo.<\/li>\n<li>El programa de televisi\u00f3n transmite la noticia sobre el accidente.<\/li>\n<li>Supuestamente, varias personas presenciaron el fen\u00f3meno paranormal.<\/li>\n<\/ul>\n<\/td>\n<td>\n<ul>\n<li>Minerva fue invitada a salir por Marcos.<\/li>\n<li>Todos los inquilinos fueron rescatados por los bomberos.<\/li>\n<li>El archivo es descargado (por m\u00ed).<\/li>\n<li>La noticia sobre el accidente es transmitida (por el programa de TV).<\/li>\n<li>Supuestamente, el fen\u00f3meno paranormal fue presenciado por varias personas.<\/li>\n<\/ul>\n<\/td>\n<\/tr>\n<\/tbody>\n<\/table>\n","protected":false},"excerpt":{"rendered":"<p>Muchas lenguas del mundo ofrecen una gran libertad a sus usuarios a la hora de comunicarse, entre los que se incluye el idioma castellano; y prueba de ello son las formas activas y pasivas que pueden tomar sus oraciones. \u00c9stas se alternan para ser usadas en diferentes \u00e1mbitos, tanto en el idioma cotidiano como en estilos m\u00e1s formales o literarios.<\/p>\n","protected":false},"author":18,"featured_media":0,"comment_status":"closed","ping_status":"closed","sticky":false,"template":"","format":"standard","meta":{"footnotes":""},"categories":[8686,18,8183],"tags":[8626,8714,5121,7149,5538,2692,153,190,1387,8627,3362,4538,5115,8625],"_links":{"self":[{"href":"https:\/\/elbibliote.com\/resources\/articulosdestacados\/index.php?rest_route=\/wp\/v2\/posts\/11819"}],"collection":[{"href":"https:\/\/elbibliote.com\/resources\/articulosdestacados\/index.php?rest_route=\/wp\/v2\/posts"}],"about":[{"href":"https:\/\/elbibliote.com\/resources\/articulosdestacados\/index.php?rest_route=\/wp\/v2\/types\/post"}],"author":[{"embeddable":true,"href":"https:\/\/elbibliote.com\/resources\/articulosdestacados\/index.php?rest_route=\/wp\/v2\/users\/18"}],"replies":[{"embeddable":true,"href":"https:\/\/elbibliote.com\/resources\/articulosdestacados\/index.php?rest_route=%2Fwp%2Fv2%2Fcomments&post=11819"}],"version-history":[{"count":3,"href":"https:\/\/elbibliote.com\/resources\/articulosdestacados\/index.php?rest_route=\/wp\/v2\/posts\/11819\/revisions"}],"predecessor-version":[{"id":12005,"href":"https:\/\/elbibliote.com\/resources\/articulosdestacados\/index.php?rest_route=\/wp\/v2\/posts\/11819\/revisions\/12005"}],"wp:attachment":[{"href":"https:\/\/elbibliote.com\/resources\/articulosdestacados\/index.php?rest_route=%2Fwp%2Fv2%2Fmedia&parent=11819"}],"wp:term":[{"taxonomy":"category","embeddable":true,"href":"https:\/\/elbibliote.com\/resources\/articulosdestacados\/index.php?rest_route=%2Fwp%2Fv2%2Fcategories&post=11819"},{"taxonomy":"post_tag","embeddable":true,"href":"https:\/\/elbibliote.com\/resources\/articulosdestacados\/index.php?rest_route=%2Fwp%2Fv2%2Ftags&post=11819"}],"curies":[{"name":"wp","href":"https:\/\/api.w.org\/{rel}","templated":true}]}}