{"id":11875,"date":"2020-10-20T10:16:40","date_gmt":"2020-10-20T13:16:40","guid":{"rendered":"http:\/\/elbibliote.com\/resources\/articulosdestacados\/?p=11875"},"modified":"2021-08-10T17:27:40","modified_gmt":"2021-08-10T20:27:40","slug":"sarmiento-y-rosas","status":"publish","type":"post","link":"https:\/\/elbibliote.com\/resources\/articulosdestacados\/?p=11875","title":{"rendered":"Sarmiento y Rosas"},"content":{"rendered":"<p style=\"text-align: justify;\"><span style=\"color: #808080;\"><em>La historia pol\u00edtica de Argentina ha estado definida por la presencia de grandes personajes, dos de ellos, Sarmiento y Rosas, representan la transici\u00f3n a un nuevo Estado. Ambos influyeron profundamente en la historia, marcaron pautas y dejaron una huella que a\u00fan caracteriza al pa\u00eds.<\/em><\/span><\/p>\n<table style=\"width: 700px;\">\n<tbody>\n<tr>\n<td style=\"width: 85px;\"><\/td>\n<td style=\"text-align: center; width: 272.5px;\"><strong>Domingo Faustino Sarmiento<\/strong><\/td>\n<td style=\"text-align: center; width: 277.5px;\"><strong>Juan Manuel de Rosas<\/strong><\/td>\n<\/tr>\n<tr>\n<td style=\"text-align: center; width: 85px;\"><strong>Nombre de nacimiento<\/strong><\/td>\n<td style=\"width: 272.5px;\">Faustino Valent\u00edn Quiroga Sarmiento.<\/p>\n<p><img loading=\"lazy\" decoding=\"async\" class=\"aligncenter size-full wp-image-12639\" src=\"https:\/\/elbibliote.com\/resources\/articulosdestacados\/wp-content\/uploads\/2020\/02\/Domingo_Sarmiento.jpg\" alt=\"\" width=\"250\" height=\"336\" srcset=\"https:\/\/elbibliote.com\/resources\/articulosdestacados\/wp-content\/uploads\/2020\/02\/Domingo_Sarmiento.jpg 250w, https:\/\/elbibliote.com\/resources\/articulosdestacados\/wp-content\/uploads\/2020\/02\/Domingo_Sarmiento-223x300.jpg 223w\" sizes=\"(max-width: 250px) 100vw, 250px\" \/><\/td>\n<td style=\"width: 277.5px;\">Juan Manuel Jos\u00e9 Domingo Ortiz de Rozas y L\u00f3pez de Osornio.<\/p>\n<p><img loading=\"lazy\" decoding=\"async\" class=\"aligncenter size-full wp-image-12640\" src=\"https:\/\/elbibliote.com\/resources\/articulosdestacados\/wp-content\/uploads\/2020\/02\/Juan_Manuel_de_Rosas.jpg\" alt=\"\" width=\"250\" height=\"323\" srcset=\"https:\/\/elbibliote.com\/resources\/articulosdestacados\/wp-content\/uploads\/2020\/02\/Juan_Manuel_de_Rosas.jpg 250w, https:\/\/elbibliote.com\/resources\/articulosdestacados\/wp-content\/uploads\/2020\/02\/Juan_Manuel_de_Rosas-232x300.jpg 232w\" sizes=\"(max-width: 250px) 100vw, 250px\" \/><\/td>\n<\/tr>\n<tr>\n<td style=\"text-align: center; width: 85px;\"><strong>Nacimiento<\/strong><\/td>\n<td style=\"width: 272.5px;\">15 de febrero de 1811 en San Juan, Argentina.<\/td>\n<td style=\"width: 277.5px;\">30 de marzo de 1793 en Buenos Aires, Argentina.<\/td>\n<\/tr>\n<tr>\n<td style=\"text-align: center; width: 85px;\"><strong>Muerte<\/strong><\/td>\n<td style=\"width: 272.5px;\">11 de septiembre de 1888 en Asunci\u00f3n, Paraguay.<\/td>\n<td style=\"width: 277.5px;\">14 de marzo de 1877 en Southampton, Reino Unido.<\/td>\n<\/tr>\n<tr>\n<td style=\"text-align: center; width: 85px;\"><strong>Lugar de sepultura<\/strong><\/td>\n<td style=\"width: 272.5px;\">Cementerio de la Recoleta.<\/td>\n<td style=\"width: 277.5px;\">Cementerio de la Recoleta.<\/td>\n<\/tr>\n<tr>\n<td style=\"text-align: center; width: 85px;\"><strong>Partido Pol\u00edtico<\/strong><\/td>\n<td style=\"width: 272.5px;\">Partido Unitario.<\/td>\n<td style=\"width: 277.5px;\">Partido Federal.<\/td>\n<\/tr>\n<tr>\n<td style=\"text-align: center; width: 85px;\"><strong>Ocupaci\u00f3n<\/strong><\/td>\n<td style=\"width: 272.5px;\">Docente, pol\u00edtico y escritor.<\/td>\n<td style=\"width: 277.5px;\">Estanciero, militar y pol\u00edtico.<\/td>\n<\/tr>\n<tr>\n<td style=\"text-align: center; width: 85px;\"><strong>Firma<\/strong><\/td>\n<td style=\"width: 272.5px;\"><img loading=\"lazy\" decoding=\"async\" class=\"aligncenter size-full wp-image-12641\" src=\"https:\/\/elbibliote.com\/resources\/articulosdestacados\/wp-content\/uploads\/2020\/02\/Firma_de_Sarmiento.jpg\" alt=\"\" width=\"250\" height=\"47\" \/><\/td>\n<td style=\"width: 277.5px;\"><img loading=\"lazy\" decoding=\"async\" class=\"aligncenter size-full wp-image-12642\" src=\"https:\/\/elbibliote.com\/resources\/articulosdestacados\/wp-content\/uploads\/2020\/02\/Firma_del_Brigadier_General_Don_Juan_Manuel_de_Rosas-transparent.jpg\" alt=\"\" width=\"250\" height=\"105\" \/><\/td>\n<\/tr>\n<tr>\n<td style=\"width: 85px; text-align: center;\"><strong>\u00a0Rango militar<\/strong><\/td>\n<td style=\"width: 272.5px;\">\u00a0General de Divisi\u00f3n.<\/td>\n<td style=\"width: 277.5px;\">\u00a0Brigadier General.<\/td>\n<\/tr>\n<tr>\n<td style=\"width: 85px; text-align: center;\"><strong>Primeros a\u00f1os<\/strong><\/td>\n<td style=\"width: 272.5px;\">Estudi\u00f3 en una Escuela de la Patria. Tras serle negada una beca en el Colegio de Ciencias Morales de Buenos Aires, Sarmiento culmin\u00f3 sus estudios con la ayuda de sus familiares.<\/td>\n<td style=\"width: 277.5px;\">Creci\u00f3 en la regi\u00f3n pampeana y domin\u00f3 muy bien las actividades rurales. De joven administr\u00f3 los campos de sus padres y al poco tiempo se independiz\u00f3, se distingui\u00f3 como ganadero e hizo crecer su fortuna.<\/td>\n<\/tr>\n<tr>\n<td style=\"width: 85px; text-align: center;\"><strong>Cargos pol\u00edticos<\/strong><\/td>\n<td style=\"width: 272.5px;\">\n<ul>\n<li>Gobernador de la provincia de San Juan (3 de enero de 1862-9 de abril de 1864).<\/li>\n<li>Ministro del Interior de la Naci\u00f3n Argentina (29 de agosto de 1879-9 de octubre de 1879).<\/li>\n<li>Ministro de Relaciones Exteriores de la Naci\u00f3n Argentina (6 de septiembre de 1879-9 de octubre de 1879).<\/li>\n<li>Presidente de la Naci\u00f3n Argentina (12 de octubre de 1868-12 de octubre de 1874).<\/li>\n<\/ul>\n<\/td>\n<td style=\"width: 277.5px;\">\n<ul>\n<li>Gobernador de Buenos Aires, encargado de Relaciones Exteriores de la Confederaci\u00f3n Argentina con facultades extraordinarias (8 de diciembre de 1829\u00a0&#8211;\u00a017 de diciembre de 1832).<\/li>\n<li>Gobernador de Buenos Aires, encargado de Relaciones Exteriores de la Confederaci\u00f3n Argentina con facultades extraordinarias (7 de marzo de 1835\u00a0&#8211;\u00a03 de febrero de 1852).<\/li>\n<\/ul>\n<p>&nbsp;<\/td>\n<\/tr>\n<tr>\n<td style=\"width: 85px; text-align: center;\"><strong>Caracter\u00edsticas de su gobierno<\/strong><\/td>\n<td style=\"width: 272.5px;\">\n<ul>\n<li>Vigorosa actividad educativa: se crearon escuelas normales, p\u00fablicas y para sordomudos; la Facultad de Ciencias; el Observatorio Astron\u00f3mico y el Colegio Militar.<\/li>\n<li>Los diarios y medios de comunicaci\u00f3n fueron libres y se multiplicaron.<\/li>\n<\/ul>\n<\/td>\n<td style=\"width: 277.5px;\">\n<ul>\n<li>Restricci\u00f3n de la libertad de expresi\u00f3n.<\/li>\n<li>Fuerte control de aduanas.<\/li>\n<li>Persecuci\u00f3n a la oposici\u00f3n.<\/li>\n<li>Pol\u00edtica econ\u00f3mica conservadora.<\/li>\n<li>Pol\u00edtica exterior manejada de forma inadecuada.<\/li>\n<\/ul>\n<\/td>\n<\/tr>\n<tr>\n<td style=\"width: 85px; text-align: center;\"><strong>Contexto hist\u00f3rico y pol\u00edtico<\/strong><\/td>\n<td style=\"width: 272.5px;\">Su vida transcurri\u00f3 entre las guerras de la\u00a0Independencia\u00a0y las guerras civiles que devastaron al pa\u00eds durante una gran parte del XIX. Con su gesti\u00f3n inici\u00f3 la formaci\u00f3n del Estado moderno argentino.<\/td>\n<td style=\"width: 277.5px;\">Su vida transcurri\u00f3 entre las guerras de la\u00a0Independencia\u00a0y las guerras civiles que devastaron al pa\u00eds durante una gran parte del XIX. Su gesti\u00f3n, conocida como la \u00c9poca de Rosas, fue predominantemente tir\u00e1nica.<\/td>\n<\/tr>\n<tr>\n<td style=\"width: 85px; text-align: center;\"><strong>Exilio<\/strong><\/td>\n<td style=\"width: 272.5px;\">Estuvo exiliado en Chile gran parte del tiempo entre 1831 y 1855, mientras hu\u00eda de la persecuci\u00f3n de Juan Manuel de Rosas. En ese pa\u00eds\u00a0empez\u00f3 su carrera de educador y periodista.<\/td>\n<td style=\"width: 277.5px;\">Tras la Batalla de Caseros, la cual produjo su ca\u00edda, se refugi\u00f3 en la embajada brit\u00e1nica y al poco tiempo se exili\u00f3 en Inglaterra, lugar en el que estuvo hasta su muerte.<\/td>\n<\/tr>\n<tr>\n<td style=\"width: 85px; text-align: center;\"><strong>Legado<\/strong><\/td>\n<td style=\"width: 272.5px;\">Llamado &#8220;Padre del Aula&#8221;. Revolucion\u00f3 la historia de Argentina con su pol\u00edtica educativa y su visi\u00f3n de futuro. Tambi\u00e9n es considerado uno de los mejores prosistas argentinos. En su honor se conmemora el D\u00eda del Maestro cada 11 de septiembre, fecha de su fallecimiento.<\/td>\n<td style=\"width: 277.5px;\">A pesar de las fuertes criticas a su gobierno, Rosas fue un hombre respetado y admirado. Tambi\u00e9n se lo llama el &#8220;Restaurador de Leyes&#8221; y es enaltecido por su intento de organizaci\u00f3n social y pol\u00edtica aut\u00f3noma. En su honor se han levantado monumentos en Buenos Aires.<\/td>\n<\/tr>\n<\/tbody>\n<\/table>\n<p>&nbsp;<\/p>\n","protected":false},"excerpt":{"rendered":"<p>La historia pol\u00edtica de Argentina ha estado definida por la presencia de grandes personajes, dos de ellos, Sarmiento y Rosas, representan la transici\u00f3n a un nuevo Estado. Ambos influyeron profundamente en la historia, marcaron pautas y dejaron una huella que a\u00fan caracteriza al pa\u00eds.<\/p>\n","protected":false},"author":13,"featured_media":0,"comment_status":"closed","ping_status":"closed","sticky":false,"template":"","format":"standard","meta":{"footnotes":""},"categories":[9,8686],"tags":[6096,374,3234,9481,9477,9476,4928,9478,7438,9479,4318,1363,600,5491,129,8185,9480,2804],"_links":{"self":[{"href":"https:\/\/elbibliote.com\/resources\/articulosdestacados\/index.php?rest_route=\/wp\/v2\/posts\/11875"}],"collection":[{"href":"https:\/\/elbibliote.com\/resources\/articulosdestacados\/index.php?rest_route=\/wp\/v2\/posts"}],"about":[{"href":"https:\/\/elbibliote.com\/resources\/articulosdestacados\/index.php?rest_route=\/wp\/v2\/types\/post"}],"author":[{"embeddable":true,"href":"https:\/\/elbibliote.com\/resources\/articulosdestacados\/index.php?rest_route=\/wp\/v2\/users\/13"}],"replies":[{"embeddable":true,"href":"https:\/\/elbibliote.com\/resources\/articulosdestacados\/index.php?rest_route=%2Fwp%2Fv2%2Fcomments&post=11875"}],"version-history":[{"count":19,"href":"https:\/\/elbibliote.com\/resources\/articulosdestacados\/index.php?rest_route=\/wp\/v2\/posts\/11875\/revisions"}],"predecessor-version":[{"id":19204,"href":"https:\/\/elbibliote.com\/resources\/articulosdestacados\/index.php?rest_route=\/wp\/v2\/posts\/11875\/revisions\/19204"}],"wp:attachment":[{"href":"https:\/\/elbibliote.com\/resources\/articulosdestacados\/index.php?rest_route=%2Fwp%2Fv2%2Fmedia&parent=11875"}],"wp:term":[{"taxonomy":"category","embeddable":true,"href":"https:\/\/elbibliote.com\/resources\/articulosdestacados\/index.php?rest_route=%2Fwp%2Fv2%2Fcategories&post=11875"},{"taxonomy":"post_tag","embeddable":true,"href":"https:\/\/elbibliote.com\/resources\/articulosdestacados\/index.php?rest_route=%2Fwp%2Fv2%2Ftags&post=11875"}],"curies":[{"name":"wp","href":"https:\/\/api.w.org\/{rel}","templated":true}]}}