{"id":11888,"date":"2020-03-11T12:36:46","date_gmt":"2020-03-11T15:36:46","guid":{"rendered":"http:\/\/elbibliote.com\/resources\/articulosdestacados\/?p=11888"},"modified":"2022-02-10T15:17:53","modified_gmt":"2022-02-10T18:17:53","slug":"anorexia-y-bulimia","status":"publish","type":"post","link":"https:\/\/elbibliote.com\/resources\/articulosdestacados\/?p=11888","title":{"rendered":"Anorexia y bulimia"},"content":{"rendered":"<p><em><span style=\"color: #808080;\">La anorexia y la bulimia son trastornos alimenticios que pueden tener s\u00edntomas similares, como por ejemplo, una imagen corporal distorsionada. Sin embargo, se caracterizan por diferentes comportamientos relacionados con la ingesta de los alimentos.<\/span><\/em><\/p>\n<table>\n<tbody>\n<tr>\n<td style=\"text-align: center;\"><\/td>\n<td style=\"text-align: center;\"><strong>Anorexia<\/strong><\/td>\n<td style=\"text-align: center;\"><strong>Bulimia<\/strong><\/td>\n<\/tr>\n<tr>\n<td style=\"text-align: center;\"><strong>\u00bfQu\u00e9 es?<\/strong><\/td>\n<td style=\"text-align: left;\">Trastorno alimenticio.<\/td>\n<td style=\"text-align: left;\">Trastorno alimenticio.<\/td>\n<\/tr>\n<tr>\n<td style=\"text-align: center;\"><strong>\u00bfEn qu\u00e9 se basa?<\/strong><\/td>\n<td style=\"text-align: left;\">Restricci\u00f3n de la ingesta de alimentos.<\/td>\n<td style=\"text-align: left;\">Implica comer grandes cantidades de alimentos durante los atracones y compensar con comportamientos como el v\u00f3mito para reducir el aumento de peso.<\/td>\n<\/tr>\n<tr>\n<td style=\"text-align: center;\"><strong>\u00bfAfecta la salud mental y f\u00edsica ?<\/strong><\/td>\n<td style=\"text-align: left;\">S\u00ed.<\/td>\n<td style=\"text-align: left;\">S\u00ed.<\/td>\n<\/tr>\n<tr>\n<td style=\"text-align: center;\"><strong>Signos conductuales y psicol\u00f3gicos<\/strong><\/td>\n<td style=\"text-align: left;\">\n<ul>\n<li>Miedo intenso a aumentar de peso o &#8220;estar gordo&#8221;.<\/li>\n<li>Capacidad defectuosa para ver con precisi\u00f3n su cuerpo.<\/li>\n<li>Baja de autoestima.<\/li>\n<li>Relaciones inconsistentes o indeseables, la persona s\u00f3lo se centra en el peso, la dieta y las calor\u00edas.<\/li>\n<li>Alejamiento de los amigos y las oportunidades sociales.<\/li>\n<li>Ejercicio compulsivo, depresi\u00f3n y ansiedad.<\/li>\n<\/ul>\n<\/td>\n<td style=\"text-align: left;\">\n<ul>\n<li>Obsesi\u00f3n con la comida, el peso y una imagen corporal delgada.<\/li>\n<li>Falta total de control durante el per\u00edodo de atracones.<\/li>\n<li>Abuso de laxantes o diur\u00e9ticos.<\/li>\n<li>V\u00f3mito.<\/li>\n<li>Ejercicio excesivo.<\/li>\n<li>Baja autoestima.<\/li>\n<li>Consumo de una cantidad grande de alimentos durante un per\u00edodo espec\u00edfico.<\/li>\n<li>Relaciones inconsistentes o indeseables, la persona s\u00f3lo se centra en el peso, la dieta y las calor\u00edas.<\/li>\n<li>La persona tiende a ser reservada o est\u00e1 muy concentrada en la comida.<\/li>\n<li>Desaparece despu\u00e9s de las comidas.<\/li>\n<\/ul>\n<\/td>\n<\/tr>\n<tr>\n<td style=\"text-align: center;\"><strong>S\u00edntomas f\u00edsicos<\/strong><\/td>\n<td style=\"text-align: left;\">\n<ul>\n<li>Figura corporal extremadamente baja de peso y poco saludable.<\/li>\n<li>Deterioro y disfunci\u00f3n org\u00e1nica.<\/li>\n<li>Ausencia de menstruaci\u00f3n.<\/li>\n<li>P\u00e9rdida de la memoria.<\/li>\n<li>Sensaci\u00f3n de desmayo.<\/li>\n<\/ul>\n<\/td>\n<td style=\"text-align: left;\">\n<ul>\n<li>Deterioro y disfunci\u00f3n org\u00e1nica.<\/li>\n<li>Dolor de garganta.<\/li>\n<li>Ausencia de menstruaci\u00f3n.<\/li>\n<li>P\u00e9rdida de la memoria.<\/li>\n<li>Sensaci\u00f3n de desmayo.<\/li>\n<li>Deterioro oral perceptible.<\/li>\n<\/ul>\n<\/td>\n<\/tr>\n<tr>\n<td style=\"text-align: center;\"><strong>Relaci\u00f3n con la comida<\/strong><\/td>\n<td style=\"text-align: left;\">Se basa en un control fuerte y completo. La persona es met\u00f3dica y meticulosa cuando se trata de lo que come, cu\u00e1ndo come y cu\u00e1nto come. A veces construyen rituales y rutinas al comer s\u00f3lo un determinado alimento en ciertos momentos.<\/td>\n<td style=\"text-align: left;\">Se basa en la falta de control. Durante un atrac\u00f3n, la persona puede sentirse incapaz de dejar de comer. Despu\u00e9s de los atracones, generalmente se averg\u00fcenza y se culpa por lo que hizo, lo que alimenta el deseo de purgar nuevamente.<\/td>\n<\/tr>\n<tr>\n<td style=\"text-align: center;\"><strong>Efectos secundarios<\/strong><\/td>\n<td style=\"text-align: left;\">\n<ul>\n<li>Delgadez extrema.<\/li>\n<li>Huesos debilitados y con menor densidad \u00f3sea.<\/li>\n<li>Cabello fino y u\u00f1as quebradizas.<\/li>\n<li>Piel que parece seca o amarilla.<\/li>\n<li>Estre\u00f1imiento.<\/li>\n<li>Baja temperatura corporal.<\/li>\n<li>Energ\u00eda baja.<\/li>\n<li>Cambios menstruales.<\/li>\n<li>Respiraci\u00f3n lenta.<\/li>\n<li>Da\u00f1o card\u00edaco, con presi\u00f3n arterial y frecuencia card\u00edaca bajas.<\/li>\n<li>Da\u00f1o cerebral.<\/li>\n<li>Otras fallas de \u00f3rganos.<\/li>\n<\/ul>\n<\/td>\n<td style=\"text-align: left;\">\n<ul>\n<li>Dolor de garganta.<\/li>\n<li>Gl\u00e1ndulas agrandadas en el cuello y la mand\u00edbula.<\/li>\n<li>Caries dental.<\/li>\n<li>Numerosos problemas gastrointestinales como el reflujo \u00e1cido.<\/li>\n<li>Deshidrataci\u00f3n.<\/li>\n<li>Desequilibrio de electrolitos que podr\u00eda provocar un derrame cerebral o un ataque card\u00edaco.<\/li>\n<\/ul>\n<\/td>\n<\/tr>\n<tr>\n<td style=\"text-align: center;\"><strong>Edad de inicio<\/strong><\/td>\n<td style=\"text-align: left;\">Generalmente comienzan durante la adolescencia tard\u00eda o la edad adulta temprana. La edad promedio para el inicio de la anorexia es de 18 a\u00f1os.<\/td>\n<td style=\"text-align: left;\">Generalmente comienzan durante la adolescencia tard\u00eda o la edad adulta temprana. La edad promedio para el inicio de la anorexia es de 18 a\u00f1os.<\/td>\n<\/tr>\n<tr>\n<td style=\"text-align: center;\"><strong>Tasa de mortalidad<\/strong><\/td>\n<td style=\"text-align: left;\">Mayor, alrededor del 5 %.<\/td>\n<td style=\"text-align: left;\">Menor, alrededor del 2 %.<\/td>\n<\/tr>\n<\/tbody>\n<\/table>\n<p>&nbsp;<\/p>\n","protected":false},"excerpt":{"rendered":"<p>La anorexia y la bulimia son trastornos alimenticios que pueden tener s\u00edntomas similares, como por ejemplo, una imagen corporal distorsionada. Sin embargo, se caracterizan por diferentes comportamientos relacionados con la ingesta de los alimentos.<\/p>\n","protected":false},"author":3,"featured_media":0,"comment_status":"closed","ping_status":"closed","sticky":false,"template":"","format":"standard","meta":{"footnotes":""},"categories":[7,8686,22],"tags":[1310,8323,331,711,3977,1031,3561,9469,795,9473,9475,5049,3248,1056,9192,204,5490,9340,9474,5553,8252,9471,1879,1994,1320,6275,319,7468,9472,2170,9470,3293],"_links":{"self":[{"href":"https:\/\/elbibliote.com\/resources\/articulosdestacados\/index.php?rest_route=\/wp\/v2\/posts\/11888"}],"collection":[{"href":"https:\/\/elbibliote.com\/resources\/articulosdestacados\/index.php?rest_route=\/wp\/v2\/posts"}],"about":[{"href":"https:\/\/elbibliote.com\/resources\/articulosdestacados\/index.php?rest_route=\/wp\/v2\/types\/post"}],"author":[{"embeddable":true,"href":"https:\/\/elbibliote.com\/resources\/articulosdestacados\/index.php?rest_route=\/wp\/v2\/users\/3"}],"replies":[{"embeddable":true,"href":"https:\/\/elbibliote.com\/resources\/articulosdestacados\/index.php?rest_route=%2Fwp%2Fv2%2Fcomments&post=11888"}],"version-history":[{"count":5,"href":"https:\/\/elbibliote.com\/resources\/articulosdestacados\/index.php?rest_route=\/wp\/v2\/posts\/11888\/revisions"}],"predecessor-version":[{"id":19638,"href":"https:\/\/elbibliote.com\/resources\/articulosdestacados\/index.php?rest_route=\/wp\/v2\/posts\/11888\/revisions\/19638"}],"wp:attachment":[{"href":"https:\/\/elbibliote.com\/resources\/articulosdestacados\/index.php?rest_route=%2Fwp%2Fv2%2Fmedia&parent=11888"}],"wp:term":[{"taxonomy":"category","embeddable":true,"href":"https:\/\/elbibliote.com\/resources\/articulosdestacados\/index.php?rest_route=%2Fwp%2Fv2%2Fcategories&post=11888"},{"taxonomy":"post_tag","embeddable":true,"href":"https:\/\/elbibliote.com\/resources\/articulosdestacados\/index.php?rest_route=%2Fwp%2Fv2%2Ftags&post=11888"}],"curies":[{"name":"wp","href":"https:\/\/api.w.org\/{rel}","templated":true}]}}