{"id":12256,"date":"2020-10-06T11:24:59","date_gmt":"2020-10-06T14:24:59","guid":{"rendered":"http:\/\/elbibliote.com\/resources\/articulosdestacados\/?p=12256"},"modified":"2020-10-06T11:24:59","modified_gmt":"2020-10-06T14:24:59","slug":"socrates-platon-y-aristoteles","status":"publish","type":"post","link":"https:\/\/elbibliote.com\/resources\/articulosdestacados\/?p=12256","title":{"rendered":"S\u00f3crates, Plat\u00f3n y Arist\u00f3teles"},"content":{"rendered":"<p style=\"text-align: justify;\"><span style=\"color: #808080;\"><em>La filosof\u00eda estudia los problemas fundamentales sobre cuestiones como la existencia, el conocimiento, la verdad, la moral y la mente. Un per\u00edodo importante de su historia estuvo marcado por la filosof\u00eda griega cl\u00e1sica, la cual tiene como protagonistas a S\u00f3crates, Plat\u00f3n y Arist\u00f3teles.\u00a0<\/em><\/span><\/p>\n<table>\n<tbody>\n<tr>\n<td><\/td>\n<td style=\"text-align: center;\"><strong>S\u00f3crates<\/strong><\/td>\n<td style=\"text-align: center;\"><strong>Plat\u00f3n<\/strong><\/td>\n<td style=\"text-align: center;\"><strong>Arist\u00f3teles<\/strong><\/td>\n<\/tr>\n<tr>\n<td style=\"text-align: center; vertical-align: middle;\"><strong>Apariencia<\/strong><\/td>\n<td><span style=\"color: #ff0000; background-color: #ffff00;\"><img loading=\"lazy\" decoding=\"async\" class=\"aligncenter size-full wp-image-12323\" src=\"https:\/\/elbibliote.com\/resources\/articulosdestacados\/wp-content\/uploads\/2020\/03\/iStock-870999364.jpg\" alt=\"\" width=\"200\" height=\"300\" \/><\/span><\/td>\n<td><span style=\"color: #ff0000; background-color: #ffff00;\"><img loading=\"lazy\" decoding=\"async\" class=\"aligncenter size-full wp-image-12324\" src=\"https:\/\/elbibliote.com\/resources\/articulosdestacados\/wp-content\/uploads\/2020\/03\/iStock-177706952.jpg\" alt=\"\" width=\"200\" height=\"133\" \/><\/span><\/td>\n<td><span style=\"color: #ff0000; background-color: #ffff00;\"><img loading=\"lazy\" decoding=\"async\" class=\"aligncenter size-full wp-image-12325\" src=\"https:\/\/elbibliote.com\/resources\/articulosdestacados\/wp-content\/uploads\/2020\/03\/iStock-105929520-1.jpg\" alt=\"\" width=\"200\" height=\"133\" \/><\/span><\/td>\n<\/tr>\n<tr>\n<td style=\"text-align: center; vertical-align: middle;\"><strong>Nacimiento<\/strong><\/td>\n<td>470\u00a0a.\u00a0C.<\/td>\n<td>427 a. C.<\/td>\n<td>384 a. C.<\/td>\n<\/tr>\n<tr>\n<td style=\"text-align: center; vertical-align: middle;\"><strong>Lugar de nacimiento<\/strong><\/td>\n<td>Antigua Atenas,\u00a0Antigua Grecia.<\/td>\n<td>Antigua Atenas,\u00a0Antigua Grecia.<\/td>\n<td>Estagira, Antigua Grecia.<\/td>\n<\/tr>\n<tr>\n<td style=\"text-align: center; vertical-align: middle;\"><strong>Fallecimiento<\/strong><\/td>\n<td>399\u00a0a.\u00a0C.<\/td>\n<td>347 a. C.<\/td>\n<td>322 a. C.<\/td>\n<\/tr>\n<tr>\n<td style=\"text-align: center; vertical-align: middle;\"><strong>Lugar de fallecimiento<\/strong><\/td>\n<td>Atenas,\u00a0Antigua Grecia.<\/td>\n<td>Atenas,\u00a0Antigua Grecia.<\/td>\n<td>Calcis, Antigua Grecia.<\/td>\n<\/tr>\n<tr>\n<td style=\"text-align: center; vertical-align: middle;\"><strong>Causa de muerte<\/strong><\/td>\n<td>Envenenado. Sentenciado a muerte por no creer en los dioses atenienses.<\/td>\n<td>Por causas naturales. Sus \u00faltimos a\u00f1os se dedic\u00f3 a la ense\u00f1anza.<\/td>\n<td>Enfermedad en los \u00f3rganos digestivos.<\/td>\n<\/tr>\n<tr>\n<td style=\"text-align: center; vertical-align: middle;\"><strong>Padres<\/strong><\/td>\n<td>Sofronisco y\u00a0Fen\u00e1reta.<\/td>\n<td>Arist\u00f3n de Atenas y Perictione.<\/td>\n<td>Nic\u00f3maco.<\/td>\n<\/tr>\n<tr>\n<td style=\"text-align: center; vertical-align: middle;\"><strong>Ocupaci\u00f3n<\/strong><\/td>\n<td>Fil\u00f3sofo.<\/td>\n<td>Fil\u00f3sofo.<\/td>\n<td>Fil\u00f3sofo.<\/td>\n<\/tr>\n<tr>\n<td style=\"text-align: center; vertical-align: middle;\"><strong>Alumnos destacados<\/strong><\/td>\n<td>\n<ul>\n<li>Plat\u00f3n<\/li>\n<li>Jenofonte<\/li>\n<li>Ant\u00edstenes<\/li>\n<li>Aristipo<\/li>\n<li>Is\u00f3crates<\/li>\n<\/ul>\n<\/td>\n<td>\n<ul>\n<li>Arist\u00f3teles<\/li>\n<li>Eudoxo de Cnido<\/li>\n<li>Jen\u00f3crates<\/li>\n<li>Her\u00e1clides P\u00f3ntico<\/li>\n<li>Espeusipo<\/li>\n<\/ul>\n<\/td>\n<td>\n<ul>\n<li>Alejandro Magno<\/li>\n<li>Ptolomeo I<\/li>\n<li>Teofrasto<\/li>\n<li>Arist\u00f3xeno<\/li>\n<li>Dicearco de Mesina<\/li>\n<\/ul>\n<\/td>\n<\/tr>\n<tr>\n<td style=\"text-align: center; vertical-align: middle;\"><strong>Caracter\u00edsticas destacadas<\/strong><\/td>\n<td>\n<ul>\n<li>Primer filosofo de la historia.<\/li>\n<li>Padre de la\u00a0\u00e9tica\u00a0occidental o\u00a0filosof\u00eda moral.<\/li>\n<\/ul>\n<\/td>\n<td>\n<ul>\n<li>Fundador de la filosof\u00eda pol\u00edtica.<\/li>\n<\/ul>\n<\/td>\n<td>\n<ul>\n<li>Padre fundador de la l\u00f3gica.<\/li>\n<li>Padre de la biolog\u00eda.<\/li>\n<li>Padre de la filosof\u00eda occidental.<\/li>\n<\/ul>\n<\/td>\n<\/tr>\n<tr>\n<td style=\"text-align: center; vertical-align: middle;\"><strong>Obras<\/strong><\/td>\n<td>No escribi\u00f3 obras. Cre\u00eda que cada persona deb\u00eda desarrollar sus propias ideas. Se sabe de \u00e9l por las obras de Plat\u00f3n, Jenofonte, Aristipo y Ant\u00edstenes.<\/td>\n<td><em><strong>Di\u00e1logos de Plat\u00f3n.<\/strong><\/em><\/p>\n<p>Incluye <em>Rep\u00fablica, Timeo, Critias, Sofista, Pol\u00edtico, Cr\u00e1tilo, Leyes, Minos, Epinomis, Teeteto, Eutifr\u00f3n, Apolog\u00eda, Crit\u00f3n, Fed\u00f3n y Cartas<\/em>.<\/td>\n<td><strong><em>Corpus Aristotelicum<\/em><\/strong><\/p>\n<p>Comprende cinco grupos: <em>L\u00f3gica, Filosof\u00eda Natural, Metaf\u00edsica, \u00c9tica y pol\u00edtica; y Ret\u00f3rica y po\u00e9tica<\/em>.<\/td>\n<\/tr>\n<tr>\n<td style=\"text-align: center; vertical-align: middle;\"><strong>Pensamiento<\/strong><\/td>\n<td>Se pregunta por la justicia, el bien, la virtud y la democracia.<\/td>\n<td>Cuestiona la realidad, las ideas y el mundo sensible.<\/td>\n<td>Debate entre la experiencia, el conocimiento y la raz\u00f3n.<\/td>\n<\/tr>\n<tr>\n<td style=\"text-align: center; vertical-align: middle;\"><strong>Teor\u00edas postuladas<\/strong><\/td>\n<td><strong>Teor\u00eda \u00e9tica<\/strong>, tambi\u00e9n llamada intelectualismo moral o \u00e9tica socr\u00e1tica. Es una forma de racionalismo que identifica el bien con el conocimiento y el mal con la ignorancia.<\/td>\n<td><strong>Teor\u00eda de las formas<\/strong>. Basada en las formas en las que se ve la realidad: un mundo visible (objetos sensibles) y un mundo inteligible o mundo de las ideas.<\/td>\n<td>Teor\u00eda de las cuatro causas, teor\u00eda del\u00a0hilemorfismo, teor\u00eda del conocimiento, teor\u00eda del valor-trabajo y teor\u00eda del continuo (F\u00edsica aristot\u00e9lica).<\/td>\n<\/tr>\n<tr>\n<td style=\"text-align: center; vertical-align: middle;\"><strong>M\u00e9todo para llegar a la verdad<\/strong><\/td>\n<td><strong>M\u00e9todo socr\u00e1tico<\/strong>, el cual se despliega en dos fases: la iron\u00eda socr\u00e1tica y la may\u00e9utica.<\/td>\n<td><strong>Dial\u00e9ctica plat\u00f3nica<\/strong>, el cual consiste en la intuici\u00f3n de la idea y la cr\u00edtica para esclarecerla.<\/td>\n<td>Ret\u00f3rica, arte, experiencia, racionamiento inductivo, reflexi\u00f3n e investigaci\u00f3n cient\u00edfica.<\/td>\n<\/tr>\n<tr>\n<td style=\"text-align: center; vertical-align: middle;\"><strong>Concepci\u00f3n de la verdad<\/strong><\/td>\n<td>Todos tenemos la verdad dentro, hay que buscarla.<\/td>\n<td>Hay dos tipos de realidades: la real (ideas) y la semirreal (material). El mundo de las ideas es eterno.<\/td>\n<td>Consiste en decir de aquello que es, que es y de aquello que no es, que no es.<\/td>\n<\/tr>\n<tr>\n<td style=\"text-align: center; vertical-align: middle;\"><strong>Concepci\u00f3n del hombre<\/strong><\/td>\n<td>El hombre es lo que es su alma.<\/td>\n<td>El hombre est\u00e1 compuesto por cuerpo y alma.<\/td>\n<td>El hombre es una \u00fanica sustancia compuesta de cuerpo y alma.<\/td>\n<\/tr>\n<tr>\n<td style=\"text-align: center; vertical-align: middle;\"><strong>Concepci\u00f3n de alma<\/strong><\/td>\n<td>Es la raz\u00f3n, el yo consciente, la personalidad intelectual y moral.<\/td>\n<td>Tiene prioridad sobre el cuerpo. Puede ser racional, irascible y concupiscible.<\/td>\n<td>Es el principio que anima al cuerpo.<\/td>\n<\/tr>\n<tr>\n<td style=\"text-align: center; vertical-align: middle;\"><strong>Escuelas<\/strong><\/td>\n<td>No fund\u00f3 ninguna escuela. Despu\u00e9s de su muerte empezaron a crearse las escuelas socr\u00e1ticas.<\/td>\n<td>Fund\u00f3 la primera escuela de filosof\u00eda organizada alrededor de 387 a. C. Se llamaba <strong>la Academia.<\/strong><\/td>\n<td>Fund\u00f3 una escuela filos\u00f3fica llamada escuela peripat\u00e9tica, conocida tambi\u00e9n como <strong>el Liceo<\/strong>.<\/td>\n<\/tr>\n<tr>\n<td style=\"text-align: center; vertical-align: middle;\"><strong>Funci\u00f3n del maestro<\/strong><\/td>\n<td>Ayudar a sus alumnos a encontrar conocimiento. El maestro no da conocimiento.<\/td>\n<td>Asumir el rol para ser imitado. El maestro es un facilitador de la experiencia.<\/td>\n<td>Servir como gu\u00eda en el conocimiento del alumno y promover su b\u00fasqueda por medio de la pr\u00e1ctica.<\/td>\n<\/tr>\n<tr>\n<td style=\"text-align: center; vertical-align: middle;\"><strong>Legado<\/strong><\/td>\n<td>\n<ul>\n<li>Conceptos de moralidad y virtud.<\/li>\n<li>Aportaciones a la concepci\u00f3n de pol\u00edtica y democracia.<\/li>\n<li>May\u00e9utica y dial\u00e9ctica como m\u00e9todos para hallar la verdad.<\/li>\n<li>Naturaleza humana universal.<\/li>\n<\/ul>\n<\/td>\n<td>\n<ul>\n<li>Divulgaci\u00f3n de los pensamientos de S\u00f3crates.<\/li>\n<li>Concepto de Estado.<\/li>\n<li>El idealismo.<\/li>\n<li>Impulsor de la Antropolog\u00eda y la Psicolog\u00eda.<\/li>\n<\/ul>\n<\/td>\n<td>\n<ul>\n<li>Grandes aportaciones a campos de la ciencia como\u00a0 la epistemolog\u00eda, la l\u00f3gica, la metaf\u00edsica, la astronom\u00eda, las matem\u00e1ticas, la \u00f3ptica y las ciencias naturales.<\/li>\n<li>Metodolog\u00eda sistem\u00e1tica.<\/li>\n<\/ul>\n<\/td>\n<\/tr>\n<tr>\n<td style=\"text-align: center; vertical-align: middle;\"><strong>Frases<\/strong><\/td>\n<td>\n<ul>\n<li><em>&#8220;Solo s\u00e9 que no s\u00e9 nada&#8221;.<\/em><\/li>\n<li><em>&#8220;Una vida sin examen, no merece la pena ser vivida&#8221;.<\/em><\/li>\n<li><em>&#8220;Con\u00f3cete a ti mismo&#8221;.<\/em><\/li>\n<\/ul>\n<\/td>\n<td>\n<ul>\n<li><em>&#8220;Donde reina el amor sobran las leyes&#8221;.<\/em><\/li>\n<li><em>&#8220;Pensar es el di\u00e1logo del alma consigo misma&#8221;.<\/em><\/li>\n<\/ul>\n<\/td>\n<td>\n<ul>\n<li><em>&#8220;El ignorante afirma, el sabio duda y reflexiona&#8221;.<\/em><\/li>\n<li><em>&#8220;La esperanza es el sue\u00f1o del hombre despierto&#8221;.<\/em><\/li>\n<\/ul>\n<\/td>\n<\/tr>\n<\/tbody>\n<\/table>\n","protected":false},"excerpt":{"rendered":"<p>La filosof\u00eda estudia los problemas fundamentales sobre cuestiones como la existencia, el conocimiento, la verdad, la moral y la mente. Un per\u00edodo importante de su historia estuvo marcado por la filosof\u00eda griega cl\u00e1sica, la cual tiene como protagonistas a S\u00f3crates, Plat\u00f3n y Arist\u00f3teles.<\/p>\n","protected":false},"author":13,"featured_media":0,"comment_status":"closed","ping_status":"closed","sticky":false,"template":"","format":"standard","meta":{"footnotes":""},"categories":[6,9,8686,11],"tags":[8251,9584,5730,3466,9403,7376,6944,7070,5506,9540,6496,662,7438,8783,5634,600,9035,9583,675,756,4053,9582,9581,4430,8554],"_links":{"self":[{"href":"https:\/\/elbibliote.com\/resources\/articulosdestacados\/index.php?rest_route=\/wp\/v2\/posts\/12256"}],"collection":[{"href":"https:\/\/elbibliote.com\/resources\/articulosdestacados\/index.php?rest_route=\/wp\/v2\/posts"}],"about":[{"href":"https:\/\/elbibliote.com\/resources\/articulosdestacados\/index.php?rest_route=\/wp\/v2\/types\/post"}],"author":[{"embeddable":true,"href":"https:\/\/elbibliote.com\/resources\/articulosdestacados\/index.php?rest_route=\/wp\/v2\/users\/13"}],"replies":[{"embeddable":true,"href":"https:\/\/elbibliote.com\/resources\/articulosdestacados\/index.php?rest_route=%2Fwp%2Fv2%2Fcomments&post=12256"}],"version-history":[{"count":21,"href":"https:\/\/elbibliote.com\/resources\/articulosdestacados\/index.php?rest_route=\/wp\/v2\/posts\/12256\/revisions"}],"predecessor-version":[{"id":17217,"href":"https:\/\/elbibliote.com\/resources\/articulosdestacados\/index.php?rest_route=\/wp\/v2\/posts\/12256\/revisions\/17217"}],"wp:attachment":[{"href":"https:\/\/elbibliote.com\/resources\/articulosdestacados\/index.php?rest_route=%2Fwp%2Fv2%2Fmedia&parent=12256"}],"wp:term":[{"taxonomy":"category","embeddable":true,"href":"https:\/\/elbibliote.com\/resources\/articulosdestacados\/index.php?rest_route=%2Fwp%2Fv2%2Fcategories&post=12256"},{"taxonomy":"post_tag","embeddable":true,"href":"https:\/\/elbibliote.com\/resources\/articulosdestacados\/index.php?rest_route=%2Fwp%2Fv2%2Ftags&post=12256"}],"curies":[{"name":"wp","href":"https:\/\/api.w.org\/{rel}","templated":true}]}}