{"id":12454,"date":"2023-08-23T16:58:02","date_gmt":"2023-08-23T19:58:02","guid":{"rendered":"http:\/\/elbibliote.com\/resources\/articulosdestacados\/?p=12454"},"modified":"2023-08-23T16:58:02","modified_gmt":"2023-08-23T19:58:02","slug":"estructura-politica-de-uruguay","status":"publish","type":"post","link":"https:\/\/elbibliote.com\/resources\/articulosdestacados\/?p=12454","title":{"rendered":"Estructura pol\u00edtica de Uruguay"},"content":{"rendered":"<p style=\"text-align: justify;\"><em><span style=\"color: #808080;\">De acuerdo con la Constituci\u00f3n, la Rep\u00fablica Oriental del Uruguay es una naci\u00f3n democr\u00e1tica republicana. Posee una estructura de gobierno dividida en tres poderes independientes, el Poder Ejecutivo, el Poder Legislativo y el Poder Judicial; adem\u00e1s, cuenta con \u00f3rganos con autonom\u00eda funcional.<\/span><\/em><\/p>\n<h1 style=\"text-align: justify;\"><strong>URUGUAY<\/strong><\/h1>\n<p style=\"text-align: justify;\">Es un peque\u00f1o pa\u00eds de Sudam\u00e9rica que est\u00e1 ubicado en la parte oriental del Cono Sur. Limita con Brasil al noreste, con el oc\u00e9ano Atl\u00e1ntico al sur y con Argentina al oeste y suroeste.<\/p>\n<figure id=\"attachment_12510\" aria-describedby=\"caption-attachment-12510\" style=\"width: 700px\" class=\"wp-caption aligncenter\"><img loading=\"lazy\" decoding=\"async\" class=\"wp-image-12510 size-full\" src=\"https:\/\/elbibliote.com\/resources\/articulosdestacados\/wp-content\/uploads\/2020\/03\/iStock-826424260.jpg\" alt=\"\" width=\"700\" height=\"464\" srcset=\"https:\/\/elbibliote.com\/resources\/articulosdestacados\/wp-content\/uploads\/2020\/03\/iStock-826424260.jpg 700w, https:\/\/elbibliote.com\/resources\/articulosdestacados\/wp-content\/uploads\/2020\/03\/iStock-826424260-300x199.jpg 300w\" sizes=\"(max-width: 700px) 100vw, 700px\" \/><figcaption id=\"caption-attachment-12510\" class=\"wp-caption-text\">Uruguay es el hogar de 3,3 millones de personas aproximadamente. Casi la mitad de esta poblaci\u00f3n se encuentra en la ciudad capital: Montevideo.<\/figcaption><\/figure>\n<p style=\"text-align: justify;\"><div class=\"su-box su-box-style-default sabiasque\" id=\"\" style=\"border-color:#a8a8b7;border-radius:0px;\"><div class=\"su-box-title\" style=\"background-color:#DBDBEA;color:#484848;border-top-left-radius:0px;border-top-right-radius:0px\">\u00bfSab\u00edas qu\u00e9?<\/div><div class=\"su-box-content su-u-clearfix su-u-trim\" style=\"border-bottom-left-radius:0px;border-bottom-right-radius:0px\">Los europeos llegaron a Uruguay a inicios del siglo XVI, pero fue hacia 1680 que los portugueses lo colonizaron. En 1726, los espa\u00f1oles tomaron el control y fundaron Montevideo.<\/div><\/div>\n<h1 style=\"text-align: justify;\"><strong>gobierno y poderes<\/strong><\/h1>\n<p style=\"text-align: justify;\">La Constituci\u00f3n establece en su art\u00edculo 82 que la soberan\u00eda de Uruguay ser\u00e1 ejercida directamente por el Cuerpo Electoral en los casos de elecci\u00f3n, iniciativa y refer\u00e9ndum, e indirectamente por los Poderes representativos.<\/p>\n<figure id=\"attachment_12511\" aria-describedby=\"caption-attachment-12511\" style=\"width: 700px\" class=\"wp-caption aligncenter\"><img loading=\"lazy\" decoding=\"async\" class=\"wp-image-12511 size-full\" src=\"https:\/\/elbibliote.com\/resources\/articulosdestacados\/wp-content\/uploads\/2020\/03\/iStock-1135168268.jpg\" alt=\"\" width=\"700\" height=\"500\" srcset=\"https:\/\/elbibliote.com\/resources\/articulosdestacados\/wp-content\/uploads\/2020\/03\/iStock-1135168268.jpg 700w, https:\/\/elbibliote.com\/resources\/articulosdestacados\/wp-content\/uploads\/2020\/03\/iStock-1135168268-300x214.jpg 300w\" sizes=\"(max-width: 700px) 100vw, 700px\" \/><figcaption id=\"caption-attachment-12511\" class=\"wp-caption-text\">El Gobierno est\u00e1 representado por un presidente, el cual es elegido por voto mediante una elecci\u00f3n popular directa. Consta de 3 poderes principales: el Poder Legislativo, el Poder Ejecutivo y el Poder Judicial.<\/figcaption><\/figure>\n<h2 style=\"text-align: justify;\"><strong>Poder ejecutivo<\/strong><\/h2>\n<p style=\"text-align: justify;\">Ejercido por el presidente, que act\u00faa con los ministros o el Consejo de Ministros. Tambi\u00e9n hay un Vicepresidente que desempe\u00f1a la presidencia de la Asamblea General y de la C\u00e1mara de Senadores.<\/p>\n<p style=\"text-align: justify;\">El presidente es elegido conjuntamente con el vicepresidente a trav\u00e9s de una elecci\u00f3n popular directa, su per\u00edodo de actividad constar\u00e1 de cinco a\u00f1os sin reelecci\u00f3n inmediata. Si durante la elecci\u00f3n ninguna candidatura de los partidos pol\u00edticos obtiene la mayor\u00eda absoluta de los votos, se realiza una segunda vuelta entre las dos candidaturas m\u00e1s votadas.<\/p>\n<p style=\"text-align: justify;\">El Poder Ejecutivo est\u00e1 conformado por 14 ministerios, estos son los siguientes:<\/p>\n<ol>\n<li>Ministerio de Ambiente (MA)<\/li>\n<li>Ministerio de Defensa Nacional (MDN)<\/li>\n<li>Ministerio de Educaci\u00f3n y Cultura (MEC)<\/li>\n<li>Ministerio de Econom\u00eda y Finanzas (MEF)<\/li>\n<li>Ministerio de Ganader\u00eda Agricultura y Pesca (MGAP)<\/li>\n<li>Ministerio del Interior (MI)<\/li>\n<li>Ministerio de Desarrollo Social (MIDES)<\/li>\n<li>Ministerio de Industria, Energ\u00eda y Miner\u00eda (MIEM)<\/li>\n<li>Ministerio de Turismo (MINTUR)<\/li>\n<li>Ministerio de Relaciones Exteriores (MRREE)<\/li>\n<li>Ministerio de Salud P\u00fablica (MSP)<\/li>\n<li>Ministerio de Transporte y Obras P\u00fablicas (MTOP)<\/li>\n<li>Ministerio de Trabajo y Seguridad Social (MTSS)<\/li>\n<li>Ministerio de Vivienda y Ordenamiento Territorial (MVOT)<\/li>\n<\/ol>\n<h2 style=\"text-align: justify;\"><strong>Poder legislativo<\/strong><\/h2>\n<p style=\"text-align: justify;\">Ejercido por la Asamblea General que es bicameral, es decir, est\u00e1 compuesta por dos c\u00e1maras: la C\u00e1mara de Representantes, que consta de 99 miembros, y la C\u00e1mara de Senadores, que tiene 30 miembros.<\/p>\n<p style=\"text-align: justify;\">Los miembros de la C\u00e1mara de Representantes es elegida directamente por el pueblo a trav\u00e9s de un sistema de representaci\u00f3n proporcional por listas cerradas, cada departamento deber\u00e1 tener al menos dos representantes. Con respecto a la C\u00e1mara de Senadores, sus miembros tambi\u00e9n son elegidos por el sistema de representaci\u00f3n proporcional integral para cumplir un mandato de cinco a\u00f1os.<\/p>\n<p>Algunas de las atribuciones de la Asamblea General del Poder Legislativo son las siguientes:<\/p>\n<ul>\n<li style=\"text-align: justify;\">Expedir las leyes relacionadas con la seguridad nacional y la protecci\u00f3n de los derechos.<\/li>\n<li style=\"text-align: justify;\">Aprobar o reprobar las cuentas presentadas por el Poder Ejecutivo.<\/li>\n<li style=\"text-align: justify;\">Decretar la guerra o aprobar los tratados de paz y alianza extranjera.<\/li>\n<li style=\"text-align: justify;\">Designar cada a\u00f1o las fuerzas armadas necesarias. La cantidad de efectivos militares solo podr\u00e1 ser aumentada si se obtiene la mayor\u00eda absoluta de votos de cada c\u00e1mara.<\/li>\n<li style=\"text-align: justify;\">Fijar el valor de la moneda.<\/li>\n<li style=\"text-align: justify;\">Permitir el ingreso de tropas extranjeras en el territorio de la Rep\u00fablica.<\/li>\n<\/ul>\n<figure id=\"attachment_12512\" aria-describedby=\"caption-attachment-12512\" style=\"width: 700px\" class=\"wp-caption aligncenter\"><img loading=\"lazy\" decoding=\"async\" class=\"wp-image-12512 size-full\" src=\"https:\/\/elbibliote.com\/resources\/articulosdestacados\/wp-content\/uploads\/2020\/03\/iStock-1158431722.jpg\" alt=\"\" width=\"700\" height=\"467\" srcset=\"https:\/\/elbibliote.com\/resources\/articulosdestacados\/wp-content\/uploads\/2020\/03\/iStock-1158431722.jpg 700w, https:\/\/elbibliote.com\/resources\/articulosdestacados\/wp-content\/uploads\/2020\/03\/iStock-1158431722-300x200.jpg 300w\" sizes=\"(max-width: 700px) 100vw, 700px\" \/><figcaption id=\"caption-attachment-12512\" class=\"wp-caption-text\">El Palacio Legislativo de Uruguay se ubica en Montevideo<\/figcaption><\/figure>\n<h2 style=\"text-align: justify;\"><strong>Poder judicial <\/strong><\/h2>\n<p style=\"text-align: justify;\">Ejercido por la Suprema Corte de Justicia y por los tribunales y juzgados. La Corte Suprema est\u00e1 compuesta por cinco jueces elegidos por la Asamblea General para per\u00edodos de diez a\u00f1os y son elegibles para la reelecci\u00f3n cinco a\u00f1os despu\u00e9s de que termine su mandato anterior.<\/p>\n<p style=\"text-align: justify;\">Para poder ser candidato a juez de la Corte Suprema, se debe cumplir con los siguientes requerimientos:<\/p>\n<ul>\n<li style=\"text-align: justify;\">Haber cumplido cuarenta a\u00f1os.<\/li>\n<li style=\"text-align: justify;\">Poseer ciudadan\u00eda natural o legal.<\/li>\n<li style=\"text-align: justify;\">Tener diez a\u00f1os de experiencia como abogado o haber ejercido en la Judicatura, el Ministerio P\u00fablico o Fiscal por al menos ocho a\u00f1os.<\/li>\n<\/ul>\n<p style=\"text-align: justify;\">El siguiente nivel judicial m\u00e1s alto son los Tribunales de Apelaci\u00f3n, cada uno compuesto por tres jueces. Los jueces de la Corte Suprema seleccionan a los jueces del Tribunal de Apelaci\u00f3n para su confirmaci\u00f3n por parte del Senado.<\/p>\n<p style=\"text-align: justify;\">Para poder ser candidato a juez de los Tribunales de Apelaci\u00f3n, se debe cumplir con los siguientes requisitos:<\/p>\n<ul style=\"text-align: justify;\">\n<li style=\"text-align: justify;\">Tener m\u00e1s de 35 a\u00f1os.<\/li>\n<li style=\"text-align: justify;\">Tener ciudadan\u00eda natural o legal, esta \u00faltima con siete a\u00f1os de ejercicio.<\/li>\n<li style=\"text-align: justify;\">Ser abogado con ocho a\u00f1os de experiencia o haber ejercido en la Judicatura o el Ministerio P\u00fablico o Fiscal por al menos seis a\u00f1os.<\/li>\n<\/ul>\n<p style=\"text-align: justify;\">En el siguiente nivel jer\u00e1rquico se encuentran los juzgados, como los Juzgados Letrados, los Juzgados de Faltas y los Juzgados de Paz.<\/p>\n<figure id=\"attachment_12513\" aria-describedby=\"caption-attachment-12513\" style=\"width: 700px\" class=\"wp-caption aligncenter\"><img loading=\"lazy\" decoding=\"async\" class=\"wp-image-12513 size-full\" src=\"https:\/\/elbibliote.com\/resources\/articulosdestacados\/wp-content\/uploads\/2020\/03\/iStock-1131735019.jpg\" alt=\"\" width=\"700\" height=\"468\" srcset=\"https:\/\/elbibliote.com\/resources\/articulosdestacados\/wp-content\/uploads\/2020\/03\/iStock-1131735019.jpg 700w, https:\/\/elbibliote.com\/resources\/articulosdestacados\/wp-content\/uploads\/2020\/03\/iStock-1131735019-300x201.jpg 300w\" sizes=\"(max-width: 700px) 100vw, 700px\" \/><figcaption id=\"caption-attachment-12513\" class=\"wp-caption-text\">El Palacio de Piria es la sede de la Corte Suprema de Justicia de Uruguay.<\/figcaption><\/figure>\n<p style=\"text-align: justify;\"><div class=\"su-box su-box-style-default sabiasque\" id=\"\" style=\"border-color:#a8a8b7;border-radius:0px;\"><div class=\"su-box-title\" style=\"background-color:#DBDBEA;color:#484848;border-top-left-radius:0px;border-top-right-radius:0px\">\u00bfSab\u00edas qu\u00e9...?<\/div><div class=\"su-box-content su-u-clearfix su-u-trim\" style=\"border-bottom-left-radius:0px;border-bottom-right-radius:0px\">\n<p style=\"text-align: justify;\">En la \u00e9poca colonial, el actual territorio de Uruguay formaba parte de la Banda Oriental, un territorio que tambi\u00e9n inclu\u00eda parte del actual estado brasile\u00f1o de R\u00edo Grande del Sur. <\/div><\/div>\n<h2>\u00d3RGANOS CON AUTONOM\u00cdA FUNCIONAL<\/h2>\n<h3>Corte Electoral<\/h3>\n<p style=\"text-align: justify;\">Compuesta por nueve titulares y sus suplentes, todo estos son elegidos por la Asamblea General en reuni\u00f3n de ambas c\u00e1maras. El art\u00edculo 322 de la Constituci\u00f3n establece que algunas de sus funciones de la Corte son las siguientes:<\/p>\n<ul>\n<li style=\"text-align: justify;\">Conocer en todo lo relacionado con los actos y procedimientos electorales.<\/li>\n<li style=\"text-align: justify;\">Ejercer la superintendencia directiva, correccional, consultiva y econ\u00f3mica sobre los \u00f3rganos electorales.<\/li>\n<li style=\"text-align: justify;\">Decidir en \u00faltima instancia sobre todas las apelaciones y reclamos que se produzcan, y ser juez de las elecciones de todos los cargos electivos, de los actos de plebiscito y refer\u00e9ndum.<\/li>\n<\/ul>\n<h3>Tribunal de Cuentas<\/h3>\n<p style=\"text-align: justify;\">Compuesto por siete miembros designados\u00a0por la Asamblea General. El art\u00edculo 211 de la Constituci\u00f3n establece que a este tribunal le competen, entre otras, las siguientes funciones:<\/p>\n<ul>\n<li>Dictaminar e informar en materia de presupuestos.<\/li>\n<li>Intervenir preventivamente en los gastos y los pagos, conforme a las normas reguladoras que establecer\u00e1 la ley y al solo efecto de certificar su legalidad, haciendo, en su caso, las observaciones correspondientes.<\/li>\n<li>Dictar las ordenanzas de contabilidad, que tendr\u00e1n fuerza obligatoria para todos los \u00f3rganos del Estado, Gobiernos Departamentales, Entes Aut\u00f3nomos y Servicios Descentralizados, cualquiera sea su naturaleza.<\/li>\n<\/ul>\n<h3>Tribunal de lo Contencioso Administrativo<\/h3>\n<p style=\"text-align: justify;\">Compuesto por cinco miembros. Seg\u00fan el art\u00edculo 309 de la Constituci\u00f3n, este tribunal conocer\u00e1 de las demandas de nulidad de actos administrativos definitivos.<\/p>\n","protected":false},"excerpt":{"rendered":"<p>De acuerdo con la Constituci\u00f3n, la Rep\u00fablica Oriental del Uruguay es una naci\u00f3n democr\u00e1tica republicana. Posee una estructura de gobierno dividida en tres poderes independientes, el Poder Ejecutivo, el Poder Legislativo y el Poder Judicial; adem\u00e1s, cuenta con \u00f3rganos con autonom\u00eda funcional. URUGUAY Es un peque\u00f1o pa\u00eds de Sudam\u00e9rica que est\u00e1 ubicado en la parte &hellip; <a href=\"https:\/\/elbibliote.com\/resources\/articulosdestacados\/?p=12454\" class=\"more-link\">Continu\u00e1 leyendo <span class=\"screen-reader-text\">Estructura pol\u00edtica de Uruguay<\/span><\/a><\/p>\n","protected":false},"author":3,"featured_media":0,"comment_status":"closed","ping_status":"closed","sticky":false,"template":"","format":"standard","meta":{"footnotes":""},"categories":[9,15],"tags":[9646,9645,3996,7072,4752,4263,4753,4751,9644,3991,7170,5491,3037,8301,4865,9643],"_links":{"self":[{"href":"https:\/\/elbibliote.com\/resources\/articulosdestacados\/index.php?rest_route=\/wp\/v2\/posts\/12454"}],"collection":[{"href":"https:\/\/elbibliote.com\/resources\/articulosdestacados\/index.php?rest_route=\/wp\/v2\/posts"}],"about":[{"href":"https:\/\/elbibliote.com\/resources\/articulosdestacados\/index.php?rest_route=\/wp\/v2\/types\/post"}],"author":[{"embeddable":true,"href":"https:\/\/elbibliote.com\/resources\/articulosdestacados\/index.php?rest_route=\/wp\/v2\/users\/3"}],"replies":[{"embeddable":true,"href":"https:\/\/elbibliote.com\/resources\/articulosdestacados\/index.php?rest_route=%2Fwp%2Fv2%2Fcomments&post=12454"}],"version-history":[{"count":9,"href":"https:\/\/elbibliote.com\/resources\/articulosdestacados\/index.php?rest_route=\/wp\/v2\/posts\/12454\/revisions"}],"predecessor-version":[{"id":19919,"href":"https:\/\/elbibliote.com\/resources\/articulosdestacados\/index.php?rest_route=\/wp\/v2\/posts\/12454\/revisions\/19919"}],"wp:attachment":[{"href":"https:\/\/elbibliote.com\/resources\/articulosdestacados\/index.php?rest_route=%2Fwp%2Fv2%2Fmedia&parent=12454"}],"wp:term":[{"taxonomy":"category","embeddable":true,"href":"https:\/\/elbibliote.com\/resources\/articulosdestacados\/index.php?rest_route=%2Fwp%2Fv2%2Fcategories&post=12454"},{"taxonomy":"post_tag","embeddable":true,"href":"https:\/\/elbibliote.com\/resources\/articulosdestacados\/index.php?rest_route=%2Fwp%2Fv2%2Ftags&post=12454"}],"curies":[{"name":"wp","href":"https:\/\/api.w.org\/{rel}","templated":true}]}}