{"id":12711,"date":"2023-09-07T10:28:57","date_gmt":"2023-09-07T13:28:57","guid":{"rendered":"http:\/\/elbibliote.com\/resources\/articulosdestacados\/?p=12711"},"modified":"2023-09-07T10:28:57","modified_gmt":"2023-09-07T13:28:57","slug":"leyes-contra-la-discriminacion-en-venezuela","status":"publish","type":"post","link":"https:\/\/elbibliote.com\/resources\/articulosdestacados\/?p=12711","title":{"rendered":"Leyes contra la discriminaci\u00f3n en Venezuela"},"content":{"rendered":"<p style=\"text-align: justify;\"><span style=\"color: #808080;\"><em>El Estado venezolano se ha responsabilizado en proteger el principio de igualdad de todos los venezolanos, especialmente de los grupos m\u00e1s vulnerables. Sus leyes luchan contra la discriminaci\u00f3n de edad, sexo o g\u00e9nero, raza, origen y condici\u00f3n de salud.<\/em><\/span><\/p>\n<h2 style=\"text-align: justify;\">LEY ORG\u00c1NICA PARA LA PROTECCI\u00d3N NI\u00d1OS, NI\u00d1AS Y ADOLESCENTES (LOPNNA)<\/h2>\n<p style=\"text-align: justify;\">En 2007, esta Ley se promulg\u00f3 con el objeto de garantizar a todos los ni\u00f1os y adolescentes venezolanos el ejercicio y el disfrute pleno y efectivo de sus derechos y garant\u00edas por medio de la protecci\u00f3n integral que el Estado, la sociedad y la familia deben brindarles desde el momento de su concepci\u00f3n.<\/p>\n<figure id=\"attachment_12729\" aria-describedby=\"caption-attachment-12729\" style=\"width: 700px\" class=\"wp-caption aligncenter\"><img loading=\"lazy\" decoding=\"async\" class=\"wp-image-12729 size-full\" src=\"https:\/\/elbibliote.com\/resources\/articulosdestacados\/wp-content\/uploads\/2020\/04\/iStock-826221156.jpg\" alt=\"\" width=\"700\" height=\"467\" srcset=\"https:\/\/elbibliote.com\/resources\/articulosdestacados\/wp-content\/uploads\/2020\/04\/iStock-826221156.jpg 700w, https:\/\/elbibliote.com\/resources\/articulosdestacados\/wp-content\/uploads\/2020\/04\/iStock-826221156-300x200.jpg 300w\" sizes=\"(max-width: 700px) 100vw, 700px\" \/><figcaption id=\"caption-attachment-12729\" class=\"wp-caption-text\">Seg\u00fan la LOPNNA, es considerado ni\u00f1o toda persona con menos de doce a\u00f1os de edad, y adolescente toda aquella con doce a\u00f1os o m\u00e1s y menos de dieciocho a\u00f1os de edad.<\/figcaption><\/figure>\n<p style=\"text-align: justify;\">Su tercer art\u00edculo determina que las disposiciones se aplican por igual a todos los ni\u00f1os y adolescentes, sin discriminaci\u00f3n alguna fundada en motivos de raza, color, sexo, edad, idioma, pensamiento, conciencia, religi\u00f3n, creencias, cultura, opini\u00f3n pol\u00edtica o de otra \u00edndole, posici\u00f3n econ\u00f3mica, origen social, \u00e9tnico o nacional, discapacidad, enfermedad, nacimiento o cualquier otra condici\u00f3n de los ni\u00f1os, ni\u00f1as o adolescentes, de su padre, madre, representante o responsable, o de sus familiares.<\/p>\n<h2 style=\"text-align: justify;\">LEY PARA LA PROMOCI\u00d3N Y PROTECCI\u00d3N DEL DERECHO A LA IGUALDAD DE LAS PERSONAS CON VIH O SIDA Y SUS FAMILIARES<\/h2>\n<p style=\"text-align: justify;\">La norma fue promulgada en 2014 y tiene por objeto promover y proteger el derecho a la igualdad de todas las personas con VIH y SIDA, as\u00ed como el de sus familiares, a fin de asegurar su disfrute y ejercicio de sus derechos, garant\u00edas, deberes y responsabilidades sin alg\u00fan tipo de discriminaci\u00f3n. Aplica a toda persona natural o jur\u00eddica de naturaleza p\u00fablica o privada que est\u00e9 en el territorio venezolano.<\/p>\n<p style=\"text-align: justify;\">Dentro de las finalidades expuestas en su segundo art\u00edculo, se expresa la necesidad de establecer y desarrollar las condiciones jur\u00eddicas, administrativas y de cualquier \u00edndole, necesarias para promover los derechos y garantizar la igualdad de las personas con VIH\/SIDA y sus familiares. De igual forma, establece la prohibici\u00f3n y sanci\u00f3n de actos y conductas discriminatorias a las personas con VIH\/SIDA.<\/p>\n<h2 style=\"text-align: justify;\">LEY ORG\u00c1NICA CONTRA LA DISCRIMINACI\u00d3N RACIAL<\/h2>\n<p style=\"text-align: justify;\">Esta ley fue promulgada en 2011 y tiene por objeto establecer los mecanismos apropiados para prevenir, atender, erradicar y sancionar la discriminaci\u00f3n racial en cualquiera de sus manifestaciones. Adem\u00e1s, garantiza a todas las personas y grupos de personas, el goce y ejercicio de sus derechos y deberes consagrados en la Constituci\u00f3n, leyes, tratados, pactos y convenios internacionales relativos a derechos humanos, suscritos y ratificados por la Rep\u00fablica.<\/p>\n<p style=\"text-align: justify;\">La ley se fundamenta en los siguientes principios: respeto a la dignidad de la persona humana, pluriculturalidad, multietnicidad, interculturalidad, pluriling\u00fcismo, justicia social, participaci\u00f3n protag\u00f3nica, solidaridad, tolerancia, igualdad, equidad, gratuidad, celeridad, legalidad, progresividad, colaboraci\u00f3n entre poderes, y protecci\u00f3n a las futuras generaciones en la construcci\u00f3n de una sociedad socialista y antiimperialista.<\/p>\n<figure id=\"attachment_12730\" aria-describedby=\"caption-attachment-12730\" style=\"width: 700px\" class=\"wp-caption aligncenter\"><img loading=\"lazy\" decoding=\"async\" class=\"wp-image-12730 size-full\" src=\"https:\/\/elbibliote.com\/resources\/articulosdestacados\/wp-content\/uploads\/2020\/04\/iStock-1131344338.jpg\" alt=\"\" width=\"700\" height=\"497\" srcset=\"https:\/\/elbibliote.com\/resources\/articulosdestacados\/wp-content\/uploads\/2020\/04\/iStock-1131344338.jpg 700w, https:\/\/elbibliote.com\/resources\/articulosdestacados\/wp-content\/uploads\/2020\/04\/iStock-1131344338-300x213.jpg 300w\" sizes=\"(max-width: 700px) 100vw, 700px\" \/><figcaption id=\"caption-attachment-12730\" class=\"wp-caption-text\">Como pa\u00eds signatario de la Convenci\u00f3n Internacional sobre la Eliminaci\u00f3n de Todas las Formas de Discriminaci\u00f3n Racial, Venezuela se somete a revisiones constantes de su situaci\u00f3n de derechos humanos ante el Comit\u00e9 para la Eliminaci\u00f3n de la Discriminaci\u00f3n Racial (CERD).<\/figcaption><\/figure>\n<h2>Ley org\u00e1nica sobre el derecho a la mujeres a una vida libre de violencia<\/h2>\n<div style=\"text-align: justify;\">Esta ley se promulg\u00f3 en 2007. Tiene por objeto &#8220;<em>garantizar y promover el derecho de las mujeres a una vida libre de violencia, creando condiciones para prevenir, atender, sancionar y erradicar la violencia contra las mujeres en cualquiera de sus manifestaciones y \u00e1mbitos (&#8230;)<\/em>&#8220;.<\/div>\n<div><\/div>\n<div>\n<figure id=\"attachment_12731\" aria-describedby=\"caption-attachment-12731\" style=\"width: 700px\" class=\"wp-caption aligncenter\"><img loading=\"lazy\" decoding=\"async\" class=\"wp-image-12731 size-full\" src=\"https:\/\/elbibliote.com\/resources\/articulosdestacados\/wp-content\/uploads\/2020\/04\/iStock-502114519.jpg\" alt=\"\" width=\"700\" height=\"923\" srcset=\"https:\/\/elbibliote.com\/resources\/articulosdestacados\/wp-content\/uploads\/2020\/04\/iStock-502114519.jpg 700w, https:\/\/elbibliote.com\/resources\/articulosdestacados\/wp-content\/uploads\/2020\/04\/iStock-502114519-228x300.jpg 228w\" sizes=\"(max-width: 700px) 100vw, 700px\" \/><figcaption id=\"caption-attachment-12731\" class=\"wp-caption-text\">El Plan para la Igualdad y Equidad de G\u00e9nero &#8220;Mam\u00e1 Rosa&#8221; (2013 &#8211; 2019) se ha comprometido con construir una patria-matria socialista-feminista.<\/figcaption><\/figure>\n<\/div>\n<div><\/div>\n<div style=\"text-align: justify;\">Del mismo modo, abarca la protecci\u00f3n del derecho a la vida,la protecci\u00f3n a la dignidad e integridad de las mujeres victimas de violencia, la igualdad de derechos entre el hombre y la mujer, la protecci\u00f3n de las mujeres vulnerables a la violencia de g\u00e9nero y el derecho a la mujeres v\u00edctimas de violencia a recibir informaci\u00f3n y asesoramiento adecuado a su situaci\u00f3n personal.<\/div>\n<div><\/div>\n<div><div class=\"su-note\"  style=\"border-color:#e5e5e5;border-radius:3px;-moz-border-radius:3px;-webkit-border-radius:3px;\"><div class=\"su-note-inner su-u-clearfix su-u-trim\" style=\"background-color:#ffffff;border-color:#ffffff;color:#333333;border-radius:3px;-moz-border-radius:3px;-webkit-border-radius:3px;\"><strong>Constituci\u00f3n de la Rep\u00fablica Bolivariana de Venezuela<\/strong><\/div>\n<div style=\"text-align: justify;\"><em>Art\u00edculo 19. El Estado garantizar\u00e1 a toda persona, conforme al principio de progresividad y sin discriminaci\u00f3n alguna, el goce y ejercicio irrenunciable, indivisible e interdependiente de los derechos humanos. Su respeto y garant\u00eda son obligatorios para los \u00f3rganos del Poder P\u00fablico de conformidad con esta Constituci\u00f3n, con los tratados sobre derechos humanos suscritos y ratificados por la Rep\u00fablica y con las leyes que los desarrollen.<\/em> <\/div><\/div><\/div>\n<div><\/div>\n<figure id=\"attachment_12732\" aria-describedby=\"caption-attachment-12732\" style=\"width: 700px\" class=\"wp-caption aligncenter\"><img loading=\"lazy\" decoding=\"async\" class=\"wp-image-12732 size-full\" src=\"https:\/\/elbibliote.com\/resources\/articulosdestacados\/wp-content\/uploads\/2020\/04\/iStock-184618624.jpg\" alt=\"\" width=\"700\" height=\"467\" srcset=\"https:\/\/elbibliote.com\/resources\/articulosdestacados\/wp-content\/uploads\/2020\/04\/iStock-184618624.jpg 700w, https:\/\/elbibliote.com\/resources\/articulosdestacados\/wp-content\/uploads\/2020\/04\/iStock-184618624-300x200.jpg 300w\" sizes=\"(max-width: 700px) 100vw, 700px\" \/><figcaption id=\"caption-attachment-12732\" class=\"wp-caption-text\">Seg\u00fan el Informe Mundial de 2019 por Human Rights Watch, en Venezuela existe discriminaci\u00f3n pol\u00edtica, pues las personas que apoyaron refer\u00e9ndums destituyentes contra Ch\u00e1vez y Maduro fueron despedidas de empleos p\u00fablicos.<\/figcaption><\/figure>\n<p style=\"text-align: justify;\"><span style=\"color: #ff0000;\">\u00a0<\/span><\/p>\n","protected":false},"excerpt":{"rendered":"<p>El Estado venezolano se ha responsabilizado en proteger el principio de igualdad de todos los venezolanos especialmente de los grupos m\u00e1s vulnerables. Sus leyes luchan contra la discriminaci\u00f3n de edad, sexo o g\u00e9nero, raza, origen y condici\u00f3n de salud.<\/p>\n","protected":false},"author":13,"featured_media":0,"comment_status":"closed","ping_status":"closed","sticky":false,"template":"","format":"standard","meta":{"footnotes":""},"categories":[9],"tags":[2145,2353,12116,4750,96,9202,98,1056,9255,1321,12115,432,106,4424,6198,12113,2319,3408,8528,692,4445,968,12114,3114,8710,2461,7069,438,710,12117,4357,3442,299,428],"_links":{"self":[{"href":"https:\/\/elbibliote.com\/resources\/articulosdestacados\/index.php?rest_route=\/wp\/v2\/posts\/12711"}],"collection":[{"href":"https:\/\/elbibliote.com\/resources\/articulosdestacados\/index.php?rest_route=\/wp\/v2\/posts"}],"about":[{"href":"https:\/\/elbibliote.com\/resources\/articulosdestacados\/index.php?rest_route=\/wp\/v2\/types\/post"}],"author":[{"embeddable":true,"href":"https:\/\/elbibliote.com\/resources\/articulosdestacados\/index.php?rest_route=\/wp\/v2\/users\/13"}],"replies":[{"embeddable":true,"href":"https:\/\/elbibliote.com\/resources\/articulosdestacados\/index.php?rest_route=%2Fwp%2Fv2%2Fcomments&post=12711"}],"version-history":[{"count":12,"href":"https:\/\/elbibliote.com\/resources\/articulosdestacados\/index.php?rest_route=\/wp\/v2\/posts\/12711\/revisions"}],"predecessor-version":[{"id":19972,"href":"https:\/\/elbibliote.com\/resources\/articulosdestacados\/index.php?rest_route=\/wp\/v2\/posts\/12711\/revisions\/19972"}],"wp:attachment":[{"href":"https:\/\/elbibliote.com\/resources\/articulosdestacados\/index.php?rest_route=%2Fwp%2Fv2%2Fmedia&parent=12711"}],"wp:term":[{"taxonomy":"category","embeddable":true,"href":"https:\/\/elbibliote.com\/resources\/articulosdestacados\/index.php?rest_route=%2Fwp%2Fv2%2Fcategories&post=12711"},{"taxonomy":"post_tag","embeddable":true,"href":"https:\/\/elbibliote.com\/resources\/articulosdestacados\/index.php?rest_route=%2Fwp%2Fv2%2Ftags&post=12711"}],"curies":[{"name":"wp","href":"https:\/\/api.w.org\/{rel}","templated":true}]}}