{"id":12918,"date":"2023-10-27T15:51:29","date_gmt":"2023-10-27T18:51:29","guid":{"rendered":"http:\/\/elbibliote.com\/resources\/articulosdestacados\/?p=12918"},"modified":"2024-11-26T17:33:12","modified_gmt":"2024-11-26T20:33:12","slug":"especies-endemicas-de-panama","status":"publish","type":"post","link":"https:\/\/elbibliote.com\/resources\/articulosdestacados\/?p=12918","title":{"rendered":"Especies end\u00e9micas de Panam\u00e1"},"content":{"rendered":"<p style=\"text-align: justify;\"><em><span style=\"color: #808080;\">Panam\u00e1 agrupa una asombrosa cantidad de especies animales y vegetales en una peque\u00f1a regi\u00f3n geogr\u00e1fica. Alberga m\u00e1s de 10.000 variedades de plantas y m\u00e1s de 1.500 especies de animales, que incluye<span lang=\"es\">\u00a0el 9 % de las aves y el 4,8 % de los mam\u00edferos conocidos en todo el mundo. Se trata de un pa\u00eds de gran biodiversidad.<\/span><\/span><\/em><\/p>\n<h2>especies animales<\/h2>\n<h3><strong>Tamarino de Geoffroy (<em>Saguinus geoffroyi<\/em>)<\/strong><\/h3>\n<p style=\"text-align: justify;\">Es el mono m\u00e1s peque\u00f1o en Panam\u00e1, tambi\u00e9n conocido como tit\u00ed paname\u00f1o. Pertenece a la familia Callitrichidae, es diurno y generalmente se encuentra en grupos de 2 a 19 individuos. Tiene un pelaje marr\u00f3n y negro y una secci\u00f3n triangular blanca en la cabeza. El cuello y la cola son de color rojo caoba, excepto la punta de la cola que es negra.<\/p>\n<ul>\n<li><strong>Rango geogr\u00e1fico:\u00a0<\/strong>desde el \u00e1rea central del istmo de Panam\u00e1 (Cocl\u00e9 y Col\u00f3n) hasta Colombia.<\/li>\n<li style=\"text-align: justify;\"><strong>H\u00e1bitat:<\/strong>\u00a0arbustos, pastos con forraje muy denso y crecimiento secundario.<\/li>\n<li style=\"text-align: justify;\"><strong>Tama\u00f1o:\u00a0<\/strong>20 a 29 cm de longitud. La cola mide entre 31 y 42 cm.<\/li>\n<li style=\"text-align: justify;\"><strong>H\u00e1bitos alimenticios: <\/strong>frutas,\u00a0insectos, lagartijas, flores y n\u00e9ctar que se encuentran en el crecimiento secundario.<\/li>\n<li style=\"text-align: justify;\"><strong>Estado de conservaci\u00f3n: <\/strong>casi amenazada (NT).<\/li>\n<\/ul>\n<figure id=\"attachment_13019\" aria-describedby=\"caption-attachment-13019\" style=\"width: 700px\" class=\"wp-caption aligncenter\"><img loading=\"lazy\" decoding=\"async\" class=\"wp-image-13019 size-full\" src=\"https:\/\/elbibliote.com\/resources\/articulosdestacados\/wp-content\/uploads\/2020\/04\/iStock-1070781930.jpg\" alt=\"\" width=\"700\" height=\"426\" srcset=\"https:\/\/elbibliote.com\/resources\/articulosdestacados\/wp-content\/uploads\/2020\/04\/iStock-1070781930.jpg 700w, https:\/\/elbibliote.com\/resources\/articulosdestacados\/wp-content\/uploads\/2020\/04\/iStock-1070781930-300x183.jpg 300w\" sizes=\"(max-width: 700px) 100vw, 700px\" \/><figcaption id=\"caption-attachment-13019\" class=\"wp-caption-text\">El tamarino es muy com\u00fan en el Parque Natural Metropolitano, el Monumento Nacional Isla Barro Colorado y el Tap\u00f3n del Dari\u00e9n.<\/figcaption><\/figure>\n<h3><strong>\u00c1guila harp\u00eda (<em>Harpia harpyja<\/em>)<\/strong><\/h3>\n<p style=\"text-align: justify;\">Es una de las m\u00e1s grandes y poderosas aves depredadoras del mundo, se encuentra en el m\u00e1s alto nivel de la cadena alimentaria. La hembra suele ser m\u00e1s grande, con un peso promedio de 7 a 9 kg; mientras que el macho pesa en promedio de 5 a 8 kg. Gran parte de su plumaje var\u00eda de negro a gris. El pecho, el vientre y los flancos son de color gris claro con rayas negras horizontales.<\/p>\n<ul>\n<li><strong>Rango geogr\u00e1fico:<\/strong>\u00a0Bocas del Toro y Dari\u00e9n, Panam\u00e1.<\/li>\n<li style=\"text-align: justify;\"><strong>H\u00e1bitat:\u00a0<\/strong>copas de las selvas tropicales de tierras bajas. Bosques intactos, pero tambi\u00e9n caza a lo largo de parcelas abiertas de tierra.<\/li>\n<li style=\"text-align: justify;\"><strong>Tama\u00f1o:\u00a0<\/strong>89 a 102 cm de longitud, 2 m de envergadura y garras de hasta 12,5 cm de largo.<\/li>\n<li style=\"text-align: justify;\"><strong>H\u00e1bitos alimenticios:\u00a0<\/strong>perezosos y primates, pero tambi\u00e9n se sabe que caza lagartos, p\u00e1jaros, peque\u00f1os roedores y, en ocasiones, peque\u00f1os ciervos.<\/li>\n<li style=\"text-align: justify;\"><strong>Estado de conservaci\u00f3n: <\/strong>vulnerable (VU).<\/li>\n<\/ul>\n<figure id=\"attachment_20074\" aria-describedby=\"caption-attachment-20074\" style=\"width: 1080px\" class=\"wp-caption aligncenter\"><img loading=\"lazy\" decoding=\"async\" class=\"wp-image-20074 size-full\" src=\"https:\/\/elbibliote.com\/resources\/articulosdestacados\/wp-content\/uploads\/2023\/10\/iStock-153551067.jpg\" alt=\"\" width=\"1080\" height=\"717\" srcset=\"https:\/\/elbibliote.com\/resources\/articulosdestacados\/wp-content\/uploads\/2023\/10\/iStock-153551067.jpg 1080w, https:\/\/elbibliote.com\/resources\/articulosdestacados\/wp-content\/uploads\/2023\/10\/iStock-153551067-300x199.jpg 300w, https:\/\/elbibliote.com\/resources\/articulosdestacados\/wp-content\/uploads\/2023\/10\/iStock-153551067-768x510.jpg 768w, https:\/\/elbibliote.com\/resources\/articulosdestacados\/wp-content\/uploads\/2023\/10\/iStock-153551067-1024x680.jpg 1024w\" sizes=\"(max-width: 1080px) 100vw, 1080px\" \/><figcaption id=\"caption-attachment-20074\" class=\"wp-caption-text\">La corona del \u00e1guila harp\u00eda tiene largas plumas negras que se elevan cuando el ave se siente amenazada.<\/figcaption><\/figure>\n<div class=\"su-note destacado\"  style=\"border-color:#c1c1d0;\"><div class=\"su-note-inner su-u-clearfix su-u-trim\" style=\"background-color:#DBDBEA;border-color:#ffffff;color:#333333;\"><strong>Rol en el ecosistema <\/strong><\/p>\n<p style=\"text-align: justify;\">Las \u00e1guilas harp\u00edas son depredadores de la selva tropical y, por ello, ayudan a mantener controladas las poblaciones animales dentro de los ecosistemas. En particular, tienen un papel importante en el control de mesodepredadores como los monos capuchinos, que a menudo se aprovechan de los huevos de aves y, si no se controlan, podr\u00edan provocar la extinci\u00f3n local de especies sensibles.<\/div><\/div>\n<h3><strong>Tortuga oliv\u00e1cea (<em>Lepidochelys olivacea<\/em>)<\/strong><\/h3>\n<p style=\"text-align: justify;\">Es una especie de quel\u00f3nido que se encuentra entre las tortugas marinas m\u00e1s peque\u00f1as, con un peso aproximado de 45 kg. La piel es de color gris oliva y el macho y la hembra se distinguen entre s\u00ed en la cola, pues la del macho se extiende m\u00e1s all\u00e1 del caparaz\u00f3n, mientras que en la hembra no. Cada una de las cuatro extremidades tiene dos garras.<\/p>\n<ul style=\"text-align: justify;\">\n<li><b>Rango geogr\u00e1fico: <\/b>sur de Panam\u00e1 y otras regiones de Norteam\u00e9rica\u00a0y Sudam\u00e9rica.<\/li>\n<li style=\"text-align: justify;\"><strong>H\u00e1bitat: <\/strong>zonas costeras, mares poco profundos, sin embargo, tambi\u00e9n se observa en el oc\u00e9ano abierto.<\/li>\n<li style=\"text-align: justify;\"><strong>Tama\u00f1o: <\/strong>75 cm de longitud.<\/li>\n<li style=\"text-align: justify;\"><strong>H\u00e1bitos alimenticios:\u00a0<\/strong>invertebrados y protocordados como medusas, caracoles, camarones y cangrejos. Tambi\u00e9n puede comer algas en \u00e1reas desprovistas de otras fuentes de alimentos.<\/li>\n<li style=\"text-align: justify;\"><strong>Estado de conservaci\u00f3n: <\/strong>vulnerable (VU).<\/li>\n<\/ul>\n<figure id=\"attachment_20075\" aria-describedby=\"caption-attachment-20075\" style=\"width: 1080px\" class=\"wp-caption aligncenter\"><img loading=\"lazy\" decoding=\"async\" class=\"wp-image-20075 size-full\" src=\"https:\/\/elbibliote.com\/resources\/articulosdestacados\/wp-content\/uploads\/2023\/10\/iStock-612510160.jpg\" alt=\"\" width=\"1080\" height=\"810\" srcset=\"https:\/\/elbibliote.com\/resources\/articulosdestacados\/wp-content\/uploads\/2023\/10\/iStock-612510160.jpg 1080w, https:\/\/elbibliote.com\/resources\/articulosdestacados\/wp-content\/uploads\/2023\/10\/iStock-612510160-300x225.jpg 300w, https:\/\/elbibliote.com\/resources\/articulosdestacados\/wp-content\/uploads\/2023\/10\/iStock-612510160-768x576.jpg 768w, https:\/\/elbibliote.com\/resources\/articulosdestacados\/wp-content\/uploads\/2023\/10\/iStock-612510160-1024x768.jpg 1024w\" sizes=\"(max-width: 1080px) 100vw, 1080px\" \/><figcaption id=\"caption-attachment-20075\" class=\"wp-caption-text\">El caparaz\u00f3n de esta tortuga, de color verde oliva, es relativamente delgado en comparaci\u00f3n con otras tortugas y tiene forma de coraz\u00f3n.<\/figcaption><\/figure>\n<h3>Tuc\u00e1n Gorguiamarillo (<em>Ramphastos ambiguus<\/em>)<\/h3>\n<p style=\"text-align: justify;\">Es un tuc\u00e1n grande, de plumaje principalmente negro.\u00a0La coronilla tiene tonos granates, las coberteras infracaudales son rojas y las supracaudales son de color blanco. Su pico es grande y tiene una l\u00ednea negra alrededor de la base y amarilla en la parte superior. La hembra tiene un pico m\u00e1s corto.<\/p>\n<ul>\n<li><strong>Rango geogr\u00e1fico:\u00a0<\/strong>desde Honduras hasta el oeste de Ecuador y Per\u00fa.<\/li>\n<li style=\"text-align: justify;\"><strong>H\u00e1bitat: <\/strong>bosques de tierras bajas, h\u00e1bitats secundarios, claros, pantanos y plantaciones.<\/li>\n<li style=\"text-align: justify;\"><strong>Tama\u00f1o: <\/strong>53 a 56 cm de longitud.<\/li>\n<li style=\"text-align: justify;\"><strong>H\u00e1bitos alimenticios: <\/strong>frutas principalmente.<\/li>\n<li style=\"text-align: justify;\"><strong>Estado de conservaci\u00f3n: <\/strong>casi amenazada (NT).<\/li>\n<\/ul>\n<figure id=\"attachment_20077\" aria-describedby=\"caption-attachment-20077\" style=\"width: 1080px\" class=\"wp-caption aligncenter\"><img loading=\"lazy\" decoding=\"async\" class=\"wp-image-20077 size-full\" src=\"https:\/\/elbibliote.com\/resources\/articulosdestacados\/wp-content\/uploads\/2023\/10\/iStock-1364467828.jpg\" alt=\"\" width=\"1080\" height=\"607\" srcset=\"https:\/\/elbibliote.com\/resources\/articulosdestacados\/wp-content\/uploads\/2023\/10\/iStock-1364467828.jpg 1080w, https:\/\/elbibliote.com\/resources\/articulosdestacados\/wp-content\/uploads\/2023\/10\/iStock-1364467828-300x169.jpg 300w, https:\/\/elbibliote.com\/resources\/articulosdestacados\/wp-content\/uploads\/2023\/10\/iStock-1364467828-768x432.jpg 768w, https:\/\/elbibliote.com\/resources\/articulosdestacados\/wp-content\/uploads\/2023\/10\/iStock-1364467828-1024x576.jpg 1024w\" sizes=\"(max-width: 1080px) 100vw, 1080px\" \/><figcaption id=\"caption-attachment-20077\" class=\"wp-caption-text\">Las patas de este tuc\u00e1n suelen ser de color azulado.<\/figcaption><\/figure>\n<h2>especies vegetales<\/h2>\n<h3><strong>Helecho correa de hoja estrecha (<em>Campyloneurum angustifolium<\/em>)<\/strong><\/h3>\n<p style=\"text-align: justify;\">Es un helecho ep\u00edfito con frondas que crecen hasta 70 cm de alto desde un rizoma corto y rastrero. Las escamas son lanceoladas de color gris\u00e1ceo oscuro, peltadas. El raquis es de color pardo claro con nervaduras no evidentes. El soro es redondo.<\/p>\n<ul>\n<li><strong>Rango geogr\u00e1fico:\u00a0<\/strong>Sudam\u00e9rica.<\/li>\n<li style=\"text-align: justify;\"><strong>H\u00e1bitat:\u00a0<\/strong>troncos de los \u00e1rboles o en las grietas de las rocas, en lugares abiertos o sombreados, a elevaciones de 100 a 2.500 m s. n. m., ocasionalmente a 3.600 m s. n. m.<\/li>\n<li style=\"text-align: justify;\"><strong>Tama\u00f1o: <\/strong>40 a\u00a070 cm de altura.<\/li>\n<li style=\"text-align: justify;\"><strong>Estado de conservaci\u00f3n: <\/strong>no evaluado (NE).<\/li>\n<\/ul>\n<figure id=\"attachment_13022\" aria-describedby=\"caption-attachment-13022\" style=\"width: 700px\" class=\"wp-caption aligncenter\"><img loading=\"lazy\" decoding=\"async\" class=\"wp-image-13022 size-full\" src=\"https:\/\/elbibliote.com\/resources\/articulosdestacados\/wp-content\/uploads\/2020\/04\/iStock-904539240.jpg\" alt=\"\" width=\"700\" height=\"467\" srcset=\"https:\/\/elbibliote.com\/resources\/articulosdestacados\/wp-content\/uploads\/2020\/04\/iStock-904539240.jpg 700w, https:\/\/elbibliote.com\/resources\/articulosdestacados\/wp-content\/uploads\/2020\/04\/iStock-904539240-300x200.jpg 300w\" sizes=\"(max-width: 700px) 100vw, 700px\" \/><figcaption id=\"caption-attachment-13022\" class=\"wp-caption-text\">La flora de Panam\u00e1 tiene m\u00e1s de 10.000 especies incluidas aproximadamente 1.200 especies de orqu\u00eddeas y 675 especies de helechos.<\/figcaption><\/figure>\n<h3><strong>Flor del Esp\u00edritu Santo (<em>Peristeria elata<\/em>)<\/strong><\/h3>\n<p style=\"text-align: justify;\">Es una especie de orqu\u00eddea, considerada la flor nacional de Panam\u00e1 desde 1980. Su nombre deriva de la forma que presentan sus p\u00e9talos centrales, los cuales se asemejan a las alas de una paloma. Est\u00e1 formada por pseudobulbos globosos, la inflorescencia cuenta con un total de 4 a 12 flores de color blanco marfil brillante y algunas veces presenta peque\u00f1as manchas de color p\u00farpura. Tiene un fuerte aroma.<\/p>\n<ul>\n<li><strong>Rango geogr\u00e1fico: <\/strong>Panam\u00e1, Colombia y Ecuador.<\/li>\n<li style=\"text-align: justify;\"><strong>H\u00e1bitat:\u00a0<\/strong>bosques montanos muy h\u00famedos. Se desarrolla sobre musgos en troncos de \u00e1rboles que est\u00e9n muy cerca del suelo.<\/li>\n<li style=\"text-align: justify;\"><strong>Tama\u00f1o: <\/strong>1 a 1,8 m de longitud.<\/li>\n<li style=\"text-align: justify;\"><strong>Estado de conservaci\u00f3n: <\/strong>en peligro (EN).<\/li>\n<\/ul>\n<figure id=\"attachment_13023\" aria-describedby=\"caption-attachment-13023\" style=\"width: 700px\" class=\"wp-caption aligncenter\"><img loading=\"lazy\" decoding=\"async\" class=\"wp-image-13023 size-full\" src=\"https:\/\/elbibliote.com\/resources\/articulosdestacados\/wp-content\/uploads\/2020\/04\/iStock-139956545.jpg\" alt=\"\" width=\"700\" height=\"467\" srcset=\"https:\/\/elbibliote.com\/resources\/articulosdestacados\/wp-content\/uploads\/2020\/04\/iStock-139956545.jpg 700w, https:\/\/elbibliote.com\/resources\/articulosdestacados\/wp-content\/uploads\/2020\/04\/iStock-139956545-300x200.jpg 300w\" sizes=\"(max-width: 700px) 100vw, 700px\" \/><figcaption id=\"caption-attachment-13023\" class=\"wp-caption-text\">Dado su simbolismo, en Panam\u00e1 se realiza una feria especial de orqu\u00eddeas en la provincia de Herrera donde la Peristeria elata tiene el protagonismo.<\/figcaption><\/figure>\n<h3><strong>Cocobolo (<em>Dalbergia retusa<\/em>)<\/strong><\/h3>\n<p style=\"text-align: justify;\">Es una especie de planta faner\u00f3gama originaria de Centroam\u00e9rica. Este \u00e1rbol produce una madera valiosa y se explota com\u00fanmente en la naturaleza para su exportaci\u00f3n. Se trata de un \u00e1rbol\u00a0caducifolio, de tronco cil\u00edndrico y recto que se ramifica desde una base que puede tener 40 cm de di\u00e1metro. El \u00e1rbol puede ser muy variable, a veces bajo y extendido, en otras ocasiones alto, con un tronco recto y una corona m\u00e1s alargada.<\/p>\n<ul>\n<li><strong>Rango geogr\u00e1fico: <\/strong>provincias de Cocl\u00e9, Col\u00f3n, Dari\u00e9n, Los Santos, Veraguas, Chiriqu\u00ed y Panam\u00e1, Panam\u00e1.<\/li>\n<li style=\"text-align: justify;\"><strong>H\u00e1bitat:\u00a0<\/strong>bosque h\u00famedo tropical y bosque h\u00famedo premontano. Se encuentra solo en la mitad m\u00e1s seca del istmo.<\/li>\n<li style=\"text-align: justify;\"><strong>Tama\u00f1o: <\/strong>10 a 20 m de altura.<\/li>\n<li style=\"text-align: justify;\"><strong>Estado de conservaci\u00f3n: <\/strong>peligro cr\u00edtico (CR).<\/li>\n<\/ul>\n<figure id=\"attachment_20078\" aria-describedby=\"caption-attachment-20078\" style=\"width: 1080px\" class=\"wp-caption aligncenter\"><img loading=\"lazy\" decoding=\"async\" class=\"wp-image-20078 size-full\" src=\"https:\/\/elbibliote.com\/resources\/articulosdestacados\/wp-content\/uploads\/2023\/10\/iStock-1220686144.jpg\" alt=\"\" width=\"1080\" height=\"810\" srcset=\"https:\/\/elbibliote.com\/resources\/articulosdestacados\/wp-content\/uploads\/2023\/10\/iStock-1220686144.jpg 1080w, https:\/\/elbibliote.com\/resources\/articulosdestacados\/wp-content\/uploads\/2023\/10\/iStock-1220686144-300x225.jpg 300w, https:\/\/elbibliote.com\/resources\/articulosdestacados\/wp-content\/uploads\/2023\/10\/iStock-1220686144-768x576.jpg 768w, https:\/\/elbibliote.com\/resources\/articulosdestacados\/wp-content\/uploads\/2023\/10\/iStock-1220686144-1024x768.jpg 1024w\" sizes=\"(max-width: 1080px) 100vw, 1080px\" \/><figcaption id=\"caption-attachment-20078\" class=\"wp-caption-text\">Este \u00e1rbol tiene frutos en legumbres aplanadas y aladas, verdes (a veces marr\u00f3n o negro) que miden de 5 a 17 cm de largo.<\/figcaption><\/figure>\n","protected":false},"excerpt":{"rendered":"<p>Panam\u00e1 agrupa una asombrosa cantidad de especies animales y vegetales en una peque\u00f1a regi\u00f3n geogr\u00e1fica. Alberga m\u00e1s de 10.000 variedades de plantas y m\u00e1s de 1.500 especies de animales, que incluye\u00a0el 9 % de las aves y el 4,8 % de los mam\u00edferos conocidos en todo el mundo. Se trata de un pa\u00eds de gran biodiversidad.<\/p>\n","protected":false},"author":3,"featured_media":0,"comment_status":"closed","ping_status":"closed","sticky":false,"template":"","format":"standard","meta":{"footnotes":""},"categories":[7,8,8686],"tags":[1310,8323,3540,324,1352,8525,9940,3234,3924,4352,5054,4583,8281,4248,1321,3896,3895,3566,4369,4182,9939,661,4181,3954,30,1943,3308,1543,25],"_links":{"self":[{"href":"https:\/\/elbibliote.com\/resources\/articulosdestacados\/index.php?rest_route=\/wp\/v2\/posts\/12918"}],"collection":[{"href":"https:\/\/elbibliote.com\/resources\/articulosdestacados\/index.php?rest_route=\/wp\/v2\/posts"}],"about":[{"href":"https:\/\/elbibliote.com\/resources\/articulosdestacados\/index.php?rest_route=\/wp\/v2\/types\/post"}],"author":[{"embeddable":true,"href":"https:\/\/elbibliote.com\/resources\/articulosdestacados\/index.php?rest_route=\/wp\/v2\/users\/3"}],"replies":[{"embeddable":true,"href":"https:\/\/elbibliote.com\/resources\/articulosdestacados\/index.php?rest_route=%2Fwp%2Fv2%2Fcomments&post=12918"}],"version-history":[{"count":16,"href":"https:\/\/elbibliote.com\/resources\/articulosdestacados\/index.php?rest_route=\/wp\/v2\/posts\/12918\/revisions"}],"predecessor-version":[{"id":22055,"href":"https:\/\/elbibliote.com\/resources\/articulosdestacados\/index.php?rest_route=\/wp\/v2\/posts\/12918\/revisions\/22055"}],"wp:attachment":[{"href":"https:\/\/elbibliote.com\/resources\/articulosdestacados\/index.php?rest_route=%2Fwp%2Fv2%2Fmedia&parent=12918"}],"wp:term":[{"taxonomy":"category","embeddable":true,"href":"https:\/\/elbibliote.com\/resources\/articulosdestacados\/index.php?rest_route=%2Fwp%2Fv2%2Fcategories&post=12918"},{"taxonomy":"post_tag","embeddable":true,"href":"https:\/\/elbibliote.com\/resources\/articulosdestacados\/index.php?rest_route=%2Fwp%2Fv2%2Ftags&post=12918"}],"curies":[{"name":"wp","href":"https:\/\/api.w.org\/{rel}","templated":true}]}}