{"id":1380,"date":"2018-03-20T17:27:16","date_gmt":"2018-03-20T20:27:16","guid":{"rendered":"http:\/\/elbibliote.com\/resources\/articulosdestacados\/?p=1380"},"modified":"2018-03-20T17:27:16","modified_gmt":"2018-03-20T20:27:16","slug":"lepra","status":"publish","type":"post","link":"https:\/\/elbibliote.com\/resources\/articulosdestacados\/?p=1380","title":{"rendered":"Lepra"},"content":{"rendered":"<p style=\"text-align: justify;\"><span style=\"color: #808080;\"><em>La lepra es una enfermedad curable, causada por un microbio, el\u00a0Mycobacterium leprae, que afecta principalmente la piel y los nervios perif\u00e9ricos. Las formas cl\u00ednicas m\u00e1s graves pueden comprometer tambi\u00e9n las mucosas de las v\u00edas a\u00e9reas superiores y otros \u00f3rganos como los ganglios, el h\u00edgado, el bazo, etc. En los casos m\u00e1s graves, si no se realiza un diagn\u00f3stico precoz y un tratamiento regular y completo, puede generar discapacidades f\u00edsicas, permanentes y progresivas, as\u00ed como tambi\u00e9n dificultad en las relaciones sociales, laborales y familiares, a causa del temor y el rechazo que la lepra hist\u00f3ricamente ha provocado. Con el tratamiento oportuno\u00a0la lepra tiene cura.<\/em><\/span><\/p>\n<h2 style=\"text-align: justify;\"><strong>\u00bfC\u00f3mo se transmite?<\/strong><\/h2>\n<p style=\"text-align: justify;\">El contagio es de persona a persona por contacto directo y prolongado, entre 3 y 5 a\u00f1os. Se produce entre un enfermo no tratado con posibilidad de transmitir (no todos los que padecen lepra contagian) y una persona susceptible, es decir con una predisposici\u00f3n especial para enfermar. Seg\u00fan la estad\u00edstica el 80% de la poblaci\u00f3n posee defensas naturales contra la lepra y s\u00f3lo la mitad de los enfermos no tratados son contagiantes.<\/p>\n<p style=\"text-align: justify;\">Las v\u00edas de transmisi\u00f3n incluyen principalmente, las secreciones respiratorias de una persona enferma y no tratada, y en menor medida en heridas de la piel y secreciones nasales.<\/p>\n<h2 style=\"text-align: justify;\"><strong>\u00bfCu\u00e1les son los s\u00edntomas?<\/strong><\/h2>\n<p style=\"text-align: justify;\">Los s\u00edntomas de la lepra pueden tardar hasta 20 a\u00f1os en aparecer e incluyen:<br \/>\n&#8211; Lesiones cut\u00e1neas que son m\u00e1s claras que el color normal de la piel.<br \/>\n&#8211; Lesiones que presentan disminuci\u00f3n de la sensibilidad al tacto, al calor o al dolor.<br \/>\n&#8211; Lesiones que no sanan despu\u00e9s de algunas semanas o meses.<br \/>\n&#8211; Debilidad muscular.<br \/>\n&#8211; Alteraciones de la sensibilidad en manos, brazos, pies y piernas.<\/p>\n<h2 style=\"text-align: justify;\"><strong>\u00bfC\u00f3mo puede prevenirse?<\/strong><\/h2>\n<p style=\"text-align: justify;\">La mejor manera de evitar el contagio de la lepra es el diagn\u00f3stico y tratamiento temprano de las personas infectadas.<\/p>\n<p style=\"text-align: justify;\">En el caso de las personas que estuvieron en\u00a0contacto directo con personas infectadas sin tratamiento, es importante\u00a0realizar controles peri\u00f3dicos.<\/p>\n<h2 style=\"text-align: justify;\"><strong>\u00bfC\u00f3mo se trata?<\/strong><\/h2>\n<p style=\"text-align: justify;\">El tratamiento es ambulatorio, es decir que no precisa ning\u00fan tipo de internaci\u00f3n, e incluye el uso de antibi\u00f3ticos, antiinflamatorios y el tratamiento de las secuelas. La medicaci\u00f3n es entregada en forma gratuita por el Programa Nacional de Lucha contra la Lepra (Ministerio de Salud de la Naci\u00f3n). El paciente tratado, puede seguir haciendo su vida normal: trabajar, casarse, tener hijos, etc.<\/p>\n<p style=\"text-align: left;\">Fuente: Ministerio de Salud \u2013 Presidencia de la Naci\u00f3n (Argentina)<\/p>\n<p style=\"text-align: left;\">http:\/\/msal.gob.ar\/index.php\/component\/content\/article\/48\/187-lepra#sthash.0fLOXN1k.dpuf<\/p>\n","protected":false},"excerpt":{"rendered":"<p>La lepra es una enfermedad curable, causada por un microbio, el\u00a0Mycobacterium leprae, que afecta principalmente la piel y los nervios perif\u00e9ricos. Las formas cl\u00ednicas m\u00e1s graves pueden comprometer tambi\u00e9n las mucosas de las v\u00edas a\u00e9reas superiores y otros \u00f3rganos como los ganglios, el h\u00edgado, el bazo, etc. En los casos m\u00e1s graves, si no se realiza un diagn\u00f3stico precoz y un tratamiento regular y completo, puede generar discapacidades f\u00edsicas, permanentes y progresivas, as\u00ed como tambi\u00e9n dificultad en las relaciones sociales, laborales y familiares, a causa del temor y el rechazo que la lepra hist\u00f3ricamente ha provocado. Con el tratamiento oportuno\u00a0la lepra tiene cura.<\/p>\n","protected":false},"author":9,"featured_media":0,"comment_status":"closed","ping_status":"closed","sticky":false,"template":"","format":"standard","meta":{"footnotes":""},"categories":[22],"tags":[1748,647,993,1238,1752,1749,244,1743,1262,1009,1742,1750,1744,1747,1745,1746,1011,365,1751,269],"_links":{"self":[{"href":"https:\/\/elbibliote.com\/resources\/articulosdestacados\/index.php?rest_route=\/wp\/v2\/posts\/1380"}],"collection":[{"href":"https:\/\/elbibliote.com\/resources\/articulosdestacados\/index.php?rest_route=\/wp\/v2\/posts"}],"about":[{"href":"https:\/\/elbibliote.com\/resources\/articulosdestacados\/index.php?rest_route=\/wp\/v2\/types\/post"}],"author":[{"embeddable":true,"href":"https:\/\/elbibliote.com\/resources\/articulosdestacados\/index.php?rest_route=\/wp\/v2\/users\/9"}],"replies":[{"embeddable":true,"href":"https:\/\/elbibliote.com\/resources\/articulosdestacados\/index.php?rest_route=%2Fwp%2Fv2%2Fcomments&post=1380"}],"version-history":[{"count":3,"href":"https:\/\/elbibliote.com\/resources\/articulosdestacados\/index.php?rest_route=\/wp\/v2\/posts\/1380\/revisions"}],"predecessor-version":[{"id":1388,"href":"https:\/\/elbibliote.com\/resources\/articulosdestacados\/index.php?rest_route=\/wp\/v2\/posts\/1380\/revisions\/1388"}],"wp:attachment":[{"href":"https:\/\/elbibliote.com\/resources\/articulosdestacados\/index.php?rest_route=%2Fwp%2Fv2%2Fmedia&parent=1380"}],"wp:term":[{"taxonomy":"category","embeddable":true,"href":"https:\/\/elbibliote.com\/resources\/articulosdestacados\/index.php?rest_route=%2Fwp%2Fv2%2Fcategories&post=1380"},{"taxonomy":"post_tag","embeddable":true,"href":"https:\/\/elbibliote.com\/resources\/articulosdestacados\/index.php?rest_route=%2Fwp%2Fv2%2Ftags&post=1380"}],"curies":[{"name":"wp","href":"https:\/\/api.w.org\/{rel}","templated":true}]}}