{"id":1416,"date":"2018-03-21T15:03:02","date_gmt":"2018-03-21T18:03:02","guid":{"rendered":"http:\/\/elbibliote.com\/resources\/articulosdestacados\/?p=1416"},"modified":"2021-09-21T14:12:38","modified_gmt":"2021-09-21T17:12:38","slug":"migranas","status":"publish","type":"post","link":"https:\/\/elbibliote.com\/resources\/articulosdestacados\/?p=1416","title":{"rendered":"Migra\u00f1as"},"content":{"rendered":"<p style=\"text-align: justify;\"><span style=\"color: #808080;\"><em>Es una enfermedad cr\u00f3nica que consiste en dolores de cabeza recurrentes, de duraci\u00f3n e intensidad variables, normalmente localizados en un lado de la cabeza.<\/em><\/span><\/p>\n<p><img loading=\"lazy\" decoding=\"async\" class=\"wp-image-1417 size-full aligncenter\" src=\"https:\/\/elbibliote.com\/resources\/articulosdestacados\/wp-content\/uploads\/2018\/03\/iStock-675323588.jpg\" alt=\"\" width=\"550\" height=\"309\" srcset=\"https:\/\/elbibliote.com\/resources\/articulosdestacados\/wp-content\/uploads\/2018\/03\/iStock-675323588.jpg 550w, https:\/\/elbibliote.com\/resources\/articulosdestacados\/wp-content\/uploads\/2018\/03\/iStock-675323588-300x169.jpg 300w\" sizes=\"(max-width: 550px) 100vw, 550px\" \/><\/p>\n<p style=\"text-align: justify;\">Es m\u00e1s frecuente en mujeres que en hombres y pueden ser de origen hereditario. En general, las migra\u00f1as se comienzan a presentar entre los 10 y los 45 a\u00f1os pero pueden aparecer luego.<\/p>\n<h2 style=\"text-align: justify;\"><strong>\u00bfCu\u00e1les son los s\u00edntomas?<\/strong><\/h2>\n<p style=\"text-align: justify;\">Algunas personas suelen tener s\u00edntomas de advertencia denominados aura. Cuando aparecen los s\u00edntomas del aura pueden hacerlo desde unos minutos antes hasta horas antes de comenzar el dolor de cabeza Los s\u00edntomas del aura pueden ser visi\u00f3n borrosa, puntos brillantes, p\u00e9rdida de una parte del campo visual, etc.<br \/>\nLas migra\u00f1as comienzan como un dolor muy intenso, puls\u00e1til y palpitante que va en aumento, y duran entre 6 y 48 horas<br \/>\nOtros s\u00edntomas son:<br \/>\n\u2022 N\u00e1useas y v\u00f3mitos<br \/>\n\u2022 Sensibilidad a la luz y al ruido<br \/>\n\u2022 Inapetencia<br \/>\n\u2022 Fatiga<br \/>\n\u2022 Irritabilidad<br \/>\nHay ciertos desencadenantes que pueden producir migra\u00f1as como:<br \/>\n\u2022 El alcohol<br \/>\n\u2022 El estr\u00e9s<br \/>\n\u2022 La ansiedad<br \/>\n\u2022 Ciertos olores o perfumes<br \/>\n\u2022 Los ruidos intensos y las luces brillantes<br \/>\n\u2022 El consumo de tabaco<br \/>\n\u2022 Los cambios hormonales durante el ciclo menstrual de las mujeres o el uso de pastillas anticonceptivas<br \/>\n\u2022 Ejercicios intensos<br \/>\n\u2022 El ayuno prolongado<br \/>\n\u2022 Cambios en los patrones del sue\u00f1o<br \/>\n\u2022 Ciertos alimentos como chocolate, quesos duros, alcohol<\/p>\n<h2 style=\"text-align: justify;\"><strong>\u00bfC\u00f3mo puede prevenirse?<\/strong><\/h2>\n<p style=\"text-align: justify;\">Como no hay un tratamiento definitivo para la migra\u00f1a, peri s\u00ed se pueden tratar los s\u00edntomas y prevenirlos, es importante, de conocerlos, evitar los factores que puedan desencadenar el dolor.<\/p>\n<h2 style=\"text-align: justify;\"><strong>\u00bfCu\u00e1l es el tratamiento?<\/strong><\/h2>\n<p style=\"text-align: justify;\">El objetivo del tratamiento del episodio de dolor es siempre atacar los s\u00edntomas asociados y disminuir el dolor. Es importante tratar precozmente el dolor para evitar su progresi\u00f3n y por ende el abuso de f\u00e1rmaco.<br \/>\nEn consecuencia es importante, si se sufre de migra\u00f1as, consultar a un m\u00e9dico que pueda brindar un tratamiento adecuado al caso, incluyendo, de ser necesario, un tratamiento preventivo.<\/p>\n<p style=\"text-align: left;\">Fuente: Ministerio de Salud \u2013 Presidencia de la Naci\u00f3n (Argentina)<\/p>\n<p style=\"text-align: left;\">http:\/\/msal.gob.ar\/index.php\/component\/content\/article\/48-temas-de-salud-de-la-a-a-la-z\/372-migranas#sthash.zv2Q0dzG.dpuf<\/p>\n","protected":false},"excerpt":{"rendered":"<p>Es una enfermedad cr\u00f3nica que consiste en dolores de cabeza recurrentes, de duraci\u00f3n e intensidad variables, normalmente localizados en un lado de la cabeza.<\/p>\n","protected":false},"author":9,"featured_media":0,"comment_status":"closed","ping_status":"closed","sticky":false,"template":"","format":"standard","meta":{"footnotes":""},"categories":[22],"tags":[495,331,799,1822,1831,254,536,643,1188,1421,1821,1404,1829,1819,763,1827,1832,1824,1828,1825,1823,1820,1830,1791,1826,777,256],"_links":{"self":[{"href":"https:\/\/elbibliote.com\/resources\/articulosdestacados\/index.php?rest_route=\/wp\/v2\/posts\/1416"}],"collection":[{"href":"https:\/\/elbibliote.com\/resources\/articulosdestacados\/index.php?rest_route=\/wp\/v2\/posts"}],"about":[{"href":"https:\/\/elbibliote.com\/resources\/articulosdestacados\/index.php?rest_route=\/wp\/v2\/types\/post"}],"author":[{"embeddable":true,"href":"https:\/\/elbibliote.com\/resources\/articulosdestacados\/index.php?rest_route=\/wp\/v2\/users\/9"}],"replies":[{"embeddable":true,"href":"https:\/\/elbibliote.com\/resources\/articulosdestacados\/index.php?rest_route=%2Fwp%2Fv2%2Fcomments&post=1416"}],"version-history":[{"count":5,"href":"https:\/\/elbibliote.com\/resources\/articulosdestacados\/index.php?rest_route=\/wp\/v2\/posts\/1416\/revisions"}],"predecessor-version":[{"id":19475,"href":"https:\/\/elbibliote.com\/resources\/articulosdestacados\/index.php?rest_route=\/wp\/v2\/posts\/1416\/revisions\/19475"}],"wp:attachment":[{"href":"https:\/\/elbibliote.com\/resources\/articulosdestacados\/index.php?rest_route=%2Fwp%2Fv2%2Fmedia&parent=1416"}],"wp:term":[{"taxonomy":"category","embeddable":true,"href":"https:\/\/elbibliote.com\/resources\/articulosdestacados\/index.php?rest_route=%2Fwp%2Fv2%2Fcategories&post=1416"},{"taxonomy":"post_tag","embeddable":true,"href":"https:\/\/elbibliote.com\/resources\/articulosdestacados\/index.php?rest_route=%2Fwp%2Fv2%2Ftags&post=1416"}],"curies":[{"name":"wp","href":"https:\/\/api.w.org\/{rel}","templated":true}]}}