{"id":1428,"date":"2018-03-21T15:09:24","date_gmt":"2018-03-21T18:09:24","guid":{"rendered":"http:\/\/elbibliote.com\/resources\/articulosdestacados\/?p=1428"},"modified":"2018-03-21T15:09:24","modified_gmt":"2018-03-21T18:09:24","slug":"neumonia","status":"publish","type":"post","link":"https:\/\/elbibliote.com\/resources\/articulosdestacados\/?p=1428","title":{"rendered":"Neumon\u00eda"},"content":{"rendered":"<p style=\"text-align: justify;\"><span style=\"color: #808080;\"><em>Es una infecci\u00f3n de los pulmones que ocasiona una grave inflamaci\u00f3n de los mismos, produciendo dificultad para respirar, e inclusive dolor. Puede ser de origen bacteriano, viral o parasitario.<\/em><\/span><\/p>\n<p style=\"text-align: justify;\">La neumon\u00eda causada por bacterias tiende a ser la m\u00e1s grave. En los adultos, las bacterias son la causa m\u00e1s com\u00fan de neumon\u00eda, mientas que en beb\u00e9s y ni\u00f1os suele ser de origen viral.<\/p>\n<p style=\"text-align: justify;\">Quienes presentan mayor riesgo de desarrollar una neumon\u00eda complicada son:<br \/>\n\u2022 Adultos mayores o ni\u00f1os muy peque\u00f1os.<br \/>\n\u2022 Personas con su sistema inmunitario debilitado (por ejemplo, personas con VIH-sida.)<br \/>\n\u2022 Personas con otros problemas m\u00e9dicos serios, como diabetes o cirrosis del h\u00edgado<\/p>\n<p><img loading=\"lazy\" decoding=\"async\" class=\"aligncenter wp-image-1429 size-full\" src=\"https:\/\/elbibliote.com\/resources\/articulosdestacados\/wp-content\/uploads\/2018\/03\/iStock-531924510.jpg\" alt=\"\" width=\"550\" height=\"367\" srcset=\"https:\/\/elbibliote.com\/resources\/articulosdestacados\/wp-content\/uploads\/2018\/03\/iStock-531924510.jpg 550w, https:\/\/elbibliote.com\/resources\/articulosdestacados\/wp-content\/uploads\/2018\/03\/iStock-531924510-300x200.jpg 300w\" sizes=\"(max-width: 550px) 100vw, 550px\" \/><\/p>\n<h2 style=\"text-align: justify;\"><strong>\u00bfC\u00f3mo se transmite?<\/strong><\/h2>\n<p style=\"text-align: justify;\">Esta enfermedad puede contraerse por las siguientes v\u00edas:<br \/>\n&#8211; La propagaci\u00f3n hacia los pulmones de las bacterias y virus que viven en la nariz, los senos paranasales o la boca.<br \/>\n&#8211; Al inhalar alimentos, l\u00edquidos, v\u00f3mito o secreciones desde la boca hacia los pulmones (neumon\u00eda por aspiraci\u00f3n).<\/p>\n<h2 style=\"text-align: justify;\"><strong>\u00bfCu\u00e1les son sus s\u00edntomas?<\/strong><\/h2>\n<p style=\"text-align: justify;\">Los s\u00edntomas de la neumon\u00eda pueden ser uno o m\u00e1s de los siguientes:<br \/>\n\u2022 Dificultad para respirar.<br \/>\n\u2022 Escalofr\u00edos.<br \/>\n\u2022 Fiebre y sudoraci\u00f3n.<br \/>\n\u2022 Dolor en el pecho.<br \/>\n\u2022 Tos (con flema o seca).<\/p>\n<h2 style=\"text-align: justify;\"><strong>\u00bfC\u00f3mo se trata?<\/strong><\/h2>\n<p style=\"text-align: justify;\">Existen varios tratamientos para la neumon\u00eda, pero es importante acudir al m\u00e9dico para que indique el m\u00e1s adecuado seg\u00fan el caso.<\/p>\n<p style=\"text-align: justify;\">En general, se recomiendan reposo, antibi\u00f3ticos\u00a0y medicamentos para aliviar los s\u00edntomas. De ser necesario, la persona enferma con neumon\u00eda puede requerir hospitalizaci\u00f3n. Con tratamiento, la mayor\u00eda de los pacientes mejora al cabo de dos semanas, aunque los pacientes de edad avanzada o con su sistema inmune m\u00e1s d\u00e9bil pueden necesitar un tratamiento m\u00e1s prolongado.<\/p>\n<h2 style=\"text-align: justify;\"><strong>\u00bfC\u00f3mo se puede prevenir?<\/strong><\/h2>\n<p style=\"text-align: justify;\">Las medidas de prevenci\u00f3n son b\u00e1sicamente mantener una buena higiene:<br \/>\n\u2022 Lavarse las manos frecuentemente.<br \/>\n\u2022 Desechar adecuadamente los pa\u00f1uelos.<br \/>\n\u2022 Cubrirse la boca y la nariz cuando tose o estornuda.<br \/>\n\u2022 En el caso de los grupos considerados con mayor riesgo de contraer cuadros graves por influenza o neumon\u00eda, los mismos deben recibir la vacunaci\u00f3n anual contra la gripe y la vacuna antineumoc\u00f3ccica, incluidas en el\u00a0Calendario Nacional de Vacunaci\u00f3n.\u00a0<strong>Son gratuitas en todos los centros de vacunaci\u00f3n y hospitales\u00a0p\u00fablicos del pa\u00eds.<\/strong><\/p>\n<p style=\"text-align: left;\">Fuente: Ministerio de Salud \u2013 Presidencia de la Naci\u00f3n (Argentina)<\/p>\n<p style=\"text-align: left;\">http:\/\/msal.gob.ar\/index.php\/component\/content\/article\/48\/97-neumonia#sthash.VTIpTgXN.dpuf<\/p>\n","protected":false},"excerpt":{"rendered":"<p>Es una infecci\u00f3n de los pulmones que ocasiona una grave inflamaci\u00f3n de los mismos, produciendo dificultad para respirar, e inclusive dolor. Puede ser de origen bacteriano, viral o parasitario.<\/p>\n","protected":false},"author":9,"featured_media":0,"comment_status":"closed","ping_status":"closed","sticky":false,"template":"","format":"standard","meta":{"footnotes":""},"categories":[22],"tags":[884,685,1874,244,1873,630,640,1875,1877,1876,693,1878],"_links":{"self":[{"href":"https:\/\/elbibliote.com\/resources\/articulosdestacados\/index.php?rest_route=\/wp\/v2\/posts\/1428"}],"collection":[{"href":"https:\/\/elbibliote.com\/resources\/articulosdestacados\/index.php?rest_route=\/wp\/v2\/posts"}],"about":[{"href":"https:\/\/elbibliote.com\/resources\/articulosdestacados\/index.php?rest_route=\/wp\/v2\/types\/post"}],"author":[{"embeddable":true,"href":"https:\/\/elbibliote.com\/resources\/articulosdestacados\/index.php?rest_route=\/wp\/v2\/users\/9"}],"replies":[{"embeddable":true,"href":"https:\/\/elbibliote.com\/resources\/articulosdestacados\/index.php?rest_route=%2Fwp%2Fv2%2Fcomments&post=1428"}],"version-history":[{"count":2,"href":"https:\/\/elbibliote.com\/resources\/articulosdestacados\/index.php?rest_route=\/wp\/v2\/posts\/1428\/revisions"}],"predecessor-version":[{"id":1661,"href":"https:\/\/elbibliote.com\/resources\/articulosdestacados\/index.php?rest_route=\/wp\/v2\/posts\/1428\/revisions\/1661"}],"wp:attachment":[{"href":"https:\/\/elbibliote.com\/resources\/articulosdestacados\/index.php?rest_route=%2Fwp%2Fv2%2Fmedia&parent=1428"}],"wp:term":[{"taxonomy":"category","embeddable":true,"href":"https:\/\/elbibliote.com\/resources\/articulosdestacados\/index.php?rest_route=%2Fwp%2Fv2%2Fcategories&post=1428"},{"taxonomy":"post_tag","embeddable":true,"href":"https:\/\/elbibliote.com\/resources\/articulosdestacados\/index.php?rest_route=%2Fwp%2Fv2%2Ftags&post=1428"}],"curies":[{"name":"wp","href":"https:\/\/api.w.org\/{rel}","templated":true}]}}