{"id":1548,"date":"2018-03-22T11:28:37","date_gmt":"2018-03-22T14:28:37","guid":{"rendered":"http:\/\/elbibliote.com\/resources\/articulosdestacados\/?p=1548"},"modified":"2018-03-22T11:28:37","modified_gmt":"2018-03-22T14:28:37","slug":"conjuntivitis","status":"publish","type":"post","link":"https:\/\/elbibliote.com\/resources\/articulosdestacados\/?p=1548","title":{"rendered":"Conjuntivitis"},"content":{"rendered":"<p><span style=\"color: #808080;\"><em>Es la reacci\u00f3n inflamatoria de la conjuntiva, una membrana que recubre el interior de los p\u00e1rpados y que se extiende a la parte anterior del globo ocular.<\/em><\/span><\/p>\n<h2><strong>\u00bfCu\u00e1l es la causa?<\/strong><\/h2>\n<p>El origen de la enfermedad puede ser bacteriano, viral o por\u00a0alergia.<\/p>\n<h2><strong>\u00bfCu\u00e1les son los s\u00edntomas?<\/strong><\/h2>\n<p><strong>Los s\u00edntomas suelen ser:<\/strong><\/p>\n<ul>\n<li>ojo rojo.<\/li>\n<li>lagrimeo.<\/li>\n<li>sensaci\u00f3n de cuerpo extra\u00f1o.<\/li>\n<li>secreci\u00f3n.<\/li>\n<li>edema en la zona del p\u00e1rpado.<\/li>\n<li>dolor.<\/li>\n<\/ul>\n<p><img loading=\"lazy\" decoding=\"async\" class=\"wp-image-1549 size-full\" src=\"https:\/\/elbibliote.com\/resources\/articulosdestacados\/wp-content\/uploads\/2018\/03\/iStock-495624858.jpg\" alt=\"\" width=\"550\" height=\"367\" srcset=\"https:\/\/elbibliote.com\/resources\/articulosdestacados\/wp-content\/uploads\/2018\/03\/iStock-495624858.jpg 550w, https:\/\/elbibliote.com\/resources\/articulosdestacados\/wp-content\/uploads\/2018\/03\/iStock-495624858-300x200.jpg 300w\" sizes=\"(max-width: 550px) 100vw, 550px\" \/><\/p>\n<h2><strong>\u00bfCu\u00e1l es el tratamiento?<\/strong><\/h2>\n<p>Para el tratamiento se suelen indicar antibi\u00f3ticos t\u00f3picos, fr\u00edo local, y la correcta higiene de p\u00e1rpados y pesta\u00f1as. Se recomienda tambi\u00e9n no cubrir los ojos ya que eso favorecer\u00eda la proliferaci\u00f3n de microbios.<\/p>\n<p>Para evitar el contagio a otros, se recomienda aislamiento.<\/p>\n<p style=\"text-align: left;\">Fuente: Ministerio de Salud \u2013 Presidencia de la Naci\u00f3n (Argentina) http:\/\/www.msal.gob.ar\/index.php\/component\/content\/article\/48-temas-de-salud-de-la-a-a-la-z\/324-conjuntivitis#sthash.sXuP5gIO.dpuf<\/p>\n","protected":false},"excerpt":{"rendered":"<p>Es la reacci\u00f3n inflamatoria de la conjuntiva, una membrana que recubre el interior de los p\u00e1rpados y que se extiende a la parte anterior del globo ocular.<\/p>\n","protected":false},"author":6,"featured_media":0,"comment_status":"closed","ping_status":"closed","sticky":false,"template":"","format":"standard","meta":{"footnotes":""},"categories":[22],"tags":[737,2199,2195,252,2198,2201,2196,2200,2197,2194,1274,247],"_links":{"self":[{"href":"https:\/\/elbibliote.com\/resources\/articulosdestacados\/index.php?rest_route=\/wp\/v2\/posts\/1548"}],"collection":[{"href":"https:\/\/elbibliote.com\/resources\/articulosdestacados\/index.php?rest_route=\/wp\/v2\/posts"}],"about":[{"href":"https:\/\/elbibliote.com\/resources\/articulosdestacados\/index.php?rest_route=\/wp\/v2\/types\/post"}],"author":[{"embeddable":true,"href":"https:\/\/elbibliote.com\/resources\/articulosdestacados\/index.php?rest_route=\/wp\/v2\/users\/6"}],"replies":[{"embeddable":true,"href":"https:\/\/elbibliote.com\/resources\/articulosdestacados\/index.php?rest_route=%2Fwp%2Fv2%2Fcomments&post=1548"}],"version-history":[{"count":4,"href":"https:\/\/elbibliote.com\/resources\/articulosdestacados\/index.php?rest_route=\/wp\/v2\/posts\/1548\/revisions"}],"predecessor-version":[{"id":1854,"href":"https:\/\/elbibliote.com\/resources\/articulosdestacados\/index.php?rest_route=\/wp\/v2\/posts\/1548\/revisions\/1854"}],"wp:attachment":[{"href":"https:\/\/elbibliote.com\/resources\/articulosdestacados\/index.php?rest_route=%2Fwp%2Fv2%2Fmedia&parent=1548"}],"wp:term":[{"taxonomy":"category","embeddable":true,"href":"https:\/\/elbibliote.com\/resources\/articulosdestacados\/index.php?rest_route=%2Fwp%2Fv2%2Fcategories&post=1548"},{"taxonomy":"post_tag","embeddable":true,"href":"https:\/\/elbibliote.com\/resources\/articulosdestacados\/index.php?rest_route=%2Fwp%2Fv2%2Ftags&post=1548"}],"curies":[{"name":"wp","href":"https:\/\/api.w.org\/{rel}","templated":true}]}}