{"id":1649,"date":"2018-03-23T14:53:08","date_gmt":"2018-03-23T17:53:08","guid":{"rendered":"http:\/\/elbibliote.com\/resources\/articulosdestacados\/?p=1649"},"modified":"2018-03-23T14:53:08","modified_gmt":"2018-03-23T17:53:08","slug":"paperas-o-parotiditis","status":"publish","type":"post","link":"https:\/\/elbibliote.com\/resources\/articulosdestacados\/?p=1649","title":{"rendered":"Paperas o Parotiditis"},"content":{"rendered":"<p style=\"text-align: justify;\"><em><span style=\"color: #808080;\">Es una enfermedad de origen viral. Se transmite de persona a persona a trav\u00e9s de las secreciones que elimina una persona enferma al hablar, toser o estornudar o bien por contacto directo con cualquier objeto contaminado con estas mismas secreciones.\u00a0El per\u00edodo de incubaci\u00f3n se puede extender de 12-25 d\u00edas.<\/span><\/em><\/p>\n<h2 style=\"text-align: justify;\"><strong>\u00bfCu\u00e1les son los s\u00edntomas?<\/strong><\/h2>\n<p style=\"text-align: justify;\">Los principales s\u00edntomas son:<\/p>\n<p style=\"text-align: justify;\">&#8211; Hinchaz\u00f3n facial: es el s\u00edntoma m\u00e1s notable. Provocado por la hinchaz\u00f3n de las gl\u00e1ndulas salivales. \u00c9sta puede ser muy dolorosa y a veces es el \u00fanico s\u00edntoma.<br \/>\n&#8211; Fiebre<br \/>\n&#8211; Dolor de cabeza<br \/>\n&#8211; Dolor en los m\u00fasculos<br \/>\n&#8211; Cansancio<br \/>\n&#8211; Falta de apetito<\/p>\n<p style=\"text-align: justify;\">En casos graves, las paperas pueden afectar otros \u00f3rganos como el sistema nervioso central, el p\u00e1ncreas, los test\u00edculos y ovarios. Estos casos se pueden manifestar con alguno de los siguientes s\u00edntomas: somnolencia, dolor de cabeza intenso, dolor abdominal, v\u00f3mitos, dolor en test\u00edculos y escroto. Estos son s\u00edntomas de afecci\u00f3n grave por lo que frente a su presencia debe consultar en un centro de salud<\/p>\n<h2 style=\"text-align: justify;\"><strong>\u00bfA qui\u00e9nes afecta?<\/strong><\/h2>\n<p style=\"text-align: justify;\">Afecta principalmente a ni\u00f1os entre los 2 y 12 a\u00f1os que no han sido vacunados contra la enfermedad. Sin embargo, la infecci\u00f3n puede ocurrir a cualquier edad. En los adultos puede ser m\u00e1s seria y traer otras complicaciones.<\/p>\n<h2 style=\"text-align: justify;\"><strong>\u00bfC\u00f3mo puede prevenirse?<\/strong><\/h2>\n<p style=\"text-align: justify;\"><strong>Con vacunaci\u00f3n.\u00a0<\/strong>La\u00a0vacuna antiparot\u00eddica\u00a0se encuentra incluida en la vacuna Triple Viral (SRP: sarampi\u00f3n, paperas y rub\u00e9ola). El Calendario Nacional de Vacunaci\u00f3n recomienda aplicar la primera dosis al a\u00f1o de vida y un refuerzo al ingreso escolar.<\/p>\n<p style=\"text-align: justify;\">Adem\u00e1s se pueden tomar otras medidas como:<\/p>\n<p style=\"text-align: justify;\">&#8211; Lavarse bien las manos con agua y jab\u00f3n.<br \/>\n&#8211; No compartir cubiertos a la hora de comer.<br \/>\n&#8211; Limpiar las superficies que se tocan con frecuencias con agua y jab\u00f3n (picaportes, juguetes, mesas).<\/p>\n<h2 style=\"text-align: justify;\"><strong>\u00bfCu\u00e1l es el tratamiento?<\/strong><\/h2>\n<p style=\"text-align: justify;\">Una vez contagiado, no hay un tratamiento espec\u00edfico. Es importante acudir al m\u00e9dico inmediatamente si se cree estar en presencia de la enfermedad.<br \/>\nEl tratamiento suele ser paliativo para calmar los s\u00edntomas con medidas como:<\/p>\n<p style=\"text-align: justify;\">&#8211; Beber abundante cantidad de l\u00edquido para mantenerse hidratado.<br \/>\n&#8211; Consumir alimentos blandos que no requieran mucha masticaci\u00f3n.<br \/>\n&#8211; Evitar los alimentos \u00e1cidos o los alimentos que hagan que la boca segregue saliva, como los c\u00edtricos.<\/p>\n<p style=\"text-align: left;\">Fuente: Ministerio de Salud \u2013 Presidencia de la Naci\u00f3n (Argentina)<\/p>\n<p style=\"text-align: left;\">http:\/\/msal.gob.ar\/index.php\/component\/content\/article\/48\/213-paperas-o-parotiditis#sthash.HPB2tB6T.dpuf<\/p>\n","protected":false},"excerpt":{"rendered":"<p>Es una enfermedad de origen viral. Se transmite de persona a persona a trav\u00e9s de las secreciones que elimina una persona enferma al hablar, toser o estornudar o bien por contacto directo con cualquier objeto contaminado con estas mismas secreciones.\u00a0El per\u00edodo de incubaci\u00f3n se puede extender de 12-25 d\u00edas.<\/p>\n","protected":false},"author":9,"featured_media":0,"comment_status":"closed","ping_status":"closed","sticky":false,"template":"","format":"standard","meta":{"footnotes":""},"categories":[22],"tags":[644,993,254,2431,204,900,1471,242,2328,1011,2433,1227,2429,2430,1494,2432,1857,1482,697,586,1274],"_links":{"self":[{"href":"https:\/\/elbibliote.com\/resources\/articulosdestacados\/index.php?rest_route=\/wp\/v2\/posts\/1649"}],"collection":[{"href":"https:\/\/elbibliote.com\/resources\/articulosdestacados\/index.php?rest_route=\/wp\/v2\/posts"}],"about":[{"href":"https:\/\/elbibliote.com\/resources\/articulosdestacados\/index.php?rest_route=\/wp\/v2\/types\/post"}],"author":[{"embeddable":true,"href":"https:\/\/elbibliote.com\/resources\/articulosdestacados\/index.php?rest_route=\/wp\/v2\/users\/9"}],"replies":[{"embeddable":true,"href":"https:\/\/elbibliote.com\/resources\/articulosdestacados\/index.php?rest_route=%2Fwp%2Fv2%2Fcomments&post=1649"}],"version-history":[{"count":3,"href":"https:\/\/elbibliote.com\/resources\/articulosdestacados\/index.php?rest_route=\/wp\/v2\/posts\/1649\/revisions"}],"predecessor-version":[{"id":2016,"href":"https:\/\/elbibliote.com\/resources\/articulosdestacados\/index.php?rest_route=\/wp\/v2\/posts\/1649\/revisions\/2016"}],"wp:attachment":[{"href":"https:\/\/elbibliote.com\/resources\/articulosdestacados\/index.php?rest_route=%2Fwp%2Fv2%2Fmedia&parent=1649"}],"wp:term":[{"taxonomy":"category","embeddable":true,"href":"https:\/\/elbibliote.com\/resources\/articulosdestacados\/index.php?rest_route=%2Fwp%2Fv2%2Fcategories&post=1649"},{"taxonomy":"post_tag","embeddable":true,"href":"https:\/\/elbibliote.com\/resources\/articulosdestacados\/index.php?rest_route=%2Fwp%2Fv2%2Ftags&post=1649"}],"curies":[{"name":"wp","href":"https:\/\/api.w.org\/{rel}","templated":true}]}}