{"id":17392,"date":"2023-11-01T12:21:42","date_gmt":"2023-11-01T15:21:42","guid":{"rendered":"http:\/\/elbibliote.com\/resources\/articulosdestacados\/?p=17392"},"modified":"2023-11-01T12:21:42","modified_gmt":"2023-11-01T15:21:42","slug":"guerra-ideologica","status":"publish","type":"post","link":"https:\/\/elbibliote.com\/resources\/articulosdestacados\/?p=17392","title":{"rendered":"Guerra ideol\u00f3gica"},"content":{"rendered":"<p style=\"text-align: justify;\"><span style=\"color: #808080;\"><em>Todas nuestras ideas, conceptos u opiniones se expresan en las relaciones que tenemos con la sociedad y la naturaleza. Son las bases para una ideolog\u00eda que puede reinar o no en una colectividad y que a su vez, pueden generar grandes conflictos entre naciones. La guerra ideol\u00f3gica trata de cambiar la mentalidad de los ciudadanos a trav\u00e9s de la propaganda, moviliza sociedades y crea tensiones armadas entre pueblos.<\/em><\/span><\/p>\n<h2>las ideas en una guerra<\/h2>\n<p style=\"text-align: justify;\">Seg\u00fan la Real Academia Espa\u00f1ola, la ideolog\u00eda es un <em>&#8220;conjunto de ideas fundamentales que caracterizan el pensamiento de una persona, colectividad o \u00e9poca, de un movimiento cultural, religioso o pol\u00edtico&#8221;,<\/em> por lo tanto, cuando est\u00e1 enmarcada en una doctrina o inter\u00e9s que promueve un acto b\u00e9lico, sirve para que miles de hombres y mujeres mueran y maten masivamente.<\/p>\n<p style=\"text-align: justify;\">La visi\u00f3n ideol\u00f3gica en un conflicto no solo ayuda a impulsar intervenciones militares y provocar enfrentamientos; sino que tambi\u00e9n permite aglutinar la opini\u00f3n p\u00fablica de un bando y funciona como agente de movilizaci\u00f3n social frente al enemigo.<\/p>\n<figure id=\"attachment_17498\" aria-describedby=\"caption-attachment-17498\" style=\"width: 1920px\" class=\"wp-caption aligncenter\"><img loading=\"lazy\" decoding=\"async\" class=\"wp-image-17498 size-full\" src=\"https:\/\/elbibliote.com\/resources\/articulosdestacados\/wp-content\/uploads\/2020\/10\/france-63022_1920.jpg\" alt=\"\" width=\"1920\" height=\"1519\" srcset=\"https:\/\/elbibliote.com\/resources\/articulosdestacados\/wp-content\/uploads\/2020\/10\/france-63022_1920.jpg 1920w, https:\/\/elbibliote.com\/resources\/articulosdestacados\/wp-content\/uploads\/2020\/10\/france-63022_1920-300x237.jpg 300w, https:\/\/elbibliote.com\/resources\/articulosdestacados\/wp-content\/uploads\/2020\/10\/france-63022_1920-768x608.jpg 768w, https:\/\/elbibliote.com\/resources\/articulosdestacados\/wp-content\/uploads\/2020\/10\/france-63022_1920-1024x810.jpg 1024w\" sizes=\"(max-width: 1920px) 100vw, 1920px\" \/><figcaption id=\"caption-attachment-17498\" class=\"wp-caption-text\">La guerra ideol\u00f3gica tiene sus or\u00edgenes en la Revoluci\u00f3n francesa, en la que nacieron los conceptos de libertad pol\u00edtica, igualdad y fraternidad.<\/figcaption><\/figure>\n<h2>la guerra fr\u00eda: una guerra de ideas<\/h2>\n<p style=\"text-align: justify;\">Al finalizar la\u00a0Segunda Guerra Mundial, inici\u00f3 un nuevo enfrentamiento entre dos superpotencias: Estados Unidos y la Uni\u00f3n Sovi\u00e9tica, ambas con intereses contrapuestos, una fuerte influencia en grandes regiones del planeta y un arsenal de armas nucleares.<\/p>\n<p style=\"text-align: justify;\">No obstante, esta rivalidad nunca desemboc\u00f3 en un conflicto armado, m\u00e1s bien se lo considera un &#8220;conflicto ideol\u00f3gico&#8221; entre dos naciones con caracter\u00edsticas econ\u00f3micas, sociales y pol\u00edticas radicalmente opuestas y que, a su vez, se valoraban a s\u00ed mismas como modelos a seguir para el resto del mundo. Algunas de los principios e ideales de cada potencia son las siguientes:<\/p>\n<table>\n<tbody>\n<tr>\n<td style=\"text-align: center;\"><strong>ESTADOS UNIDOS<\/strong><\/td>\n<td style=\"text-align: center;\"><strong>UNI\u00d3N SOVI\u00c9TICA<\/strong><\/td>\n<\/tr>\n<tr>\n<td style=\"text-align: center;\">Defiende el sistema <strong>capitalista.<\/strong><\/td>\n<td style=\"text-align: center;\">Defiende el sistema<strong> comunista.<\/strong><\/td>\n<\/tr>\n<tr>\n<td style=\"text-align: center;\">Tiene respeto total a la <strong>propiedad privada.<\/strong><\/td>\n<td style=\"text-align: center;\">Elimina la propiedad privada para satisfacer a la <strong>propiedad p\u00fablica o colectiva.<\/strong><\/td>\n<\/tr>\n<tr>\n<td style=\"text-align: center;\">El <strong>mercado est\u00e1 dirigido por la ley de oferta y demanda.<\/strong><\/td>\n<td style=\"text-align: center;\">El <strong>mercado es controlado por el Estado, el cual establece los precios.<\/strong><\/td>\n<\/tr>\n<tr>\n<td style=\"text-align: center;\">Hay <strong>divisi\u00f3n de poderes<\/strong> y representatividad.<\/td>\n<td style=\"text-align: center;\">Hay<strong> dictadura del proletariado<\/strong> a trav\u00e9s del Estado.<\/td>\n<\/tr>\n<\/tbody>\n<\/table>\n<p style=\"text-align: justify;\"><div class=\"su-box su-box-style-default sabiasque\" id=\"\" style=\"border-color:#a8a8b7;border-radius:0px;\"><div class=\"su-box-title\" style=\"background-color:#DBDBEA;color:#484848;border-top-left-radius:0px;border-top-right-radius:0px\">\u00bfSab\u00edas qu\u00e9?<\/div><div class=\"su-box-content su-u-clearfix su-u-trim\" style=\"border-bottom-left-radius:0px;border-bottom-right-radius:0px\">El t\u00e9rmino &#8220;Guerra Fr\u00eda&#8221; fue empleado por primera vez en 1947 por Bernard Baruch, asistente del entonces presidente estadounidense Franklin Delano Roosevelt. Se la llam\u00f3 as\u00ed porque no hubo choque armado.<\/div><\/div>\n<p style=\"text-align: justify;\">Si bien la Guerra Fr\u00eda no fue un conflicto armado, represent\u00f3 una amenaza constante entre dos bloques que de manera directa o indirecta se manifestaban en batallas entre otros pa\u00edses peque\u00f1os o compet\u00edan cultural, cient\u00edfica o tecnol\u00f3gicamente, todo esto a trav\u00e9s de un gran aparato de propaganda que comunicaba los logro obtenidos traducidos como un avance del sistema.<\/p>\n<figure id=\"attachment_17496\" aria-describedby=\"caption-attachment-17496\" style=\"width: 1080px\" class=\"wp-caption aligncenter\"><img loading=\"lazy\" decoding=\"async\" class=\"wp-image-17496 size-full\" src=\"https:\/\/elbibliote.com\/resources\/articulosdestacados\/wp-content\/uploads\/2020\/10\/iStock_45226580_MEDIUM.jpg\" alt=\"\" width=\"1080\" height=\"767\" srcset=\"https:\/\/elbibliote.com\/resources\/articulosdestacados\/wp-content\/uploads\/2020\/10\/iStock_45226580_MEDIUM.jpg 1080w, https:\/\/elbibliote.com\/resources\/articulosdestacados\/wp-content\/uploads\/2020\/10\/iStock_45226580_MEDIUM-300x213.jpg 300w, https:\/\/elbibliote.com\/resources\/articulosdestacados\/wp-content\/uploads\/2020\/10\/iStock_45226580_MEDIUM-768x545.jpg 768w, https:\/\/elbibliote.com\/resources\/articulosdestacados\/wp-content\/uploads\/2020\/10\/iStock_45226580_MEDIUM-1024x727.jpg 1024w\" sizes=\"(max-width: 1080px) 100vw, 1080px\" \/><figcaption id=\"caption-attachment-17496\" class=\"wp-caption-text\">La competencia tecnol\u00f3gica se hizo evidente durante la Guerra Fr\u00eda en la carrera espacial: lucha entre Estados Unidos y la Uni\u00f3n Sovi\u00e9tica por explorar el espacio y enviar humanos a \u00e9l.<\/figcaption><\/figure>\n<h2>Guerra y propaganda<\/h2>\n<p style=\"text-align: justify;\">En pol\u00edtica,\u00a0la propaganda consiste en divulgar informaci\u00f3n u opiniones con el prop\u00f3sito de que las personas act\u00faen y piensen de determinaba manera. Este concepto es pr\u00e1cticamente inherente al de guerra, pues la acci\u00f3n b\u00e9lica precisa de la propaganda para condensar la opini\u00f3n p\u00fablica, orienta el \u00e1nimo de cuantos sufren y desestabiliza el campo enemigo.\u00a0Las proclamas, los manifiestos, los folletos, los discursos, las caricaturas y los panfletos son algunos tipos de propaganda pol\u00edtica.<\/p>\n<div class=\"su-note destacado\"  style=\"border-color:#c1c1d0;\"><div class=\"su-note-inner su-u-clearfix su-u-trim\" style=\"background-color:#DBDBEA;border-color:#ffffff;color:#333333;\">\n<p><strong>El legendario\u00a0Napole\u00f3n<\/strong><\/p>\n<p style=\"text-align: justify;\">Napole\u00f3n I Bonaparte (1769-1821) fue un general de la Revoluci\u00f3n francesa, primer c\u00f3nsul de la Rep\u00fablica, emperador de los franceses y rey de Italia. Se lo considera tanto un genio militar como un d\u00e9spota ilustrado, y es que la\u00a0leyenda de Napole\u00f3n fue consecuencia de la propaganda que \u00e9l mismo difundi\u00f3 en cada pa\u00eds conquistado.<\/p>\n<p style=\"text-align: justify;\">La prensa y el arte fueron las responsables de ampliar sus victorias para crear una imagen ideal de su Ej\u00e9rcito y el culto a su persona. En contraste, los ingleses aprovecharon el auge de la propaganda y publicaron caricaturas y panfletos que resaltaban la crueldad y la corrupci\u00f3n en la que estaba envuelta Napole\u00f3n, quien empez\u00f3 a ver este sistema de publicidad como un peligroso enemigo.<\/p>\n<p><img loading=\"lazy\" decoding=\"async\" class=\"alignnone size-full wp-image-17513\" src=\"https:\/\/elbibliote.com\/resources\/articulosdestacados\/wp-content\/uploads\/2020\/10\/Bonaparte.jpg\" alt=\"\" width=\"1091\" height=\"726\" srcset=\"https:\/\/elbibliote.com\/resources\/articulosdestacados\/wp-content\/uploads\/2020\/10\/Bonaparte.jpg 1091w, https:\/\/elbibliote.com\/resources\/articulosdestacados\/wp-content\/uploads\/2020\/10\/Bonaparte-300x200.jpg 300w, https:\/\/elbibliote.com\/resources\/articulosdestacados\/wp-content\/uploads\/2020\/10\/Bonaparte-768x511.jpg 768w, https:\/\/elbibliote.com\/resources\/articulosdestacados\/wp-content\/uploads\/2020\/10\/Bonaparte-1024x681.jpg 1024w\" sizes=\"(max-width: 1091px) 100vw, 1091px\" \/><\/p>\n<p style=\"text-align: justify;\"><\/div><\/div>\n","protected":false},"excerpt":{"rendered":"<p>Todas nuestras ideas, conceptos u opiniones se expresan en las relaciones que tenemos con la sociedad y la naturaleza, son estas la base para una ideolog\u00eda que puede reinar o no en una colectividad y que a su vez, puede generar grandes conflictos entre naciones. La guerra ideol\u00f3gica trata de cambiar la mentalidad de los ciudadanos a trav\u00e9s de la propaganda, moviliza sociedades y crea tensiones armadas entre pueblos.<\/p>\n","protected":false},"author":13,"featured_media":0,"comment_status":"closed","ping_status":"closed","sticky":false,"template":"","format":"standard","meta":{"footnotes":""},"categories":[9],"tags":[9659,7751,7645,3360,225,11524,6461,4310,6021,11522,11521,11523,8252,4318,4554,11528,1688,7170,11525,11526,11527,2462,793,8988],"_links":{"self":[{"href":"https:\/\/elbibliote.com\/resources\/articulosdestacados\/index.php?rest_route=\/wp\/v2\/posts\/17392"}],"collection":[{"href":"https:\/\/elbibliote.com\/resources\/articulosdestacados\/index.php?rest_route=\/wp\/v2\/posts"}],"about":[{"href":"https:\/\/elbibliote.com\/resources\/articulosdestacados\/index.php?rest_route=\/wp\/v2\/types\/post"}],"author":[{"embeddable":true,"href":"https:\/\/elbibliote.com\/resources\/articulosdestacados\/index.php?rest_route=\/wp\/v2\/users\/13"}],"replies":[{"embeddable":true,"href":"https:\/\/elbibliote.com\/resources\/articulosdestacados\/index.php?rest_route=%2Fwp%2Fv2%2Fcomments&post=17392"}],"version-history":[{"count":17,"href":"https:\/\/elbibliote.com\/resources\/articulosdestacados\/index.php?rest_route=\/wp\/v2\/posts\/17392\/revisions"}],"predecessor-version":[{"id":20098,"href":"https:\/\/elbibliote.com\/resources\/articulosdestacados\/index.php?rest_route=\/wp\/v2\/posts\/17392\/revisions\/20098"}],"wp:attachment":[{"href":"https:\/\/elbibliote.com\/resources\/articulosdestacados\/index.php?rest_route=%2Fwp%2Fv2%2Fmedia&parent=17392"}],"wp:term":[{"taxonomy":"category","embeddable":true,"href":"https:\/\/elbibliote.com\/resources\/articulosdestacados\/index.php?rest_route=%2Fwp%2Fv2%2Fcategories&post=17392"},{"taxonomy":"post_tag","embeddable":true,"href":"https:\/\/elbibliote.com\/resources\/articulosdestacados\/index.php?rest_route=%2Fwp%2Fv2%2Ftags&post=17392"}],"curies":[{"name":"wp","href":"https:\/\/api.w.org\/{rel}","templated":true}]}}