{"id":20298,"date":"2023-11-27T17:13:18","date_gmt":"2023-11-27T20:13:18","guid":{"rendered":"https:\/\/elbibliote.com\/resources\/articulosdestacados\/?p=20298"},"modified":"2024-02-28T10:20:08","modified_gmt":"2024-02-28T13:20:08","slug":"motin-del-2-de-agosto-de-1810","status":"publish","type":"post","link":"https:\/\/elbibliote.com\/resources\/articulosdestacados\/?p=20298","title":{"rendered":"Mot\u00edn del 2 de agosto de 1810"},"content":{"rendered":"<p style=\"text-align: justify;\"><span style=\"color: #808080;\"><em>Ecuador se vio marcada por uno de los hechos m\u00e1s sangrientos de su historia el 2 de agosto de 1810, cuando inici\u00f3 una revuelta ciudadana en Quito en la que patriotas atacaron el Real Cuartel de Lima e intentaron liberar a los pr\u00f3ceres que actuaron el 10 de agosto de 1809 en la Primera Junta de Gobierno. El suceso se convirti\u00f3 en una cruel matanza, cientos de quite\u00f1os murieron ese d\u00eda.<\/em><\/span><\/p>\n<h2 style=\"text-align: justify;\">Precedente: inicia la revoluci\u00f3n<\/h2>\n<p style=\"text-align: justify;\">Un grupo de patriotas se reuni\u00f3 la noche del 9 al 10 de agosto de 1809 en la casa de Manuela Ca\u00f1izares para firmar un acuerdo y establecer una nueva Junta que gobernara en nombre de Fernando VII y que destituir\u00eda al presidente Manuel de Urriez, conde de Ruiz de Castilla.<\/p>\n<figure id=\"attachment_20398\" aria-describedby=\"caption-attachment-20398\" style=\"width: 1080px\" class=\"wp-caption aligncenter\"><img loading=\"lazy\" decoding=\"async\" class=\"wp-image-20398 size-full\" src=\"https:\/\/elbibliote.com\/resources\/articulosdestacados\/wp-content\/uploads\/2023\/11\/Reuni\u00f3n_en_la_Casa_de_Manuela_Ca\u00f1izares_10_de_agosto_1809-1.jpg\" alt=\"\" width=\"1080\" height=\"570\" srcset=\"https:\/\/elbibliote.com\/resources\/articulosdestacados\/wp-content\/uploads\/2023\/11\/Reuni\u00f3n_en_la_Casa_de_Manuela_Ca\u00f1izares_10_de_agosto_1809-1.jpg 1080w, https:\/\/elbibliote.com\/resources\/articulosdestacados\/wp-content\/uploads\/2023\/11\/Reuni\u00f3n_en_la_Casa_de_Manuela_Ca\u00f1izares_10_de_agosto_1809-1-300x158.jpg 300w, https:\/\/elbibliote.com\/resources\/articulosdestacados\/wp-content\/uploads\/2023\/11\/Reuni\u00f3n_en_la_Casa_de_Manuela_Ca\u00f1izares_10_de_agosto_1809-1-768x405.jpg 768w, https:\/\/elbibliote.com\/resources\/articulosdestacados\/wp-content\/uploads\/2023\/11\/Reuni\u00f3n_en_la_Casa_de_Manuela_Ca\u00f1izares_10_de_agosto_1809-1-1024x540.jpg 1024w\" sizes=\"(max-width: 1080px) 100vw, 1080px\" \/><figcaption id=\"caption-attachment-20398\" class=\"wp-caption-text\">\u00d3leo que muestra una representaci\u00f3n de la reuni\u00f3n de los pr\u00f3ceres del 10 de agosto de 1809 en la casa de do\u00f1a Manuela Ca\u00f1izares.<\/figcaption><\/figure>\n<h2>nuevo gobierno<\/h2>\n<p style=\"text-align: justify;\">El capit\u00e1n Juan Salinas, quien apoy\u00f3 el movimiento desde el inicio, ofreci\u00f3 sus soldados, y durante la ma\u00f1ana del 10 de agosto \u00e9l y su peque\u00f1o ej\u00e9rcito se apoderaron de las edificaciones gubernamentales. La soberan\u00eda recay\u00f3 en la Junta Suprema, con Juan P\u00edo Mont\u00fafar como presidente; Jos\u00e9 Cuero y Caicedo como vicepresidente, y Juan de Dios Morales, Manuel Rodr\u00edguez de Quiroga y Juan Larrea como secretarios de Estado.<\/p>\n<p style=\"text-align: justify;\">La Junta implant\u00f3 diversas reformas que gozaron de popularidad, sin embargo, muchos sectores no se sent\u00edan representados por sus l\u00edderes pol\u00edticos y rechazaron el movimiento revolucionario. De este modo, la ejecuci\u00f3n de este gobierno ejecutivo se hizo m\u00e1s dif\u00edcil con el tiempo y, luego de unos 3 meses, ces\u00f3 sus funciones.<\/p>\n<h3>Algunos cargos de la Primera Junta de Gobierno Aut\u00f3noma de Quito<\/h3>\n<table>\n<tbody>\n<tr>\n<td style=\"text-align: center; vertical-align: middle;\">\n<figure id=\"attachment_20311\" aria-describedby=\"caption-attachment-20311\" style=\"width: 350px\" class=\"wp-caption aligncenter\"><img loading=\"lazy\" decoding=\"async\" class=\"wp-image-20311 size-full\" src=\"https:\/\/elbibliote.com\/resources\/articulosdestacados\/wp-content\/uploads\/2023\/11\/384px-Juan_P\u00edo_de_Mont\u00fafar_y_Frasso_I_marqu\u00e9s_de_Selva_Alegre_y_sus_hijos_mayores_Juan_P\u00edo_y_Pedro.png\" alt=\"\" width=\"350\" height=\"350\" srcset=\"https:\/\/elbibliote.com\/resources\/articulosdestacados\/wp-content\/uploads\/2023\/11\/384px-Juan_P\u00edo_de_Mont\u00fafar_y_Frasso_I_marqu\u00e9s_de_Selva_Alegre_y_sus_hijos_mayores_Juan_P\u00edo_y_Pedro.png 350w, https:\/\/elbibliote.com\/resources\/articulosdestacados\/wp-content\/uploads\/2023\/11\/384px-Juan_P\u00edo_de_Mont\u00fafar_y_Frasso_I_marqu\u00e9s_de_Selva_Alegre_y_sus_hijos_mayores_Juan_P\u00edo_y_Pedro-150x150.png 150w, https:\/\/elbibliote.com\/resources\/articulosdestacados\/wp-content\/uploads\/2023\/11\/384px-Juan_P\u00edo_de_Mont\u00fafar_y_Frasso_I_marqu\u00e9s_de_Selva_Alegre_y_sus_hijos_mayores_Juan_P\u00edo_y_Pedro-300x300.png 300w\" sizes=\"(max-width: 350px) 100vw, 350px\" \/><figcaption id=\"caption-attachment-20311\" class=\"wp-caption-text\">Juan P\u00edo Mont\u00fafar, presidente.<\/figcaption><\/figure><\/td>\n<td style=\"text-align: center; vertical-align: middle;\">\n<figure id=\"attachment_20318\" aria-describedby=\"caption-attachment-20318\" style=\"width: 350px\" class=\"wp-caption aligncenter\"><img loading=\"lazy\" decoding=\"async\" class=\"wp-image-20318 size-full\" style=\"font-weight: bold; background-color: transparent; color: #707070; font-family: 'Trebuchet MS', Arial, sans-serif; text-align: center;\" src=\"https:\/\/elbibliote.com\/resources\/articulosdestacados\/wp-content\/uploads\/2023\/11\/Jos\u00e9_de_Cuero_y_Caicedo_cropped.jpg\" alt=\"\" width=\"350\" height=\"350\" srcset=\"https:\/\/elbibliote.com\/resources\/articulosdestacados\/wp-content\/uploads\/2023\/11\/Jos\u00e9_de_Cuero_y_Caicedo_cropped.jpg 350w, https:\/\/elbibliote.com\/resources\/articulosdestacados\/wp-content\/uploads\/2023\/11\/Jos\u00e9_de_Cuero_y_Caicedo_cropped-150x150.jpg 150w, https:\/\/elbibliote.com\/resources\/articulosdestacados\/wp-content\/uploads\/2023\/11\/Jos\u00e9_de_Cuero_y_Caicedo_cropped-300x300.jpg 300w\" sizes=\"(max-width: 350px) 100vw, 350px\" \/><figcaption id=\"caption-attachment-20318\" class=\"wp-caption-text\">Obispo Jos\u00e9 de Cuero y Caicedo, vicepresidente.<\/figcaption><\/figure><\/td>\n<\/tr>\n<\/tbody>\n<\/table>\n<table>\n<tbody>\n<tr>\n<td style=\"text-align: center; vertical-align: middle;\">\n<figure id=\"attachment_20314\" aria-describedby=\"caption-attachment-20314\" style=\"width: 350px\" class=\"wp-caption aligncenter\"><img loading=\"lazy\" decoding=\"async\" class=\"wp-image-20314 size-full\" src=\"https:\/\/elbibliote.com\/resources\/articulosdestacados\/wp-content\/uploads\/2023\/11\/Juan_de_Dios_Morales.jpg\" alt=\"\" width=\"350\" height=\"350\" srcset=\"https:\/\/elbibliote.com\/resources\/articulosdestacados\/wp-content\/uploads\/2023\/11\/Juan_de_Dios_Morales.jpg 350w, https:\/\/elbibliote.com\/resources\/articulosdestacados\/wp-content\/uploads\/2023\/11\/Juan_de_Dios_Morales-150x150.jpg 150w, https:\/\/elbibliote.com\/resources\/articulosdestacados\/wp-content\/uploads\/2023\/11\/Juan_de_Dios_Morales-300x300.jpg 300w\" sizes=\"(max-width: 350px) 100vw, 350px\" \/><figcaption id=\"caption-attachment-20314\" class=\"wp-caption-text\">Juan de Dios Morales, ministro de Negocios extranjeros y Guerra.<\/figcaption><\/figure><\/td>\n<td style=\"text-align: center; vertical-align: middle;\">\n<figure id=\"attachment_20312\" aria-describedby=\"caption-attachment-20312\" style=\"width: 350px\" class=\"wp-caption aligncenter\"><img loading=\"lazy\" decoding=\"async\" class=\"wp-image-20312 size-full\" src=\"https:\/\/elbibliote.com\/resources\/articulosdestacados\/wp-content\/uploads\/2023\/11\/Dr._Manuel_Rodr\u00edguez_de_Quiroga.jpg\" alt=\"\" width=\"350\" height=\"350\" srcset=\"https:\/\/elbibliote.com\/resources\/articulosdestacados\/wp-content\/uploads\/2023\/11\/Dr._Manuel_Rodr\u00edguez_de_Quiroga.jpg 350w, https:\/\/elbibliote.com\/resources\/articulosdestacados\/wp-content\/uploads\/2023\/11\/Dr._Manuel_Rodr\u00edguez_de_Quiroga-150x150.jpg 150w, https:\/\/elbibliote.com\/resources\/articulosdestacados\/wp-content\/uploads\/2023\/11\/Dr._Manuel_Rodr\u00edguez_de_Quiroga-300x300.jpg 300w\" sizes=\"(max-width: 350px) 100vw, 350px\" \/><figcaption id=\"caption-attachment-20312\" class=\"wp-caption-text\">Manuel Rodr\u00edguez de Quiroga, ministro de Gracia y Justicia.<\/figcaption><\/figure><\/td>\n<td style=\"text-align: center; vertical-align: middle;\">\n<figure id=\"attachment_20315\" aria-describedby=\"caption-attachment-20315\" style=\"width: 350px\" class=\"wp-caption aligncenter\"><img loading=\"lazy\" decoding=\"async\" class=\"wp-image-20315 size-full\" src=\"https:\/\/elbibliote.com\/resources\/articulosdestacados\/wp-content\/uploads\/2023\/11\/Juan_de_Larrea_por_Manuel_Salas_Alzamora.jpg\" alt=\"\" width=\"350\" height=\"350\" srcset=\"https:\/\/elbibliote.com\/resources\/articulosdestacados\/wp-content\/uploads\/2023\/11\/Juan_de_Larrea_por_Manuel_Salas_Alzamora.jpg 350w, https:\/\/elbibliote.com\/resources\/articulosdestacados\/wp-content\/uploads\/2023\/11\/Juan_de_Larrea_por_Manuel_Salas_Alzamora-150x150.jpg 150w, https:\/\/elbibliote.com\/resources\/articulosdestacados\/wp-content\/uploads\/2023\/11\/Juan_de_Larrea_por_Manuel_Salas_Alzamora-300x300.jpg 300w\" sizes=\"(max-width: 350px) 100vw, 350px\" \/><figcaption id=\"caption-attachment-20315\" class=\"wp-caption-text\">Juan de Larrea, ministro de Hacienda.<\/figcaption><\/figure><\/td>\n<\/tr>\n<\/tbody>\n<\/table>\n<h2>tensi\u00f3n en las calles<\/h2>\n<p style=\"text-align: justify;\">Ante su frustrado gobierno, Juan P\u00edo Mont\u00fafar renunci\u00f3 a la presidencia de la Junta el 12 de octubre de 1809 y d\u00edas despu\u00e9s hizo un pacto con Ruiz de Castilla que consist\u00eda en mantener la Junta y no tomar ning\u00fan tipo de represalias. El 29 de octubre de 1809, Ruiz de Castilla se instal\u00f3 nuevamente en el poder.<\/p>\n<p style=\"text-align: justify;\">Ruiz de Castilla, contrario a lo que hab\u00eda prometido, desat\u00f3 un persecuci\u00f3n contra todos aquellos que hab\u00edan sido participes de la Primera Junta de Gobierno Aut\u00f3noma de Quito y aprision\u00f3 a varios en el Cuartel Real de Lima.<\/p>\n<h2>d\u00eda de la matanza<\/h2>\n<p style=\"text-align: justify;\">El 2 de agosto de 1810, Quito estaba fuera de control por la presencia teniente coronel Manuel Arredondo y sus tropas, que ten\u00edan ocupada la ciudad, y se experiment\u00f3 un m\u00e1ximo momento de tensi\u00f3n cuando un grupo de patriotas intentaron liberar a los presos del Cuartel Real de Lima. Esto desat\u00f3 una cruenta batalla que termin\u00f3 con la orden del Conde Ruiz de Castilla de matar a los reclusos en sus propias celdas, entre ellos a los ministros Quiroga, Morales, Larrea y el comandante Salinas.<\/p>\n<figure id=\"attachment_20396\" aria-describedby=\"caption-attachment-20396\" style=\"width: 1080px\" class=\"wp-caption aligncenter\"><img loading=\"lazy\" decoding=\"async\" class=\"wp-image-20396 size-full\" src=\"https:\/\/elbibliote.com\/resources\/articulosdestacados\/wp-content\/uploads\/2023\/11\/Juan_de_Salinas_y_su_hija_Mar\u00eda_Dolores.jpg\" alt=\"\" width=\"1080\" height=\"1554\" srcset=\"https:\/\/elbibliote.com\/resources\/articulosdestacados\/wp-content\/uploads\/2023\/11\/Juan_de_Salinas_y_su_hija_Mar\u00eda_Dolores.jpg 1080w, https:\/\/elbibliote.com\/resources\/articulosdestacados\/wp-content\/uploads\/2023\/11\/Juan_de_Salinas_y_su_hija_Mar\u00eda_Dolores-208x300.jpg 208w, https:\/\/elbibliote.com\/resources\/articulosdestacados\/wp-content\/uploads\/2023\/11\/Juan_de_Salinas_y_su_hija_Mar\u00eda_Dolores-768x1105.jpg 768w, https:\/\/elbibliote.com\/resources\/articulosdestacados\/wp-content\/uploads\/2023\/11\/Juan_de_Salinas_y_su_hija_Mar\u00eda_Dolores-712x1024.jpg 712w\" sizes=\"(max-width: 1080px) 100vw, 1080px\" \/><figcaption id=\"caption-attachment-20396\" class=\"wp-caption-text\">Juan Jos\u00e9 de Salinas y Zenitagoya fue un militar que presidi\u00f3 la Falange armada de la Primera Junta de Gobierno Aut\u00f3noma de Quito en 1809.<\/figcaption><\/figure>\n<p style=\"text-align: justify;\">La violencia invadi\u00f3 a la ciudad y un gran n\u00famero de civiles resultaron heridos y muertos. Los ataques cesaron cuando el obispo Cuero y Caicedo recorri\u00f3 las calles con un Cristo y pidi\u00f3 que cesara la lucha. Dos d\u00edas despu\u00e9s hubo una Asamblea de conciliaci\u00f3n en la que se acord\u00f3 la salida definitiva de Arredondo de la ciudad y un alto a las represalias.<\/p>\n<p style=\"text-align: justify;\">Desde entonces, cada 2 de agosto se rinde homenaje en el pa\u00eds a las v\u00edctimas de la venganza colonial, tanto a los pr\u00f3ceres como a las m\u00faltiples v\u00edctimas an\u00f3nimas que lucharon y entregaron sus vidas por la libertad de su pa\u00eds.<\/p>\n","protected":false},"excerpt":{"rendered":"<p>Ecuador se vio marcada por uno de los hechos m\u00e1s sangrientos de su historia el 2 de agosto de 1810, cuando inici\u00f3 una revuelta ciudadana en Quito en la que patriotas atacaron el Real Cuartel de Lima e intentaron liberar a los pr\u00f3ceres que actuaron el 10 de agosto de 1809 en la Primera Junta &hellip; <a href=\"https:\/\/elbibliote.com\/resources\/articulosdestacados\/?p=20298\" class=\"more-link\">Continu\u00e1 leyendo <span class=\"screen-reader-text\">Mot\u00edn del 2 de agosto de 1810<\/span><\/a><\/p>\n","protected":false},"author":13,"featured_media":0,"comment_status":"closed","ping_status":"closed","sticky":false,"template":"","format":"standard","meta":{"footnotes":""},"categories":[9,15],"tags":[12220,2868,6720,12224,12228,13078,354,9445,3208,127,3990,4312,9478,8555,9479,12226,3278,12218,12216,12222,3213,12217,12223,12221,3037,13008,3274,3832,4600,12568,12227,10699,8466],"_links":{"self":[{"href":"https:\/\/elbibliote.com\/resources\/articulosdestacados\/index.php?rest_route=\/wp\/v2\/posts\/20298"}],"collection":[{"href":"https:\/\/elbibliote.com\/resources\/articulosdestacados\/index.php?rest_route=\/wp\/v2\/posts"}],"about":[{"href":"https:\/\/elbibliote.com\/resources\/articulosdestacados\/index.php?rest_route=\/wp\/v2\/types\/post"}],"author":[{"embeddable":true,"href":"https:\/\/elbibliote.com\/resources\/articulosdestacados\/index.php?rest_route=\/wp\/v2\/users\/13"}],"replies":[{"embeddable":true,"href":"https:\/\/elbibliote.com\/resources\/articulosdestacados\/index.php?rest_route=%2Fwp%2Fv2%2Fcomments&post=20298"}],"version-history":[{"count":25,"href":"https:\/\/elbibliote.com\/resources\/articulosdestacados\/index.php?rest_route=\/wp\/v2\/posts\/20298\/revisions"}],"predecessor-version":[{"id":20400,"href":"https:\/\/elbibliote.com\/resources\/articulosdestacados\/index.php?rest_route=\/wp\/v2\/posts\/20298\/revisions\/20400"}],"wp:attachment":[{"href":"https:\/\/elbibliote.com\/resources\/articulosdestacados\/index.php?rest_route=%2Fwp%2Fv2%2Fmedia&parent=20298"}],"wp:term":[{"taxonomy":"category","embeddable":true,"href":"https:\/\/elbibliote.com\/resources\/articulosdestacados\/index.php?rest_route=%2Fwp%2Fv2%2Fcategories&post=20298"},{"taxonomy":"post_tag","embeddable":true,"href":"https:\/\/elbibliote.com\/resources\/articulosdestacados\/index.php?rest_route=%2Fwp%2Fv2%2Ftags&post=20298"}],"curies":[{"name":"wp","href":"https:\/\/api.w.org\/{rel}","templated":true}]}}