{"id":20335,"date":"2023-11-28T16:03:34","date_gmt":"2023-11-28T19:03:34","guid":{"rendered":"https:\/\/elbibliote.com\/resources\/articulosdestacados\/?p=20335"},"modified":"2023-11-28T16:19:36","modified_gmt":"2023-11-28T19:19:36","slug":"trayectoria-militar-de-carlos-de-montufar","status":"publish","type":"post","link":"https:\/\/elbibliote.com\/resources\/articulosdestacados\/?p=20335","title":{"rendered":"Trayectoria militar de Carlos de Mont\u00fafar"},"content":{"rendered":"<p style=\"text-align: justify;\"><span style=\"color: #808080;\"><em>Carlos de Mont\u00fafar, hijo de Juan P\u00edo de Mont\u00fafar (presidente de la\u00a0Primera Junta de Gobierno Aut\u00f3noma de Quito y precursor de la independencia nacional) fue un coronel y patriota ecuatoriano, considerado uno de los libertadores del pa\u00eds. Su carrera militar inici\u00f3 durante su permanencia en Espa\u00f1a y termin\u00f3 en el territorio de la actual Colombia, mientras era coronel y ayudante general del ej\u00e9rcito de Sim\u00f3n Bol\u00edvar.<\/em><\/span><\/p>\n<figure id=\"attachment_20395\" aria-describedby=\"caption-attachment-20395\" style=\"width: 1080px\" class=\"wp-caption aligncenter\"><img loading=\"lazy\" decoding=\"async\" class=\"wp-image-20395 size-full\" src=\"https:\/\/elbibliote.com\/resources\/articulosdestacados\/wp-content\/uploads\/2023\/11\/Coronel_Carlos_Mont\u00fafar_y_Larrea_siglo_XIX-1.jpg\" alt=\"\" width=\"1080\" height=\"1483\" srcset=\"https:\/\/elbibliote.com\/resources\/articulosdestacados\/wp-content\/uploads\/2023\/11\/Coronel_Carlos_Mont\u00fafar_y_Larrea_siglo_XIX-1.jpg 1080w, https:\/\/elbibliote.com\/resources\/articulosdestacados\/wp-content\/uploads\/2023\/11\/Coronel_Carlos_Mont\u00fafar_y_Larrea_siglo_XIX-1-218x300.jpg 218w, https:\/\/elbibliote.com\/resources\/articulosdestacados\/wp-content\/uploads\/2023\/11\/Coronel_Carlos_Mont\u00fafar_y_Larrea_siglo_XIX-1-768x1055.jpg 768w, https:\/\/elbibliote.com\/resources\/articulosdestacados\/wp-content\/uploads\/2023\/11\/Coronel_Carlos_Mont\u00fafar_y_Larrea_siglo_XIX-1-746x1024.jpg 746w\" sizes=\"(max-width: 1080px) 100vw, 1080px\" \/><figcaption id=\"caption-attachment-20395\" class=\"wp-caption-text\">Carlos de Mont\u00fafar y Larrea-Zurbano (1780-1816), apodado el Caudillo, inici\u00f3 su formaci\u00f3n militar en el Colegio de Nobles de Madrid. Su participaci\u00f3n en la guerra de la Independencia espa\u00f1ola le vali\u00f3 una condecoraci\u00f3n y el grado de teniente coronel del ej\u00e9rcito espa\u00f1ol.<\/figcaption><\/figure>\n<h2 style=\"text-align: justify;\">Batalla de Bail\u00e9n (1808)<\/h2>\n<p style=\"text-align: justify;\">Tras la invasi\u00f3n napole\u00f3nica a Espa\u00f1a, se inici\u00f3 la guerra de la Independencia espa\u00f1ola. Mont\u00fafar particip\u00f3 en la batalla de Bail\u00e9n como ayudante del principal jefe militar espa\u00f1ol, el general Francisco Xavier Casta\u00f1os. Espa\u00f1a sali\u00f3 victoriosa y Napole\u00f3n tuvo su primera derrota militar.<\/p>\n<h2 style=\"text-align: justify;\">Sitio de Zaragoza (1808)<\/h2>\n<p style=\"text-align: justify;\">Fueron dos asedios ocurridos en la ciudad de Zaragoza. All\u00ed pelearon las tropas del primer Imperio franc\u00e9s\u00a0de\u00a0Napole\u00f3n Bonaparte contra las fuerzas espa\u00f1olas de la\u00a0dinast\u00eda Borb\u00f3n. Termin\u00f3 con la retirada de las fuerzas francesas.<\/p>\n<h2 style=\"text-align: justify;\">Batalla de Somosierra (1808)<\/h2>\n<p style=\"text-align: justify;\">Los franceses obtuvieron la\u00a0victoria en este conflicto y Napole\u00f3n logr\u00f3 ingresar a Madrid. No obstante, la participaci\u00f3n de Mont\u00fafar destac\u00f3 por su hero\u00edsmo.<\/p>\n<figure id=\"attachment_20397\" aria-describedby=\"caption-attachment-20397\" style=\"width: 1080px\" class=\"wp-caption aligncenter\"><img loading=\"lazy\" decoding=\"async\" class=\"wp-image-20397 size-full\" src=\"https:\/\/elbibliote.com\/resources\/articulosdestacados\/wp-content\/uploads\/2023\/11\/La_bataille_de_Somo-Sierra.jpg\" alt=\"\" width=\"1080\" height=\"847\" srcset=\"https:\/\/elbibliote.com\/resources\/articulosdestacados\/wp-content\/uploads\/2023\/11\/La_bataille_de_Somo-Sierra.jpg 1080w, https:\/\/elbibliote.com\/resources\/articulosdestacados\/wp-content\/uploads\/2023\/11\/La_bataille_de_Somo-Sierra-300x235.jpg 300w, https:\/\/elbibliote.com\/resources\/articulosdestacados\/wp-content\/uploads\/2023\/11\/La_bataille_de_Somo-Sierra-768x602.jpg 768w, https:\/\/elbibliote.com\/resources\/articulosdestacados\/wp-content\/uploads\/2023\/11\/La_bataille_de_Somo-Sierra-1024x803.jpg 1024w\" sizes=\"(max-width: 1080px) 100vw, 1080px\" \/><figcaption id=\"caption-attachment-20397\" class=\"wp-caption-text\">Obra que representa la batalla de Somosierra.<\/figcaption><\/figure>\n<div class=\"su-box su-box-style-default sabiasque\" id=\"\" style=\"border-color:#a8a8b7;border-radius:0px;\"><div class=\"su-box-title\" style=\"background-color:#DBDBEA;color:#484848;border-top-left-radius:0px;border-top-right-radius:0px\">\u00bfSab\u00edas qu\u00e9?<\/div><div class=\"su-box-content su-u-clearfix su-u-trim\" style=\"border-bottom-left-radius:0px;border-bottom-right-radius:0px\">\n<p style=\"text-align: justify;\">La Junta Central Suprema y Gubernativa del Reino eligi\u00f3 a Mont\u00fafar como comisionado regio en Ecuador, donde la revoluci\u00f3n quite\u00f1a debilitaba el dominio colonial. El objetivo era llevar la paz a su pa\u00eds y gu\u00edar a los l\u00edderes hacia el nuevo sistema constitucional del Imperio espa\u00f1ol. Al llegar a Quito, Mont\u00fafar fue arrastrado por las filas revolucionarias, decidi\u00f3 unirse a la causa patriota y luchar contra los espa\u00f1oles.<\/div><\/div>\n<h2><strong>Batalla de El Panecillo (1812)<\/strong><\/h2>\n<p style=\"text-align: justify;\">Este cruel combate se llev\u00f3 a cabo en el cerro El Panecillo de Quito, donde se enfrentaron las tropas realistas de Toribio Montes y S\u00e1mano y los defensores de Quito comandados por Carlos de Mont\u00fafar. Result\u00f3 en la victoria realista y Mont\u00fafar se vio obligado a salir de la ciudad.<\/p>\n<p style=\"text-align: justify;\"><div class=\"su-note destacado\"  style=\"border-color:#c1c1d0;\"><div class=\"su-note-inner su-u-clearfix su-u-trim\" style=\"background-color:#DBDBEA;border-color:#ffffff;color:#333333;\"><strong>Los escapes de Mont\u00fafar<\/strong><\/p>\n<p style=\"text-align: justify;\">Tras huir de Quito, Mont\u00fafar se traslad\u00f3 a la ciudad de Ibarra. A finales de 1812 fue capturado y desterrado a Espa\u00f1a. All\u00ed logr\u00f3 escaparse y viajar hasta Panam\u00e1, donde se incorpor\u00f3 a las fuerzas del libertador Sim\u00f3n Bol\u00edvar.<\/div><\/div>\n<h2 style=\"text-align: justify;\">Batalla de la Cuchilla del Tambo (1816)<\/h2>\n<p style=\"text-align: justify;\">En este conflicto lucharon las tropas independentistas de\u00a0Nueva Granada\u00a0y las tropas de la Corona espa\u00f1ola en\u00a0Popay\u00e1n, Colombia. La derrota de los patriotas represent\u00f3 el fin de la Primera Rep\u00fablica. Mont\u00fafar fue capturado, condenado a muerte y ejecutado por la espalda por ser considerado un traidor.<\/p>\n<figure id=\"attachment_20393\" aria-describedby=\"caption-attachment-20393\" style=\"width: 1080px\" class=\"wp-caption aligncenter\"><img loading=\"lazy\" decoding=\"async\" class=\"wp-image-20393 size-full\" src=\"https:\/\/elbibliote.com\/resources\/articulosdestacados\/wp-content\/uploads\/2023\/11\/Batalla_de_la_Cuchilla_del_Tambo.jpg\" alt=\"\" width=\"1080\" height=\"739\" srcset=\"https:\/\/elbibliote.com\/resources\/articulosdestacados\/wp-content\/uploads\/2023\/11\/Batalla_de_la_Cuchilla_del_Tambo.jpg 1080w, https:\/\/elbibliote.com\/resources\/articulosdestacados\/wp-content\/uploads\/2023\/11\/Batalla_de_la_Cuchilla_del_Tambo-300x205.jpg 300w, https:\/\/elbibliote.com\/resources\/articulosdestacados\/wp-content\/uploads\/2023\/11\/Batalla_de_la_Cuchilla_del_Tambo-768x526.jpg 768w, https:\/\/elbibliote.com\/resources\/articulosdestacados\/wp-content\/uploads\/2023\/11\/Batalla_de_la_Cuchilla_del_Tambo-1024x701.jpg 1024w\" sizes=\"(max-width: 1080px) 100vw, 1080px\" \/><figcaption id=\"caption-attachment-20393\" class=\"wp-caption-text\">Pintura de batalla de la Cuchilla del Tambo. La victoria realista represent\u00f3 el final de la reconquista espa\u00f1ola en Nueva Granada.<\/figcaption><\/figure>\n","protected":false},"excerpt":{"rendered":"<p>Carlos de Mont\u00fafar, hijo de Juan P\u00edo de Mont\u00fafar (presidente de la\u00a0Primera Junta de Gobierno Aut\u00f3noma de Quito y precursor de la independencia nacional) fue un coronel y patriota ecuatoriano, considerado uno de los libertadores del pa\u00eds. Su carrera militar inici\u00f3 durante su permanencia en Espa\u00f1a y termin\u00f3 en el territorio de la actual Colombia, &hellip; <a href=\"https:\/\/elbibliote.com\/resources\/articulosdestacados\/?p=20335\" class=\"more-link\">Continu\u00e1 leyendo <span class=\"screen-reader-text\">Trayectoria militar de Carlos de Mont\u00fafar<\/span><\/a><\/p>\n","protected":false},"author":13,"featured_media":0,"comment_status":"closed","ping_status":"closed","sticky":false,"template":"","format":"standard","meta":{"footnotes":""},"categories":[9,15],"tags":[12252,9001,3439,12245,7696,12247,3440,12256,5347,12249,12263,9445,10732,127,4317,9253,12261,2584,12260,4334,12259,4310,4311,1176,9478,8555,12246,12265,4318,12222,1363,11528,12253,7708,3954,12258,4330,12221,3274,12251,3832,12257,12262,5500,12255,8466,12264,12248,6474,12250,12254],"_links":{"self":[{"href":"https:\/\/elbibliote.com\/resources\/articulosdestacados\/index.php?rest_route=\/wp\/v2\/posts\/20335"}],"collection":[{"href":"https:\/\/elbibliote.com\/resources\/articulosdestacados\/index.php?rest_route=\/wp\/v2\/posts"}],"about":[{"href":"https:\/\/elbibliote.com\/resources\/articulosdestacados\/index.php?rest_route=\/wp\/v2\/types\/post"}],"author":[{"embeddable":true,"href":"https:\/\/elbibliote.com\/resources\/articulosdestacados\/index.php?rest_route=\/wp\/v2\/users\/13"}],"replies":[{"embeddable":true,"href":"https:\/\/elbibliote.com\/resources\/articulosdestacados\/index.php?rest_route=%2Fwp%2Fv2%2Fcomments&post=20335"}],"version-history":[{"count":19,"href":"https:\/\/elbibliote.com\/resources\/articulosdestacados\/index.php?rest_route=\/wp\/v2\/posts\/20335\/revisions"}],"predecessor-version":[{"id":20399,"href":"https:\/\/elbibliote.com\/resources\/articulosdestacados\/index.php?rest_route=\/wp\/v2\/posts\/20335\/revisions\/20399"}],"wp:attachment":[{"href":"https:\/\/elbibliote.com\/resources\/articulosdestacados\/index.php?rest_route=%2Fwp%2Fv2%2Fmedia&parent=20335"}],"wp:term":[{"taxonomy":"category","embeddable":true,"href":"https:\/\/elbibliote.com\/resources\/articulosdestacados\/index.php?rest_route=%2Fwp%2Fv2%2Fcategories&post=20335"},{"taxonomy":"post_tag","embeddable":true,"href":"https:\/\/elbibliote.com\/resources\/articulosdestacados\/index.php?rest_route=%2Fwp%2Fv2%2Ftags&post=20335"}],"curies":[{"name":"wp","href":"https:\/\/api.w.org\/{rel}","templated":true}]}}