{"id":20826,"date":"2024-01-09T11:05:10","date_gmt":"2024-01-09T14:05:10","guid":{"rendered":"https:\/\/elbibliote.com\/resources\/articulosdestacados\/?p=20826"},"modified":"2024-01-09T11:05:10","modified_gmt":"2024-01-09T14:05:10","slug":"camilo-henriquez-y-la-aurora-de-chile","status":"publish","type":"post","link":"https:\/\/elbibliote.com\/resources\/articulosdestacados\/?p=20826","title":{"rendered":"Camilo Henr\u00edquez y la Aurora de Chile"},"content":{"rendered":"<p><em><span style=\"color: #808080;\">Camilo Henr\u00edquez fue un sacerdote, escritor y pol\u00edtico chileno que, a diferencia de la mayor\u00eda de personajes independentistas, los cuales ejerc\u00edan acciones militares, contribuy\u00f3 a la causa a trav\u00e9s de las letras y las palabras. Para ello utiliz\u00f3, entre otras de sus obras, el primer peri\u00f3dico del pa\u00eds: la <\/span><\/em><span style=\"color: #808080;\">Aurora de Chile<\/span><em><span style=\"color: #808080;\">.<\/span><\/em><\/p>\n<p>La imprenta aterriz\u00f3 en Chile en 1811. Como un hombre versado en letras y una gran motivaci\u00f3n por difundir su ideolog\u00eda pol\u00edtica centrada en defender las iniciativas independentistas que ya se hab\u00edan puesto en marcha con la Primera Junta Nacional de Gobierno en 1810, Henr\u00edquez fund\u00f3 en 1812 el primer peri\u00f3dico de Chile, al cual bautiz\u00f3 como la <em>Aurora de Chile<\/em>. El gobierno de Jos\u00e9 Miguel Carrera lo nombr\u00f3 entonces primer redactor y editor del peri\u00f3dico, gracias a lo cual se estren\u00f3 su primer art\u00edculo el 13 de febrero del mismo a\u00f1o. Este recibi\u00f3 el nombre de <em>Prospecto<\/em>, y en \u00e9l se especificaba la intenci\u00f3n del peri\u00f3dico de sembrar una identidad y unos valores propios al pa\u00eds con sus publicaciones, independientes del mando y la influencia espa\u00f1oles.<\/p>\n<p>As\u00ed, durante poco m\u00e1s de un a\u00f1o, la <em>Aurora de Chile<\/em> public\u00f3 58 n\u00fameros en donde hablaba abiertamente sobre los principios de la soberan\u00eda, ideas filos\u00f3ficas propias y de otros autores, y otros temas de inter\u00e9s para la naci\u00f3n como la industria, el comercio, el derecho constitucional y la instrucci\u00f3n p\u00fablica, lo que demostraba la gran cultura de Henr\u00edquez y su deseo por brindar informaci\u00f3n al pueblo en todos los \u00e1mbitos.<\/p>\n<p>El \u00faltimo n\u00famero se public\u00f3 el 1\u00b0 de abril de 1813, debido a que el mismo gobierno se dedic\u00f3 a censurar su contenido en m\u00e1s de una ocasi\u00f3n. Por ello, cinco d\u00edas despu\u00e9s, Henr\u00edquez public\u00f3 un nuevo peri\u00f3dico, <em>El Monitor Araucano<\/em>, de objetivos muy similares al anterior.<\/p>\n<div class=\"su-box su-box-style-default sabiasque\" id=\"\" style=\"border-color:#a8a8b7;border-radius:0px;\"><div class=\"su-box-title\" style=\"background-color:#DBDBEA;color:#484848;border-top-left-radius:0px;border-top-right-radius:0px\">\u00bfSab\u00edas qu\u00e9?<\/div><div class=\"su-box-content su-u-clearfix su-u-trim\" style=\"border-bottom-left-radius:0px;border-bottom-right-radius:0px\">Junto a Jos\u00e9 Miguel Infante, Manuel de Salas y Manuel Jos\u00e9 Gandarillas, el rostro de Camilo Henr\u00edquez figura en el Monumento a los Escritores de la Independencia, ubicado en el Parque Forestal de Santiago de Chile, un obelisco de m\u00e1rmol que rinde homenaje a aquellos personajes que lucharon por la independencia del pa\u00eds con la pluma y no con la espada.<\/div><\/div>\n<figure id=\"attachment_20827\" aria-describedby=\"caption-attachment-20827\" style=\"width: 1080px\" class=\"wp-caption aligncenter\"><img loading=\"lazy\" decoding=\"async\" class=\"size-full wp-image-20827\" src=\"https:\/\/elbibliote.com\/resources\/articulosdestacados\/wp-content\/uploads\/2023\/12\/ObeliscoCamilo.jpg\" alt=\"\" width=\"1080\" height=\"1624\" srcset=\"https:\/\/elbibliote.com\/resources\/articulosdestacados\/wp-content\/uploads\/2023\/12\/ObeliscoCamilo.jpg 1080w, https:\/\/elbibliote.com\/resources\/articulosdestacados\/wp-content\/uploads\/2023\/12\/ObeliscoCamilo-200x300.jpg 200w, https:\/\/elbibliote.com\/resources\/articulosdestacados\/wp-content\/uploads\/2023\/12\/ObeliscoCamilo-768x1155.jpg 768w, https:\/\/elbibliote.com\/resources\/articulosdestacados\/wp-content\/uploads\/2023\/12\/ObeliscoCamilo-681x1024.jpg 681w\" sizes=\"(max-width: 1080px) 100vw, 1080px\" \/><figcaption id=\"caption-attachment-20827\" class=\"wp-caption-text\">Monumento a los Escritores de la Independencia, con la imagen del fray Camilo Henr\u00edquez.<\/figcaption><\/figure>\n","protected":false},"excerpt":{"rendered":"<p>Camilo Henr\u00edquez fue un sacerdote, escritor y pol\u00edtico chileno que, a diferencia de la mayor\u00eda de personajes independentistas, los cuales ejerc\u00edan acciones militares, contribuy\u00f3 a la causa a trav\u00e9s de las letras y las palabras. Para ello utiliz\u00f3, entre otras de sus obras, el primer peri\u00f3dico del pa\u00eds: la Aurora de Chile.<\/p>\n","protected":false},"author":18,"featured_media":0,"comment_status":"closed","ping_status":"closed","sticky":false,"template":"","format":"standard","meta":{"footnotes":""},"categories":[6,9,15],"tags":[12577,2504,12575,3819,3561,9445,5215,12579,12576,3231,12578,4311,10969,7530,1146,4838],"_links":{"self":[{"href":"https:\/\/elbibliote.com\/resources\/articulosdestacados\/index.php?rest_route=\/wp\/v2\/posts\/20826"}],"collection":[{"href":"https:\/\/elbibliote.com\/resources\/articulosdestacados\/index.php?rest_route=\/wp\/v2\/posts"}],"about":[{"href":"https:\/\/elbibliote.com\/resources\/articulosdestacados\/index.php?rest_route=\/wp\/v2\/types\/post"}],"author":[{"embeddable":true,"href":"https:\/\/elbibliote.com\/resources\/articulosdestacados\/index.php?rest_route=\/wp\/v2\/users\/18"}],"replies":[{"embeddable":true,"href":"https:\/\/elbibliote.com\/resources\/articulosdestacados\/index.php?rest_route=%2Fwp%2Fv2%2Fcomments&post=20826"}],"version-history":[{"count":3,"href":"https:\/\/elbibliote.com\/resources\/articulosdestacados\/index.php?rest_route=\/wp\/v2\/posts\/20826\/revisions"}],"predecessor-version":[{"id":20909,"href":"https:\/\/elbibliote.com\/resources\/articulosdestacados\/index.php?rest_route=\/wp\/v2\/posts\/20826\/revisions\/20909"}],"wp:attachment":[{"href":"https:\/\/elbibliote.com\/resources\/articulosdestacados\/index.php?rest_route=%2Fwp%2Fv2%2Fmedia&parent=20826"}],"wp:term":[{"taxonomy":"category","embeddable":true,"href":"https:\/\/elbibliote.com\/resources\/articulosdestacados\/index.php?rest_route=%2Fwp%2Fv2%2Fcategories&post=20826"},{"taxonomy":"post_tag","embeddable":true,"href":"https:\/\/elbibliote.com\/resources\/articulosdestacados\/index.php?rest_route=%2Fwp%2Fv2%2Ftags&post=20826"}],"curies":[{"name":"wp","href":"https:\/\/api.w.org\/{rel}","templated":true}]}}