{"id":20865,"date":"2024-01-09T17:29:57","date_gmt":"2024-01-09T20:29:57","guid":{"rendered":"https:\/\/elbibliote.com\/resources\/articulosdestacados\/?p=20865"},"modified":"2024-01-09T17:29:57","modified_gmt":"2024-01-09T20:29:57","slug":"el-intendente-benjamin-vicuna-mackenna","status":"publish","type":"post","link":"https:\/\/elbibliote.com\/resources\/articulosdestacados\/?p=20865","title":{"rendered":"El intendente Benjam\u00edn Vicu\u00f1a Mackenna"},"content":{"rendered":"<p><em><span style=\"color: #808080;\">Benjam\u00edn Vicu\u00f1a Mackenna fue un abogado e historiador chileno que brind\u00f3 un gran aporte a la pol\u00edtica del pa\u00eds, y por ello se considera uno de sus personajes m\u00e1s representativos. Entre sus contribuciones figuran sus acciones como intendente, \u00e9poca en la que la capital experiment\u00f3 uno de los mayores avances urbanos de su historia.<\/span><\/em><\/p>\n<p>Vicu\u00f1a Mackenna se convirti\u00f3 en intendente de la ciudad de Santiago de Chile en 1872, bajo el mandato del presidente Federico Err\u00e1zuriz Za\u00f1artu. Una vez en el cargo, se dispuso a transformar y modernizar por completo la capital, inspirado en el progreso urbano que hab\u00eda observado durante sus viajes por Europa, especialmente en Francia.<\/p>\n<p>Durante su administraci\u00f3n figuran alrededor de 20 reformas significativas a la ciudad, entre las que figuran la optimizaci\u00f3n y mejoramiento de los servicios p\u00fablicos, como los de transporte, seguridad, y la extensi\u00f3n de los sistemas de agua potable e iluminaci\u00f3n de calles y avenidas. Adem\u00e1s hizo construir edificaciones y estructuras de gran importancia que actualmente forman parte de la identidad de la ciudad, como el parque urbano del cerro Santa Luc\u00eda, el sistema de carreteras conocido como Camino de Cintura que marcar\u00eda los l\u00edmites del centro de la ciudad, y la canalizaci\u00f3n de parte del r\u00edo Mapocho para su aprovechamiento. Entre estas construcciones nuevas se encuentran adem\u00e1s un gran n\u00famero de mercados, escuelas, plazas y zonas verdes.<\/p>\n<p>En 1876 abandon\u00f3 el puesto como intendente para postularse por el puesto de presidente de la Rep\u00fablica en representaci\u00f3n del Partido Liberal Democr\u00e1tico, aunque se retir\u00f3 antes de los comicios al ser opacado por sus contendientes, en especial Err\u00e1zuriz Za\u00f1artu. Desde entonces se mantuvo en el cargo de senador por Santiago y Coquimbo hasta poco antes de su muerte en 1886.<\/p>\n<div class=\"su-box su-box-style-default sabiasque\" id=\"\" style=\"border-color:#a8a8b7;border-radius:0px;\"><div class=\"su-box-title\" style=\"background-color:#DBDBEA;color:#484848;border-top-left-radius:0px;border-top-right-radius:0px\">\u00bfSab\u00edas qu\u00e9?<\/div><div class=\"su-box-content su-u-clearfix su-u-trim\" style=\"border-bottom-left-radius:0px;border-bottom-right-radius:0px\">Los aportes de Vicu\u00f1a Mackenna al pueblo chileno no se limitaban a la pol\u00edtica, pues ten\u00eda participaciones activas en otros \u00e1mbitos. Ejerci\u00f3 como voluntario de la 3\u00aa Compa\u00f1\u00eda del Cuerpo de Bomberos de Santiago, de la cual fue su director, y escribi\u00f3 decenas de decenas de textos, principalmente de contenido hist\u00f3rico.<\/div><\/div>\n<figure id=\"attachment_20866\" aria-describedby=\"caption-attachment-20866\" style=\"width: 1080px\" class=\"wp-caption aligncenter\"><img loading=\"lazy\" decoding=\"async\" class=\"size-full wp-image-20866\" src=\"https:\/\/elbibliote.com\/resources\/articulosdestacados\/wp-content\/uploads\/2024\/01\/iStock-1216117770.jpg\" alt=\"\" width=\"1080\" height=\"769\" srcset=\"https:\/\/elbibliote.com\/resources\/articulosdestacados\/wp-content\/uploads\/2024\/01\/iStock-1216117770.jpg 1080w, https:\/\/elbibliote.com\/resources\/articulosdestacados\/wp-content\/uploads\/2024\/01\/iStock-1216117770-300x214.jpg 300w, https:\/\/elbibliote.com\/resources\/articulosdestacados\/wp-content\/uploads\/2024\/01\/iStock-1216117770-768x547.jpg 768w, https:\/\/elbibliote.com\/resources\/articulosdestacados\/wp-content\/uploads\/2024\/01\/iStock-1216117770-1024x729.jpg 1024w\" sizes=\"(max-width: 1080px) 100vw, 1080px\" \/><figcaption id=\"caption-attachment-20866\" class=\"wp-caption-text\">Monumento a Benjam\u00edn Vicu\u00f1a Mackenna, en las inmediaciones del cerro Santa Luc\u00eda.<\/figcaption><\/figure>\n","protected":false},"excerpt":{"rendered":"<p>Benjam\u00edn Vicu\u00f1a Mackenna fue un abogado e historiador chileno que brind\u00f3 un gran aporte a la pol\u00edtica del pa\u00eds, y por ello se considera uno de sus personajes m\u00e1s representativos. Entre sus contribuciones figuran sus acciones como intendente, \u00e9poca en la que la capital experiment\u00f3 uno de los mayores avances urbanos de su historia.<\/p>\n","protected":false},"author":18,"featured_media":0,"comment_status":"closed","ping_status":"closed","sticky":false,"template":"","format":"standard","meta":{"footnotes":""},"categories":[6,9,15],"tags":[12607,2504,8331,3819,3561,3231,11636,12611,12609,10969,5343,12610,12476,4838,12608],"_links":{"self":[{"href":"https:\/\/elbibliote.com\/resources\/articulosdestacados\/index.php?rest_route=\/wp\/v2\/posts\/20865"}],"collection":[{"href":"https:\/\/elbibliote.com\/resources\/articulosdestacados\/index.php?rest_route=\/wp\/v2\/posts"}],"about":[{"href":"https:\/\/elbibliote.com\/resources\/articulosdestacados\/index.php?rest_route=\/wp\/v2\/types\/post"}],"author":[{"embeddable":true,"href":"https:\/\/elbibliote.com\/resources\/articulosdestacados\/index.php?rest_route=\/wp\/v2\/users\/18"}],"replies":[{"embeddable":true,"href":"https:\/\/elbibliote.com\/resources\/articulosdestacados\/index.php?rest_route=%2Fwp%2Fv2%2Fcomments&post=20865"}],"version-history":[{"count":3,"href":"https:\/\/elbibliote.com\/resources\/articulosdestacados\/index.php?rest_route=\/wp\/v2\/posts\/20865\/revisions"}],"predecessor-version":[{"id":20922,"href":"https:\/\/elbibliote.com\/resources\/articulosdestacados\/index.php?rest_route=\/wp\/v2\/posts\/20865\/revisions\/20922"}],"wp:attachment":[{"href":"https:\/\/elbibliote.com\/resources\/articulosdestacados\/index.php?rest_route=%2Fwp%2Fv2%2Fmedia&parent=20865"}],"wp:term":[{"taxonomy":"category","embeddable":true,"href":"https:\/\/elbibliote.com\/resources\/articulosdestacados\/index.php?rest_route=%2Fwp%2Fv2%2Fcategories&post=20865"},{"taxonomy":"post_tag","embeddable":true,"href":"https:\/\/elbibliote.com\/resources\/articulosdestacados\/index.php?rest_route=%2Fwp%2Fv2%2Ftags&post=20865"}],"curies":[{"name":"wp","href":"https:\/\/api.w.org\/{rel}","templated":true}]}}