{"id":20916,"date":"2024-01-10T16:18:50","date_gmt":"2024-01-10T19:18:50","guid":{"rendered":"https:\/\/elbibliote.com\/resources\/articulosdestacados\/?p=20916"},"modified":"2024-01-10T16:18:50","modified_gmt":"2024-01-10T19:18:50","slug":"primer-conservador","status":"publish","type":"post","link":"https:\/\/elbibliote.com\/resources\/articulosdestacados\/?p=20916","title":{"rendered":"Primer conservador"},"content":{"rendered":"<p style=\"text-align: justify;\"><span style=\"color: #808080;\"><em>Pedro Alc\u00e1ntara Herr\u00e1n fue un destacado militar y pol\u00edtico colombiano que particip\u00f3 en las guerras de la independencia de Nueva Granada y Per\u00fa. Ocup\u00f3 la presidencia de la Rep\u00fablica de la Nueva Granada y su gobierno se caracteriz\u00f3 por una pol\u00edtica conservadora, centralista y clerical.<\/em><\/span><\/p>\n<figure id=\"attachment_20913\" aria-describedby=\"caption-attachment-20913\" style=\"width: 1080px\" class=\"wp-caption aligncenter\"><img loading=\"lazy\" decoding=\"async\" class=\"wp-image-20913 size-full\" src=\"https:\/\/elbibliote.com\/resources\/articulosdestacados\/wp-content\/uploads\/2024\/01\/Constituci\u00f3n_pol\u00edtica_de_Colombia_de_1843.jpg\" alt=\"\" width=\"1080\" height=\"1530\" srcset=\"https:\/\/elbibliote.com\/resources\/articulosdestacados\/wp-content\/uploads\/2024\/01\/Constituci\u00f3n_pol\u00edtica_de_Colombia_de_1843.jpg 1080w, https:\/\/elbibliote.com\/resources\/articulosdestacados\/wp-content\/uploads\/2024\/01\/Constituci\u00f3n_pol\u00edtica_de_Colombia_de_1843-212x300.jpg 212w, https:\/\/elbibliote.com\/resources\/articulosdestacados\/wp-content\/uploads\/2024\/01\/Constituci\u00f3n_pol\u00edtica_de_Colombia_de_1843-768x1088.jpg 768w, https:\/\/elbibliote.com\/resources\/articulosdestacados\/wp-content\/uploads\/2024\/01\/Constituci\u00f3n_pol\u00edtica_de_Colombia_de_1843-723x1024.jpg 723w\" sizes=\"(max-width: 1080px) 100vw, 1080px\" \/><figcaption id=\"caption-attachment-20913\" class=\"wp-caption-text\">Constituci\u00f3n neogranadina de 1843.<\/figcaption><\/figure>\n<h2 style=\"text-align: justify;\">1814<\/h2>\n<p style=\"text-align: justify;\">Pedro Alc\u00e1ntara Herr\u00e1n se uni\u00f3 a las fuerzas patriotas.<\/p>\n<h2 style=\"text-align: justify;\">1821<\/h2>\n<p style=\"text-align: justify;\">Ingres\u00f3 al Ej\u00e9rcito Libertador con el grado de capit\u00e1n de caballer\u00eda, bajo el mando de Antonio Jos\u00e9 de Sucre y particip\u00f3 en la liberaci\u00f3n de Quito y Guayaquil.<\/p>\n<h2 style=\"text-align: justify;\">1823<\/h2>\n<p style=\"text-align: justify;\">Acompa\u00f1\u00f3 a Antonio Jos\u00e9 de Sucre en la campa\u00f1a del sur y fue ascendido a sargento mayor por Sim\u00f3n Bol\u00edvar.<\/p>\n<h2 style=\"text-align: justify;\">1824<\/h2>\n<p style=\"text-align: justify;\">Luch\u00f3 en las batallas de Jun\u00edn y Ayacucho, donde se sell\u00f3 la independencia del Per\u00fa.<\/p>\n<h2 style=\"text-align: justify;\">1827-1829<\/h2>\n<p style=\"text-align: justify;\">Asumi\u00f3 el cargo de administrador de Cundinamarca, una de las provincias de la Gran Colombia.<\/p>\n<h2 style=\"text-align: justify;\">1830<\/h2>\n<p style=\"text-align: justify;\">Se desempe\u00f1\u00f3 como ministro de Guerra del primer presidente de la Rep\u00fablica de la Nueva Granada, Joaqu\u00edn Mosquera.<\/p>\n<h2 style=\"text-align: justify;\">1836<\/h2>\n<p style=\"text-align: justify;\">Fue designado comandante militar del Istmo de Panam\u00e1.<\/p>\n<h2 style=\"text-align: justify;\">1837<\/h2>\n<p style=\"text-align: justify;\">Ocup\u00f3 la gobernaci\u00f3n de la provincia de Cundinamarca.<\/p>\n<h2 style=\"text-align: justify;\">1838\u20131839<\/h2>\n<p style=\"text-align: justify;\">Alc\u00e1ntara Herr\u00e1n fue nombrado secretario de Relaciones Exteriores de la Rep\u00fablica de la Nueva Granada.<\/p>\n<h2 style=\"text-align: justify;\">1841\u20131845<\/h2>\n<p style=\"text-align: justify;\">Fue elegido presidente de la Rep\u00fablica de la Nueva Granada.<\/p>\n<h2 style=\"text-align: justify;\">1854\u20131856<\/h2>\n<p style=\"text-align: justify;\">Ocup\u00f3 por segunda ocasi\u00f3n el cargo de ministro de Guerra bajo el mandato del presidente Jos\u00e9 de Obald\u00eda.<\/p>\n<h2 style=\"text-align: justify;\">1859<\/h2>\n<p style=\"text-align: justify;\">Asumi\u00f3 como comandante en jefe de los ej\u00e9rcitos de la Confederaci\u00f3n Granadina, enfrent\u00e1ndose a la rebeli\u00f3n del general Tom\u00e1s Cipriano de Mosquera.<\/p>\n<h2 style=\"text-align: justify;\">1860<\/h2>\n<p style=\"text-align: justify;\">Se retir\u00f3 de la vida pol\u00edtica para dedicarse a sus asuntos personales y familiares.<\/p>\n<h2 style=\"text-align: justify;\">SU GOBIERNO<\/h2>\n<p style=\"text-align: justify;\">Pedro Alc\u00e1ntara Herr\u00e1n fue el cuarto presidente de la Rep\u00fablica de la Nueva Granada, que corresponde al territorio actual de Colombia. Durante su mandato, implement\u00f3 una pol\u00edtica conservadora que favorec\u00eda al centralismo, al poder de la Iglesia Cat\u00f3lica y al orden social. Alguna de sus acciones incluy\u00f3 la promulgaci\u00f3n de la Constituci\u00f3n de 1843, que reemplaz\u00f3 la de 1832 y estipulaba un sistema unitario de gobierno, con un presidente elegido por el Congreso para un mandato de cuatro a\u00f1os sin opci\u00f3n a reelecci\u00f3n inmediata. Adem\u00e1s, censur\u00f3 la prensa y limit\u00f3 la libertad de expresi\u00f3n, otorg\u00f3 el control de la educaci\u00f3n al clero y permiti\u00f3 el retorno de los jesuitas. Herr\u00e1n tambi\u00e9n enfrent\u00f3 y resolvi\u00f3 un conflicto con Per\u00fa por los territorios de Pasto y Tumaco, manteniendo la soberan\u00eda de Nueva Granada sobre ellos.<\/p>\n<p style=\"text-align: justify;\"><div class=\"su-box su-box-style-default sabiasque\" id=\"\" style=\"border-color:#a8a8b7;border-radius:0px;\"><div class=\"su-box-title\" style=\"background-color:#DBDBEA;color:#484848;border-top-left-radius:0px;border-top-right-radius:0px\">\u00bfSab\u00edas qu\u00e9?<\/div><div class=\"su-box-content su-u-clearfix su-u-trim\" style=\"border-bottom-left-radius:0px;border-bottom-right-radius:0px\">Pedro Alc\u00e1ntara Herr\u00e1n mantuvo su lealtad al bolivarianismo incluso despu\u00e9s de la disoluci\u00f3n de la Gran Colombia en 1830. Se opuso a la rebeli\u00f3n de Rafael Urdaneta, que pretend\u00eda restablecer la autoridad de Bol\u00edvar y apoy\u00f3 el gobierno de Jos\u00e9 Ignacio de M\u00e1rquez, que respetaba la Constituci\u00f3n de 1821.<\/div><\/div>\n","protected":false},"excerpt":{"rendered":"<p>Pedro Alc\u00e1ntara Herr\u00e1n fue un destacado militar y pol\u00edtico colombiano que particip\u00f3 en las guerras de la independencia de Nueva Granada y Per\u00fa. Ocup\u00f3 la presidencia de la Rep\u00fablica de la Nueva Granada y su gobierno se caracteriz\u00f3 por una pol\u00edtica conservadora, centralista y clerical.<\/p>\n","protected":false},"author":36,"featured_media":0,"comment_status":"closed","ping_status":"closed","sticky":false,"template":"","format":"standard","meta":{"footnotes":""},"categories":[6,9,15],"tags":[3444,12539,12634,4987,12635,12632,12419,4318,12630,12631,12633],"_links":{"self":[{"href":"https:\/\/elbibliote.com\/resources\/articulosdestacados\/index.php?rest_route=\/wp\/v2\/posts\/20916"}],"collection":[{"href":"https:\/\/elbibliote.com\/resources\/articulosdestacados\/index.php?rest_route=\/wp\/v2\/posts"}],"about":[{"href":"https:\/\/elbibliote.com\/resources\/articulosdestacados\/index.php?rest_route=\/wp\/v2\/types\/post"}],"author":[{"embeddable":true,"href":"https:\/\/elbibliote.com\/resources\/articulosdestacados\/index.php?rest_route=\/wp\/v2\/users\/36"}],"replies":[{"embeddable":true,"href":"https:\/\/elbibliote.com\/resources\/articulosdestacados\/index.php?rest_route=%2Fwp%2Fv2%2Fcomments&post=20916"}],"version-history":[{"count":4,"href":"https:\/\/elbibliote.com\/resources\/articulosdestacados\/index.php?rest_route=\/wp\/v2\/posts\/20916\/revisions"}],"predecessor-version":[{"id":20937,"href":"https:\/\/elbibliote.com\/resources\/articulosdestacados\/index.php?rest_route=\/wp\/v2\/posts\/20916\/revisions\/20937"}],"wp:attachment":[{"href":"https:\/\/elbibliote.com\/resources\/articulosdestacados\/index.php?rest_route=%2Fwp%2Fv2%2Fmedia&parent=20916"}],"wp:term":[{"taxonomy":"category","embeddable":true,"href":"https:\/\/elbibliote.com\/resources\/articulosdestacados\/index.php?rest_route=%2Fwp%2Fv2%2Fcategories&post=20916"},{"taxonomy":"post_tag","embeddable":true,"href":"https:\/\/elbibliote.com\/resources\/articulosdestacados\/index.php?rest_route=%2Fwp%2Fv2%2Ftags&post=20916"}],"curies":[{"name":"wp","href":"https:\/\/api.w.org\/{rel}","templated":true}]}}