{"id":21042,"date":"2024-01-18T10:01:52","date_gmt":"2024-01-18T13:01:52","guid":{"rendered":"https:\/\/elbibliote.com\/resources\/articulosdestacados\/?p=21042"},"modified":"2024-01-18T10:02:03","modified_gmt":"2024-01-18T13:02:03","slug":"monsenor-joaquin-larrain-gandarillas","status":"publish","type":"post","link":"https:\/\/elbibliote.com\/resources\/articulosdestacados\/?p=21042","title":{"rendered":"Monse\u00f1or Joaqu\u00edn Larra\u00edn Gandarillas"},"content":{"rendered":"<p style=\"text-align: justify;\"><span style=\"color: #808080;\"><em>Fue un destacado educador, pol\u00edtico y eclesi\u00e1stico chileno del siglo XIX, que contribuy\u00f3 a la formaci\u00f3n integral de la juventud, a la defensa de la libertad de ense\u00f1anza y a la consolidaci\u00f3n de la iglesia cat\u00f3lica en Chile. Su vida y obra son un testimonio de su vocaci\u00f3n sacerdotal, su visi\u00f3n pedag\u00f3gica y su liderazgo conservador.<\/em><\/span><\/p>\n<figure id=\"attachment_21040\" aria-describedby=\"caption-attachment-21040\" style=\"width: 1080px\" class=\"wp-caption aligncenter\"><img loading=\"lazy\" decoding=\"async\" class=\"wp-image-21040 size-full\" src=\"https:\/\/elbibliote.com\/resources\/articulosdestacados\/wp-content\/uploads\/2024\/01\/Univesidad_Catolica_-casa_central_f14_-busto_Larrain_G.jpg\" alt=\"\" width=\"1080\" height=\"1459\" srcset=\"https:\/\/elbibliote.com\/resources\/articulosdestacados\/wp-content\/uploads\/2024\/01\/Univesidad_Catolica_-casa_central_f14_-busto_Larrain_G.jpg 1080w, https:\/\/elbibliote.com\/resources\/articulosdestacados\/wp-content\/uploads\/2024\/01\/Univesidad_Catolica_-casa_central_f14_-busto_Larrain_G-222x300.jpg 222w, https:\/\/elbibliote.com\/resources\/articulosdestacados\/wp-content\/uploads\/2024\/01\/Univesidad_Catolica_-casa_central_f14_-busto_Larrain_G-768x1038.jpg 768w, https:\/\/elbibliote.com\/resources\/articulosdestacados\/wp-content\/uploads\/2024\/01\/Univesidad_Catolica_-casa_central_f14_-busto_Larrain_G-758x1024.jpg 758w\" sizes=\"(max-width: 1080px) 100vw, 1080px\" \/><figcaption id=\"caption-attachment-21040\" class=\"wp-caption-text\">Busto de monse\u00f1or Joaqu\u00edn Larra\u00edn Gandarillas ubicado en la Casa Central de la Pontificia Universidad Cat\u00f3lica de Chile. Atribuci\u00f3n imagen:\u00a0<a href=\"https:\/\/commons.wikimedia.org\/wiki\/User:Roferbia\" target=\"_blank\" rel=\"noopener\">Rodrigo Fern\u00e1ndez<\/a>,\u00a0<a href=\"https:\/\/commons.wikimedia.org\/wiki\/File:Univesidad_Catolica_-casa_central_f14_-busto_Larrain_G.jpg\" target=\"_blank\" rel=\"noopener\">Univesidad Catolica -casa central f14 -busto Larrain G<\/a>,\u00a0<a href=\"https:\/\/creativecommons.org\/licenses\/by-sa\/4.0\/legalcode\" target=\"_blank\" rel=\"license noopener\">CC BY-SA 4.0<\/a><\/figcaption><\/figure>\n<h2 style=\"text-align: justify;\">1844<\/h2>\n<p style=\"text-align: justify;\">Se gradu\u00f3 de bachiller en teolog\u00eda y licenciado en leyes en la Universidad de Chile.<\/p>\n<h2 style=\"text-align: justify;\">1851\u20131853<\/h2>\n<p style=\"text-align: justify;\">Viaj\u00f3 por Europa y Estados Unidos para estudiar los planes de ense\u00f1anza y r\u00e9gimen escolar de los seminarios.<\/p>\n<h2 style=\"text-align: justify;\">1853<\/h2>\n<p style=\"text-align: justify;\">Fue nombrado rector del Seminario Pontificio de Santiago el 30 de octubre, cargo que ejerci\u00f3 por 25 a\u00f1os.<\/p>\n<h2 style=\"text-align: justify;\">1864\u20131867<\/h2>\n<p style=\"text-align: justify;\">Fue elegido diputado por Rere. Integr\u00f3 la Comisi\u00f3n Permanente de Negocios Eclesi\u00e1sticos y particip\u00f3 en el debate sobre las leyes laicas que buscaban limitar el poder de la Iglesia en el Estado.<\/p>\n<h2 style=\"text-align: justify;\">1878<\/h2>\n<p style=\"text-align: justify;\">Fue nombrado obispo auxiliar de Santiago y arzobispo de Anazarba en 1895.<\/p>\n<h2 style=\"text-align: justify;\">1888<\/h2>\n<p style=\"text-align: justify;\">Fue el primer rector de la Pontificia Universidad Cat\u00f3lica de Chile hasta su muerte en 1897 y promovi\u00f3 la educaci\u00f3n cat\u00f3lica y la formaci\u00f3n de la juventud.<\/p>\n<h2 style=\"text-align: justify;\">VIDA POL\u00cdTICA<\/h2>\n<p style=\"text-align: justify;\">La vida pol\u00edtica de Joaqu\u00edn Larra\u00edn Gandarillas fue un reflejo de su compromiso con la iglesia cat\u00f3lica y con los principios conservadores que defend\u00eda. Como diputado, particip\u00f3 activamente en el debate legislativo sobre las leyes laicas que pretend\u00edan separar a la Iglesia del Estado y limitar su influencia en la educaci\u00f3n, el matrimonio y el cementerio. Como obispo auxiliar y arzobispo titular, colabor\u00f3 con el arzobispado de Santiago, Mariano Casanova, en la defensa de los derechos de la Iglesia y en la organizaci\u00f3n de la jerarqu\u00eda eclesi\u00e1stica. Como primer rector de la Pontificia Cat\u00f3lica de Chile, impuls\u00f3 la formaci\u00f3n de profesionales cat\u00f3licos y la difusi\u00f3n de la doctrina social de la iglesia.<\/p>\n<p style=\"text-align: justify;\"><div class=\"su-box su-box-style-default sabiasque\" id=\"\" style=\"border-color:#a8a8b7;border-radius:0px;\"><div class=\"su-box-title\" style=\"background-color:#DBDBEA;color:#484848;border-top-left-radius:0px;border-top-right-radius:0px\">\u00bfSab\u00edas qu\u00e9?<\/div><div class=\"su-box-content su-u-clearfix su-u-trim\" style=\"border-bottom-left-radius:0px;border-bottom-right-radius:0px\">Monse\u00f1or Joaqu\u00edn Larra\u00edn Gandarillas, adem\u00e1s de ser un destacado educador, pol\u00edtico y eclesi\u00e1stico, fue el hermano de cinco exparlamentarios chilenos: Patricio, Ladislao, Francisco de Borja, Raimundo y Juan Francisco.<\/div><\/div>\n","protected":false},"excerpt":{"rendered":"<p>Fue un destacado educador, pol\u00edtico y eclesi\u00e1stico chileno del siglo XIX, que contribuy\u00f3 a la formaci\u00f3n integral de la juventud, a la defensa de la libertad de ense\u00f1anza y a la consolidaci\u00f3n de la iglesia cat\u00f3lica en Chile. Su vida y obra son un testimonio de su vocaci\u00f3n sacerdotal, su visi\u00f3n pedag\u00f3gica y su liderazgo conservador.<\/p>\n","protected":false},"author":36,"featured_media":0,"comment_status":"closed","ping_status":"closed","sticky":false,"template":"","format":"standard","meta":{"footnotes":""},"categories":[6,9,15],"tags":[12711,4987,12713,12712,12707,12714,12710,10755,12709,12708],"_links":{"self":[{"href":"https:\/\/elbibliote.com\/resources\/articulosdestacados\/index.php?rest_route=\/wp\/v2\/posts\/21042"}],"collection":[{"href":"https:\/\/elbibliote.com\/resources\/articulosdestacados\/index.php?rest_route=\/wp\/v2\/posts"}],"about":[{"href":"https:\/\/elbibliote.com\/resources\/articulosdestacados\/index.php?rest_route=\/wp\/v2\/types\/post"}],"author":[{"embeddable":true,"href":"https:\/\/elbibliote.com\/resources\/articulosdestacados\/index.php?rest_route=\/wp\/v2\/users\/36"}],"replies":[{"embeddable":true,"href":"https:\/\/elbibliote.com\/resources\/articulosdestacados\/index.php?rest_route=%2Fwp%2Fv2%2Fcomments&post=21042"}],"version-history":[{"count":5,"href":"https:\/\/elbibliote.com\/resources\/articulosdestacados\/index.php?rest_route=\/wp\/v2\/posts\/21042\/revisions"}],"predecessor-version":[{"id":21074,"href":"https:\/\/elbibliote.com\/resources\/articulosdestacados\/index.php?rest_route=\/wp\/v2\/posts\/21042\/revisions\/21074"}],"wp:attachment":[{"href":"https:\/\/elbibliote.com\/resources\/articulosdestacados\/index.php?rest_route=%2Fwp%2Fv2%2Fmedia&parent=21042"}],"wp:term":[{"taxonomy":"category","embeddable":true,"href":"https:\/\/elbibliote.com\/resources\/articulosdestacados\/index.php?rest_route=%2Fwp%2Fv2%2Fcategories&post=21042"},{"taxonomy":"post_tag","embeddable":true,"href":"https:\/\/elbibliote.com\/resources\/articulosdestacados\/index.php?rest_route=%2Fwp%2Fv2%2Ftags&post=21042"}],"curies":[{"name":"wp","href":"https:\/\/api.w.org\/{rel}","templated":true}]}}