{"id":21046,"date":"2024-01-29T10:18:45","date_gmt":"2024-01-29T13:18:45","guid":{"rendered":"https:\/\/elbibliote.com\/resources\/articulosdestacados\/?p=21046"},"modified":"2024-01-29T10:18:45","modified_gmt":"2024-01-29T13:18:45","slug":"gaspar-marin-y-la-primera-junta-de-gobierno-de-chile","status":"publish","type":"post","link":"https:\/\/elbibliote.com\/resources\/articulosdestacados\/?p=21046","title":{"rendered":"Gaspar Mar\u00edn y la Primera Junta de Gobierno de Chile"},"content":{"rendered":"<p><em><span style=\"color: #808080;\">Gaspar Mar\u00edn fue un abogado y pol\u00edtico que tuvo importantes participaciones en la din\u00e1mica pol\u00edtica de Chile. Entre sus m\u00e1s valiosos aportes se encuentran los que realiz\u00f3 como miembro de la primera organizaci\u00f3n gubernamental independiente del pa\u00eds, conocida como la Primera Junta.<\/span><\/em><\/p>\n<h2>La Primera Junta<\/h2>\n<p>Como consecuencia de la invasi\u00f3n de Napole\u00f3n Bonaparte a Espa\u00f1a, el encarcelamiento del rey Fernando VII y el descontento del pueblo chileno con su gobernador Francisco Antonio Garc\u00eda Carrasco, un gran sector de los habitantes consider\u00f3 que esta regi\u00f3n geogr\u00e1fica y pol\u00edtica deb\u00eda formar una junta de gobierno que se administrara a s\u00ed misma en ausencia del monarca.<\/p>\n<p>As\u00ed, luego de la destituci\u00f3n de Garc\u00eda Carrasco para que tomara su lugar el espa\u00f1ol Mateo de Toro Zambrano, el 18 de septiembre se autoriz\u00f3 la convocatoria a un cabildo abierto que design\u00f3 a quienes ser\u00edan los miembros de la Primera Junta de Gobierno, frente a unos 400 ciudadanos que sirvieron como testigos del acontecimiento.<\/p>\n<h2>Gaspar Mar\u00edn<\/h2>\n<p>Gaspar Mar\u00edn era un abogado de 38 a\u00f1os muy querido por el pueblo, que ya hab\u00eda iniciado una carrera pol\u00edtica como asesor del consulado dos a\u00f1os atr\u00e1s y demostraba un gran anhelo por la independencia. Fue uno de los elegidos para integrar la Junta bajo el juramento de que todas sus acciones como figura de autoridad obrar\u00edan a favor del apresado monarca, el reino y sus habitantes.<\/p>\n<p>Se le asign\u00f3 el cargo de secretario a cargo de los departamentos de Justicia, Guerra y Negocios Extranjeros. Como miembro, ten\u00eda plenos derechos con voz y voto sobre las decisiones de la Junta, con aportes que buscaban mantener la unidad de los integrantes de la instituci\u00f3n y de las mismas provincias de la regi\u00f3n. Adem\u00e1s, debido a la avanzada de edad de Mateo de Toro Zambrano, presidente de la Junta, en varias ocasiones las funciones y deberes de este reca\u00edan en Mar\u00edn, su secretario, para poder llevarse a cabo de la manera m\u00e1s pr\u00e1ctica.<\/p>\n<p>Luego de la disoluci\u00f3n de la Junta a favor de instaurar el primer Congreso Nacional que dirigiera el pa\u00eds, Gaspar Mar\u00edn fue elegido para formar parte del mismo como diputado suplente por la comuna de Los \u00c1ngeles.<\/p>\n<div class=\"su-box su-box-style-default sabiasque\" id=\"\" style=\"border-color:#a8a8b7;border-radius:0px;\"><div class=\"su-box-title\" style=\"background-color:#DBDBEA;color:#484848;border-top-left-radius:0px;border-top-right-radius:0px\">\u00bfSab\u00edas qu\u00e9?<\/div><div class=\"su-box-content su-u-clearfix su-u-trim\" style=\"border-bottom-left-radius:0px;border-bottom-right-radius:0px\">Adem\u00e1s de ejercer como secretario de la Junta, tambi\u00e9n ocup\u00f3 los cargos de senador propietario de 1812 a 1814, ministro de la Corte Suprema en 1823, diputado por Colchagua en 1825, diputado propietario por Illapel y Combarbal\u00e1 en 1828, senador por las mismas comunas en 1828 y 1829, senador por Coquimbo en 1829 y diputado por Vallenar desde 1831 hasta 1834; todos cargos pol\u00edticos y ninguno militar.<\/div><\/div>\n<figure id=\"attachment_21047\" aria-describedby=\"caption-attachment-21047\" style=\"width: 1080px\" class=\"wp-caption aligncenter\"><img loading=\"lazy\" decoding=\"async\" class=\"size-full wp-image-21047\" src=\"https:\/\/elbibliote.com\/resources\/articulosdestacados\/wp-content\/uploads\/2024\/01\/Primera_Junta_de_Gobierno_Chile.jpg\" alt=\"\" width=\"1080\" height=\"693\" srcset=\"https:\/\/elbibliote.com\/resources\/articulosdestacados\/wp-content\/uploads\/2024\/01\/Primera_Junta_de_Gobierno_Chile.jpg 1080w, https:\/\/elbibliote.com\/resources\/articulosdestacados\/wp-content\/uploads\/2024\/01\/Primera_Junta_de_Gobierno_Chile-300x193.jpg 300w, https:\/\/elbibliote.com\/resources\/articulosdestacados\/wp-content\/uploads\/2024\/01\/Primera_Junta_de_Gobierno_Chile-768x493.jpg 768w, https:\/\/elbibliote.com\/resources\/articulosdestacados\/wp-content\/uploads\/2024\/01\/Primera_Junta_de_Gobierno_Chile-1024x657.jpg 1024w\" sizes=\"(max-width: 1080px) 100vw, 1080px\" \/><figcaption id=\"caption-attachment-21047\" class=\"wp-caption-text\">Retrato de la Primera Junta de Gobierno de Chile en 1810.<\/figcaption><\/figure>\n","protected":false},"excerpt":{"rendered":"<p>Gaspar Mar\u00edn fue un abogado y pol\u00edtico que tuvo importantes participaciones en la din\u00e1mica pol\u00edtica de Chile. Entre sus m\u00e1s valiosos aportes se encuentran los que realiz\u00f3 como miembro de la primera organizaci\u00f3n gubernamental independiente del pa\u00eds, conocida como la Primera Junta.<\/p>\n","protected":false},"author":18,"featured_media":0,"comment_status":"closed","ping_status":"closed","sticky":false,"template":"","format":"standard","meta":{"footnotes":""},"categories":[6,9,15],"tags":[2868,2504,3819,3561,12716,3990,3231,4311,8555,12717,8628,12718,4838],"_links":{"self":[{"href":"https:\/\/elbibliote.com\/resources\/articulosdestacados\/index.php?rest_route=\/wp\/v2\/posts\/21046"}],"collection":[{"href":"https:\/\/elbibliote.com\/resources\/articulosdestacados\/index.php?rest_route=\/wp\/v2\/posts"}],"about":[{"href":"https:\/\/elbibliote.com\/resources\/articulosdestacados\/index.php?rest_route=\/wp\/v2\/types\/post"}],"author":[{"embeddable":true,"href":"https:\/\/elbibliote.com\/resources\/articulosdestacados\/index.php?rest_route=\/wp\/v2\/users\/18"}],"replies":[{"embeddable":true,"href":"https:\/\/elbibliote.com\/resources\/articulosdestacados\/index.php?rest_route=%2Fwp%2Fv2%2Fcomments&post=21046"}],"version-history":[{"count":5,"href":"https:\/\/elbibliote.com\/resources\/articulosdestacados\/index.php?rest_route=\/wp\/v2\/posts\/21046\/revisions"}],"predecessor-version":[{"id":21231,"href":"https:\/\/elbibliote.com\/resources\/articulosdestacados\/index.php?rest_route=\/wp\/v2\/posts\/21046\/revisions\/21231"}],"wp:attachment":[{"href":"https:\/\/elbibliote.com\/resources\/articulosdestacados\/index.php?rest_route=%2Fwp%2Fv2%2Fmedia&parent=21046"}],"wp:term":[{"taxonomy":"category","embeddable":true,"href":"https:\/\/elbibliote.com\/resources\/articulosdestacados\/index.php?rest_route=%2Fwp%2Fv2%2Fcategories&post=21046"},{"taxonomy":"post_tag","embeddable":true,"href":"https:\/\/elbibliote.com\/resources\/articulosdestacados\/index.php?rest_route=%2Fwp%2Fv2%2Ftags&post=21046"}],"curies":[{"name":"wp","href":"https:\/\/api.w.org\/{rel}","templated":true}]}}