{"id":21078,"date":"2024-01-19T10:59:14","date_gmt":"2024-01-19T13:59:14","guid":{"rendered":"https:\/\/elbibliote.com\/resources\/articulosdestacados\/?p=21078"},"modified":"2024-01-19T10:59:14","modified_gmt":"2024-01-19T13:59:14","slug":"motin-de-figueroa","status":"publish","type":"post","link":"https:\/\/elbibliote.com\/resources\/articulosdestacados\/?p=21078","title":{"rendered":"Mot\u00edn de Figueroa"},"content":{"rendered":"<p style=\"text-align: justify;\"><span style=\"color: #808080;\"><em>Fue un intento de rebeli\u00f3n contra la Primera Junta de Gobierno de Chile, liderado por el teniente coronel Tom\u00e1s de Figueroa y Caravaca el 1\u00b0 de abril de 1811. Su objetivo era impedir las elecciones del Primer Congreso Nacional de Chile y restablecer el orden colonial. Sin embargo, la sublevaci\u00f3n fue sofocada por las tropas leales a la Junta. Este hecho marc\u00f3 el inicio de la guerra de la independencia de Chile y la disoluci\u00f3n de la Real Audiencia.<\/em><\/span><\/p>\n<figure id=\"attachment_21079\" aria-describedby=\"caption-attachment-21079\" style=\"width: 1080px\" class=\"wp-caption aligncenter\"><img loading=\"lazy\" decoding=\"async\" class=\"wp-image-21079 size-full\" src=\"https:\/\/elbibliote.com\/resources\/articulosdestacados\/wp-content\/uploads\/2024\/01\/Torre\u00f3n_del_Barro_Valdivia_Chile.jpg\" alt=\"\" width=\"1080\" height=\"1440\" srcset=\"https:\/\/elbibliote.com\/resources\/articulosdestacados\/wp-content\/uploads\/2024\/01\/Torre\u00f3n_del_Barro_Valdivia_Chile.jpg 1080w, https:\/\/elbibliote.com\/resources\/articulosdestacados\/wp-content\/uploads\/2024\/01\/Torre\u00f3n_del_Barro_Valdivia_Chile-225x300.jpg 225w, https:\/\/elbibliote.com\/resources\/articulosdestacados\/wp-content\/uploads\/2024\/01\/Torre\u00f3n_del_Barro_Valdivia_Chile-768x1024.jpg 768w\" sizes=\"(max-width: 1080px) 100vw, 1080px\" \/><figcaption id=\"caption-attachment-21079\" class=\"wp-caption-text\">Torre\u00f3n del Barro, Valdivia, Chile. Atribuci\u00f3n imagen: <a href=\"http:\/\/Diego Delso, Torre\u00f3n del Barro, Valdivia, Chile, CC BY-SA 3.0\">Diego Delso, Torre\u00f3n del Barro, Valdivia, Chile, CC BY-SA 3.0<\/a><\/figcaption><\/figure>\n<h2 style=\"text-align: justify;\">Gestaci\u00f3n<\/h2>\n<p style=\"text-align: justify;\">Los sectores m\u00e1s radicales del bando realista, incluyendo a los espa\u00f1oles Nicol\u00e1s de Chopitea y Manuel Matta, planeaban sublevar las tropas de Santiago, ponerlas bajo la direcci\u00f3n de un general espa\u00f1ol leal al gobierno colonial, con el objetivo de restaurar el orden anterior a la instalaci\u00f3n de la Primera Junta. En ese momento, esos grupos y los independentistas m\u00e1s extremistas eran los \u00fanicos que comprend\u00edan la importancia de este evento. Para la mayor\u00eda de los chilenos, la Junta era considerada algo temporal que gobernar\u00eda hasta que el rey de Espa\u00f1a fuese liberado por Napole\u00f3n. Los conspiradores concibieron este plan considerando la cercan\u00eda de la elecci\u00f3n de diputados de la ciudad de Santiago al Primer Congreso Nacional, que deb\u00eda realizarse antes de 15 de abril de 1811.<\/p>\n<h2 style=\"text-align: justify;\">Desarrollo<\/h2>\n<p style=\"text-align: justify;\">Por mandato del gobierno, un grupo de 130 soldados del cuartel San Pablo ten\u00eda la orden de marchar hacia Argentina, pero se negaron la noche de 31 de marzo de 1811, y dos de ellos resultaron muertos por disparos. Esta situaci\u00f3n hostil provoc\u00f3 de manera anticipada la sublevaci\u00f3n, que se inici\u00f3 la ma\u00f1ana del 1\u00b0 de abril de 1811. Los soldados del cuartel de San Pablo desconocieron el mando de Juan de Dios Vial y Juan Miguel Benavente, proclamando su lealtad al rey y rechazando a la Junta. Tom\u00e1s de Figueroa respondi\u00f3 al llamado de la tropa y acudi\u00f3 a la Real Audiencia para presentar sus demandas, pero fue enfrentado por tropas leales a la Junta. Tras un intercambio de disparos los sublevados, se dispersaron y dejaron diez muertos en la plaza, mientras que el bando gobiernista tuvo dos bajas. Figueroa se refugi\u00f3 en el convento de Santo Domingo, pero fue adelantado y capturado por las tropas gobiernistas para ser procesado r\u00e1pidamente.<\/p>\n<h2 style=\"text-align: justify;\">JUICIO<\/h2>\n<p style=\"text-align: justify;\">Tom\u00e1s de Figueroa fue enjuiciado por los miembros de la Junta de Gobierno y condenado a muerte. Aunque Figueroa muri\u00f3 sin delatar a nadie, se culp\u00f3 a la Real Audiencia, que fue suprimida en junio de 1811. Tambi\u00e9n se desterr\u00f3 a los espa\u00f1oles Nicol\u00e1s de Chopitea y Manuel Matta y se confiscaron sus bienes. El mot\u00edn de Figueroa tuvo importantes consecuencias pol\u00edticas, pues aceler\u00f3 el proceso de ruptura con Espa\u00f1a y fortaleci\u00f3 el bando independentista.<\/p>\n<p style=\"text-align: justify;\"><div class=\"su-box su-box-style-default sabiasque\" id=\"\" style=\"border-color:#a8a8b7;border-radius:0px;\"><div class=\"su-box-title\" style=\"background-color:#DBDBEA;color:#484848;border-top-left-radius:0px;border-top-right-radius:0px\">\u00bfSab\u00edas qu\u00e9?<\/div><div class=\"su-box-content su-u-clearfix su-u-trim\" style=\"border-bottom-left-radius:0px;border-bottom-right-radius:0px\">La vida de Tom\u00e1s de Figueroa inspir\u00f3 una leyenda rom\u00e1ntica que se relaci\u00f3n con el torre\u00f3n del Barro en Valdivia, Chile. Seg\u00fan la leyenda, Figueroa se enamor\u00f3 de una joven valdiviana llamada Mar\u00eda, que lo visitaba en secreto y le llevaba comida y cartas cuando \u00e9l estaba preso en el torre\u00f3n. Un d\u00eda, Figueroa logr\u00f3 escapar de la prisi\u00f3n disfrazado de fraile y reuni\u00f3 con Mar\u00eda, pero fueron descubiertos por los soldados espa\u00f1oles, que los persiguieron hasta el r\u00edo Calle Calle. All\u00ed Figueroa y Mar\u00eda se lanzaron al agua abrazados y desaparecieron entre las olas, prefiriendo morir juntos que vivir separados.<\/div><\/div>\n","protected":false},"excerpt":{"rendered":"<p>Fue un intento de rebeli\u00f3n contra la Primera Junta de Gobierno de Chile, liderado por el teniente coronel Tom\u00e1s de Figueroa y Caravaca el 1\u00b0 de abril de 1811. Su objetivo era impedir las elecciones del Primer Congreso Nacional de Chile y restablecer el orden colonial. Sin embargo, la sublevaci\u00f3n fue sofocada por las tropas leales a la Junta. Este hecho marc\u00f3 el inicio de la guerra de la independencia de Chile y la disoluci\u00f3n de la Real Audiencia.<\/p>\n","protected":false},"author":36,"featured_media":0,"comment_status":"closed","ping_status":"closed","sticky":false,"template":"","format":"standard","meta":{"footnotes":""},"categories":[6,9,15],"tags":[12735,12683,4287,12731,12736,4715,12734,12733,12732],"_links":{"self":[{"href":"https:\/\/elbibliote.com\/resources\/articulosdestacados\/index.php?rest_route=\/wp\/v2\/posts\/21078"}],"collection":[{"href":"https:\/\/elbibliote.com\/resources\/articulosdestacados\/index.php?rest_route=\/wp\/v2\/posts"}],"about":[{"href":"https:\/\/elbibliote.com\/resources\/articulosdestacados\/index.php?rest_route=\/wp\/v2\/types\/post"}],"author":[{"embeddable":true,"href":"https:\/\/elbibliote.com\/resources\/articulosdestacados\/index.php?rest_route=\/wp\/v2\/users\/36"}],"replies":[{"embeddable":true,"href":"https:\/\/elbibliote.com\/resources\/articulosdestacados\/index.php?rest_route=%2Fwp%2Fv2%2Fcomments&post=21078"}],"version-history":[{"count":4,"href":"https:\/\/elbibliote.com\/resources\/articulosdestacados\/index.php?rest_route=\/wp\/v2\/posts\/21078\/revisions"}],"predecessor-version":[{"id":21087,"href":"https:\/\/elbibliote.com\/resources\/articulosdestacados\/index.php?rest_route=\/wp\/v2\/posts\/21078\/revisions\/21087"}],"wp:attachment":[{"href":"https:\/\/elbibliote.com\/resources\/articulosdestacados\/index.php?rest_route=%2Fwp%2Fv2%2Fmedia&parent=21078"}],"wp:term":[{"taxonomy":"category","embeddable":true,"href":"https:\/\/elbibliote.com\/resources\/articulosdestacados\/index.php?rest_route=%2Fwp%2Fv2%2Fcategories&post=21078"},{"taxonomy":"post_tag","embeddable":true,"href":"https:\/\/elbibliote.com\/resources\/articulosdestacados\/index.php?rest_route=%2Fwp%2Fv2%2Ftags&post=21078"}],"curies":[{"name":"wp","href":"https:\/\/api.w.org\/{rel}","templated":true}]}}