{"id":21090,"date":"2024-01-29T10:48:37","date_gmt":"2024-01-29T13:48:37","guid":{"rendered":"https:\/\/elbibliote.com\/resources\/articulosdestacados\/?p=21090"},"modified":"2024-01-29T10:48:37","modified_gmt":"2024-01-29T13:48:37","slug":"el-conde-de-la-conquista","status":"publish","type":"post","link":"https:\/\/elbibliote.com\/resources\/articulosdestacados\/?p=21090","title":{"rendered":"El Conde de la Conquista"},"content":{"rendered":"<p style=\"text-align: justify;\"><span style=\"color: #808080;\"><em>Mateo de Toro Zambrano fue presidente de la Primera Junta Nacional de Gobierno de Chile, y un personaje clave en la historia de la emancipaci\u00f3n de este pa\u00eds, ya que inici\u00f3 el proceso de independencia en 1810. Su vida y obra reflejan tensiones, contradicciones y desaf\u00edos que enfrentaron los criollos en el contexto de la crisis del imperio espa\u00f1ol.<\/em><\/span><\/p>\n<figure id=\"attachment_21093\" aria-describedby=\"caption-attachment-21093\" style=\"width: 1080px\" class=\"wp-caption aligncenter\"><img loading=\"lazy\" decoding=\"async\" class=\"wp-image-21093 size-full\" src=\"https:\/\/elbibliote.com\/resources\/articulosdestacados\/wp-content\/uploads\/2024\/01\/Primera_Junta_de_Gobierno_Chile-1.jpg\" alt=\"\" width=\"1080\" height=\"693\" srcset=\"https:\/\/elbibliote.com\/resources\/articulosdestacados\/wp-content\/uploads\/2024\/01\/Primera_Junta_de_Gobierno_Chile-1.jpg 1080w, https:\/\/elbibliote.com\/resources\/articulosdestacados\/wp-content\/uploads\/2024\/01\/Primera_Junta_de_Gobierno_Chile-1-300x193.jpg 300w, https:\/\/elbibliote.com\/resources\/articulosdestacados\/wp-content\/uploads\/2024\/01\/Primera_Junta_de_Gobierno_Chile-1-768x493.jpg 768w, https:\/\/elbibliote.com\/resources\/articulosdestacados\/wp-content\/uploads\/2024\/01\/Primera_Junta_de_Gobierno_Chile-1-1024x657.jpg 1024w\" sizes=\"(max-width: 1080px) 100vw, 1080px\" \/><figcaption id=\"caption-attachment-21093\" class=\"wp-caption-text\">Primera Junta de Gobierno, \u00f3leo de Nicol\u00e1s Guzm\u00e1n (1889).<\/figcaption><\/figure>\n<h2 style=\"text-align: justify;\">1751<\/h2>\n<p style=\"text-align: justify;\">Contrajo matrimonio con Maria Nicolasa de Vald\u00e9s y de la Carrera, con quien tuvo 10 hijos.<\/p>\n<h2 style=\"text-align: justify;\">1770<\/h2>\n<p style=\"text-align: justify;\">Recibi\u00f3 el t\u00edtulo de conde de la Conquista otorgado por el rey Carlos III de Espa\u00f1a en reconocimiento a su fortuna y su influencia.<\/p>\n<h2 style=\"text-align: justify;\">1810<\/h2>\n<p style=\"text-align: justify;\">Asumi\u00f3 como gobernador interino de Chile tras la dimisi\u00f3n de Francisco Antonio Garc\u00eda Carrasco. El 18 de septiembre convoc\u00f3 a un cabildo abierto, en el que fue elegido presidente de la primera Junta Nacional de Gobierno de Chile, que marc\u00f3 el comienzo de la autonom\u00eda pol\u00edtica del territorio.<\/p>\n<h2 style=\"text-align: justify;\">JUNTA DE GOBIERNO<\/h2>\n<p style=\"text-align: justify;\">Algunas de las acciones que realiz\u00f3 en la Junta fueron:<\/p>\n<p style=\"text-align: justify;\">\u2022 Gobernar el territorio en nombre del rey Fernando VII, que estaba cautivo por Napole\u00f3n Bonaparte.<br \/>\n\u2022 Preparar las fuerzas patriotas y proteger la capital debido al miedo de una eventual invasi\u00f3n espa\u00f1ola.<br \/>\n\u2022 Convocar a un Congreso Nacional para crear una constituci\u00f3n y un gobierno m\u00e1s inclusivo.<br \/>\n\u2022 Enviar una delegaci\u00f3n a Buenos Aires para buscar apoyo y coordinaci\u00f3n con la Junta de la ciudad.<br \/>\n\u2022 Impulsar el libre comercio y abrir los puertos a otras naciones.<\/p>\n<h2 style=\"text-align: justify;\">CONDADO DE LA CONQUISTA<\/h2>\n<p style=\"text-align: justify;\">Fue un t\u00edtulo nobiliario espa\u00f1ol creado por el rey Carlos III de Espa\u00f1a en 1770. El t\u00edtulo hace referencia a la \u201cConquista\u201d de Am\u00e9rica por parte de los espa\u00f1oles, y su creaci\u00f3n se relaciona con los m\u00e9ritos y lealtad de Mateo de Toro hacia la Corona espa\u00f1ola en el contexto de la colonizaci\u00f3n y gobiernos de las colonias americanas. Este t\u00edtulo nobiliario se ha mantenido a lo largo de los a\u00f1os y ha sido heredado por los descendientes de Mateo de Toro. La importancia del Condado de la Conquista radica en su relevancia hist\u00f3rica, relacionada tanto con la colonizaci\u00f3n de Am\u00e9rica como con la participaci\u00f3n de sus titulares en la pol\u00edtica y la historia de Chile y Espa\u00f1a.<\/p>\n<p style=\"text-align: justify;\"><div class=\"su-box su-box-style-default sabiasque\" id=\"\" style=\"border-color:#a8a8b7;border-radius:0px;\"><div class=\"su-box-title\" style=\"background-color:#DBDBEA;color:#484848;border-top-left-radius:0px;border-top-right-radius:0px\">\u00bfSab\u00edas qu\u00e9?<\/div><div class=\"su-box-content su-u-clearfix su-u-trim\" style=\"border-bottom-left-radius:0px;border-bottom-right-radius:0px\">Mateo de Toro Zambrano ten\u00eda un origen interesante, ya que su linaje descend\u00eda directamente de los emperadores incas a trav\u00e9s de la familia de su abuela materna, los Prado, quienes eran descendientes del inca Manco C\u00e1pac. Adem\u00e1s, ten\u00eda la distinci\u00f3n de ser tataranieto de Gin\u00e9s de Lillo, el contador del rey que realiz\u00f3 el primer censo de Chile en 1778.<\/div><\/div>\n","protected":false},"excerpt":{"rendered":"<p>Mateo de Toro Zambrano fue presidente de la primera Junta Nacional de Gobierno de Chile, y un personaje clave en la historia de la emancipaci\u00f3n de este pa\u00eds, ya que inici\u00f3 el proceso de independencia en 1810. Su vida y obra reflejan tensiones, contradicciones y desaf\u00edos que enfrentaron los criollos en el contexto de la crisis del imperio espa\u00f1ol.<\/p>\n","protected":false},"author":36,"featured_media":0,"comment_status":"closed","ping_status":"closed","sticky":false,"template":"","format":"standard","meta":{"footnotes":""},"categories":[6,9,15],"tags":[12741,12740,12739,8929,6917,12742,12683,2882,3941,12737,12738],"_links":{"self":[{"href":"https:\/\/elbibliote.com\/resources\/articulosdestacados\/index.php?rest_route=\/wp\/v2\/posts\/21090"}],"collection":[{"href":"https:\/\/elbibliote.com\/resources\/articulosdestacados\/index.php?rest_route=\/wp\/v2\/posts"}],"about":[{"href":"https:\/\/elbibliote.com\/resources\/articulosdestacados\/index.php?rest_route=\/wp\/v2\/types\/post"}],"author":[{"embeddable":true,"href":"https:\/\/elbibliote.com\/resources\/articulosdestacados\/index.php?rest_route=\/wp\/v2\/users\/36"}],"replies":[{"embeddable":true,"href":"https:\/\/elbibliote.com\/resources\/articulosdestacados\/index.php?rest_route=%2Fwp%2Fv2%2Fcomments&post=21090"}],"version-history":[{"count":4,"href":"https:\/\/elbibliote.com\/resources\/articulosdestacados\/index.php?rest_route=\/wp\/v2\/posts\/21090\/revisions"}],"predecessor-version":[{"id":21235,"href":"https:\/\/elbibliote.com\/resources\/articulosdestacados\/index.php?rest_route=\/wp\/v2\/posts\/21090\/revisions\/21235"}],"wp:attachment":[{"href":"https:\/\/elbibliote.com\/resources\/articulosdestacados\/index.php?rest_route=%2Fwp%2Fv2%2Fmedia&parent=21090"}],"wp:term":[{"taxonomy":"category","embeddable":true,"href":"https:\/\/elbibliote.com\/resources\/articulosdestacados\/index.php?rest_route=%2Fwp%2Fv2%2Fcategories&post=21090"},{"taxonomy":"post_tag","embeddable":true,"href":"https:\/\/elbibliote.com\/resources\/articulosdestacados\/index.php?rest_route=%2Fwp%2Fv2%2Ftags&post=21090"}],"curies":[{"name":"wp","href":"https:\/\/api.w.org\/{rel}","templated":true}]}}