{"id":21095,"date":"2024-01-29T10:24:00","date_gmt":"2024-01-29T13:24:00","guid":{"rendered":"https:\/\/elbibliote.com\/resources\/articulosdestacados\/?p=21095"},"modified":"2025-08-01T14:30:59","modified_gmt":"2025-08-01T17:30:59","slug":"el-patriota-de-mendoza","status":"publish","type":"post","link":"https:\/\/elbibliote.com\/resources\/articulosdestacados\/?p=21095","title":{"rendered":"El patriota de Mendoza"},"content":{"rendered":"<p style=\"text-align: justify;\"><span style=\"color: #808080;\"><em>Juan Mart\u00ednez de Rozas fue un abogado y pol\u00edtico chileno que jug\u00f3 un papel clave en el proceso de independencia de Chile. Nacido en Mendoza, cuando esta regi\u00f3n era parte de la Capitania General de Chile, se destac\u00f3 por su formaci\u00f3n intelectual y su influencia en los c\u00edrculos aristocr\u00e1ticos de Concepci\u00f3n. Su vida y obra son un testimonio de la complejidad y el dinamismo de la \u00e9poca revolucionaria en Chile.<\/em><\/span><\/p>\n<figure id=\"attachment_21092\" aria-describedby=\"caption-attachment-21092\" style=\"width: 1080px\" class=\"wp-caption aligncenter\"><img loading=\"lazy\" decoding=\"async\" class=\"wp-image-21092 size-full\" src=\"https:\/\/elbibliote.com\/resources\/articulosdestacados\/wp-content\/uploads\/2024\/01\/Monumento_Concepcion_Juan_Martinez_de_Rozas.jpg\" alt=\"\" width=\"1080\" height=\"1630\" srcset=\"https:\/\/elbibliote.com\/resources\/articulosdestacados\/wp-content\/uploads\/2024\/01\/Monumento_Concepcion_Juan_Martinez_de_Rozas.jpg 1080w, https:\/\/elbibliote.com\/resources\/articulosdestacados\/wp-content\/uploads\/2024\/01\/Monumento_Concepcion_Juan_Martinez_de_Rozas-199x300.jpg 199w, https:\/\/elbibliote.com\/resources\/articulosdestacados\/wp-content\/uploads\/2024\/01\/Monumento_Concepcion_Juan_Martinez_de_Rozas-768x1159.jpg 768w, https:\/\/elbibliote.com\/resources\/articulosdestacados\/wp-content\/uploads\/2024\/01\/Monumento_Concepcion_Juan_Martinez_de_Rozas-678x1024.jpg 678w\" sizes=\"(max-width: 1080px) 100vw, 1080px\" \/><figcaption id=\"caption-attachment-21092\" class=\"wp-caption-text\">Monumento de Juan Mart\u00ednez de Rozas, en Concepci\u00f3n. Atribuci\u00f3n imagen: <a href=\"https:\/\/commons.wikimedia.org\/wiki\/User:Hualo\" target=\"_blank\" rel=\"noopener\">Hualo<\/a>,\u00a0<a href=\"https:\/\/commons.wikimedia.org\/wiki\/File:Monumento_Concepcion_Juan_Martinez_de_Rozas.jpg\" target=\"_blank\" rel=\"noopener\">Monumento Concepcion Juan Martinez de Rozas<\/a>,\u00a0<a href=\"https:\/\/creativecommons.org\/licenses\/by-sa\/4.0\/legalcode\" target=\"_blank\" rel=\"license noopener\">CC BY-SA 4.0<\/a><\/figcaption><\/figure>\n<h2 style=\"text-align: justify;\">ALGUNOS EVENTOS DE SU VIDA<\/h2>\n<p style=\"text-align: justify;\">\u2022 Estudi\u00f3 filosof\u00eda, teolog\u00eda y jurisprudencia en C\u00f3rdoba y Santiago, y se gradu\u00f3 de abogado y doctor en c\u00e1nones en 1786.<br \/>\n\u2022 Fue asesor letrado e intendente interino de Concepci\u00f3n, donde impulso la organizaci\u00f3n de los fuertes de la frontera y la higiene de la ciudad.<br \/>\n\u2022 En 1795 se cas\u00f3 con Mar\u00eda de las Nieves Urrutia y Mendibur\u00fa, hija de un rico comerciante.<br \/>\n\u2022 Fue nombrado segundo vocal de la Primera Junta Nacional de Gobierno el 18 de septiembre de 1810, tras el inicio del proceso de emancipaci\u00f3n de Chile.<br \/>\n\u2022 Asumi\u00f3 la direcci\u00f3n de la Junta en 1811 y convoc\u00f3 al Primer Congreso Nacional de Chile, donde se discutieron las bases de la constituci\u00f3n.<br \/>\n\u2022 Entr\u00f3 en conflicto con Jos\u00e9 Miguel Carrera, quien lideraba una fracci\u00f3n m\u00e1s radical y militarista, y se refugi\u00f3 en Concepci\u00f3n, donde form\u00f3 una Junta provisional.<br \/>\n\u2022 Fue apresado y trasladado a Santiago por orden de carrera, y luego liberado tras un pacto transaccional en 1812.<\/p>\n<h2 style=\"text-align: justify;\">PARTICIPACI\u00d3N EN LA INDEPENDENCIA DE CHILE<\/h2>\n<p style=\"text-align: justify;\">Fue relevante, debido a que fue uno de los l\u00edderes de la Primera Junta de Gobierno y del Primer Congreso Nacional, que sentaron las bases de la emancipaci\u00f3n nacional. Mart\u00ednez de Rozas promovi\u00f3 la autonom\u00eda de los criollos frente a la Corona espa\u00f1ola, y defendi\u00f3 los intereses de la aristocracia de Concepci\u00f3n, su ciudad adoptiva. Su rivalidad con Jos\u00e9 Miguel Carrera, quien representa una fracci\u00f3n m\u00e1s radical y militarista, lo llev\u00f3 al exilio y muerte en Mendoza en 1813.<\/p>\n<p style=\"text-align: justify;\"><div class=\"su-box su-box-style-default sabiasque\" id=\"\" style=\"border-color:#a8a8b7;border-radius:0px;\"><div class=\"su-box-title\" style=\"background-color:#DBDBEA;color:#484848;border-top-left-radius:0px;border-top-right-radius:0px\">\u00bfSab\u00edas qu\u00e9?<\/div><div class=\"su-box-content su-u-clearfix su-u-trim\" style=\"border-bottom-left-radius:0px;border-bottom-right-radius:0px\">Juan Mart\u00ednez de Rozas tuvo 8 hijos, entre ellos Francisco Rozas Mendibur\u00fa, qui\u00e9n fue un destacado militar y pol\u00edtico que particip\u00f3 en la guerra contra la Confederaci\u00f3n Per\u00fa-Boliviana y fue ministro de Guerra y Marina de Chile.<\/div><\/div>\n","protected":false},"excerpt":{"rendered":"<p>Juan Mart\u00ednez de Rozas fue un abogado y pol\u00edtico chileno que jug\u00f3 un papel clave en el proceso de independencia de Chile. Nacido en Mendoza, cuando esta regi\u00f3n era parte de la Capitania General de Chile, se destac\u00f3 por su formaci\u00f3n intelectual y su influencia en los c\u00edrculos aristocr\u00e1ticos de Concepci\u00f3n. Su vida y obra son un testimonio de la complejidad y el dinamismo de la \u00e9poca revolucionaria en Chile.<\/p>\n","protected":false},"author":36,"featured_media":0,"comment_status":"closed","ping_status":"closed","sticky":false,"template":"","format":"standard","meta":{"footnotes":""},"categories":[6,9,15],"tags":[12449,12746,12743,12748,12683,12745,12744,10755,12749,12747],"_links":{"self":[{"href":"https:\/\/elbibliote.com\/resources\/articulosdestacados\/index.php?rest_route=\/wp\/v2\/posts\/21095"}],"collection":[{"href":"https:\/\/elbibliote.com\/resources\/articulosdestacados\/index.php?rest_route=\/wp\/v2\/posts"}],"about":[{"href":"https:\/\/elbibliote.com\/resources\/articulosdestacados\/index.php?rest_route=\/wp\/v2\/types\/post"}],"author":[{"embeddable":true,"href":"https:\/\/elbibliote.com\/resources\/articulosdestacados\/index.php?rest_route=\/wp\/v2\/users\/36"}],"replies":[{"embeddable":true,"href":"https:\/\/elbibliote.com\/resources\/articulosdestacados\/index.php?rest_route=%2Fwp%2Fv2%2Fcomments&post=21095"}],"version-history":[{"count":4,"href":"https:\/\/elbibliote.com\/resources\/articulosdestacados\/index.php?rest_route=\/wp\/v2\/posts\/21095\/revisions"}],"predecessor-version":[{"id":21233,"href":"https:\/\/elbibliote.com\/resources\/articulosdestacados\/index.php?rest_route=\/wp\/v2\/posts\/21095\/revisions\/21233"}],"wp:attachment":[{"href":"https:\/\/elbibliote.com\/resources\/articulosdestacados\/index.php?rest_route=%2Fwp%2Fv2%2Fmedia&parent=21095"}],"wp:term":[{"taxonomy":"category","embeddable":true,"href":"https:\/\/elbibliote.com\/resources\/articulosdestacados\/index.php?rest_route=%2Fwp%2Fv2%2Fcategories&post=21095"},{"taxonomy":"post_tag","embeddable":true,"href":"https:\/\/elbibliote.com\/resources\/articulosdestacados\/index.php?rest_route=%2Fwp%2Fv2%2Ftags&post=21095"}],"curies":[{"name":"wp","href":"https:\/\/api.w.org\/{rel}","templated":true}]}}