{"id":21099,"date":"2024-01-29T10:58:20","date_gmt":"2024-01-29T13:58:20","guid":{"rendered":"https:\/\/elbibliote.com\/resources\/articulosdestacados\/?p=21099"},"modified":"2024-01-29T10:58:20","modified_gmt":"2024-01-29T13:58:20","slug":"los-lideres-de-la-guerra-civil-chilena-de-1829","status":"publish","type":"post","link":"https:\/\/elbibliote.com\/resources\/articulosdestacados\/?p=21099","title":{"rendered":"Los l\u00edderes de la guerra civil chilena de 1829"},"content":{"rendered":"<p><em><span style=\"color: #808080;\">La guerra civil chilena de 1829, que se extendi\u00f3 hasta 1830, fue una serie de enfrentamientos militares y pol\u00edticos ocurridos en el pa\u00eds entre liberales y conservadores, que finaliz\u00f3 con la victoria y la toma del poder de estos \u00faltimos. Durante el conflicto, dos l\u00edderes se destacaron entre todas las personas involucradas.<\/span><\/em><\/p>\n<p>Luego de que Bernardo O&#8217;Higgins renunciara a su cargo de director supremo de Chile, surgi\u00f3 un ambiente de inestabilidad pol\u00edtica en el pa\u00eds que ya exist\u00eda durante la \u00e9poca de las guerras por la independencia, pero que se acrecent\u00f3 debido a las nuevas circunstancias. As\u00ed, dos bandos bien diferenciados se manifestaron con el deseo de dirigir a la patria bajo su visi\u00f3n: los liberales y los conservadores, conocidos de forma despectiva entre s\u00ed como pipiolos y pelucones, respectivamente.<\/p>\n<p>Las tensiones estallaron en 1829 con la victoria del liberal Francisco Antonio Pinto en las elecciones presidenciales del mismo a\u00f1o, ya que, a pesar de que dos representantes conservadores obtuvieron el segundo y tercer lugar en cantidad de votos, el Congreso design\u00f3 a otro liberal, Jos\u00e9 Joaqu\u00edn Vicu\u00f1a, como vicepresidente. As\u00ed, estall\u00f3 la sublevaci\u00f3n de los conservadores y se inici\u00f3 la guerra civil.<\/p>\n<h2>Jos\u00e9 Joaqu\u00edn Prieto<\/h2>\n<p>Representante de los conservadores que fue el candidato a presidente con la tercera mayor cantidad de votos, y quien organiz\u00f3 al ej\u00e9rcito del sur del pa\u00eds despu\u00e9s de la decisi\u00f3n del Congreso para dirigirlo hacia la capital y tomar por la fuerza el poder para su partido pol\u00edtico. Luego de la victoria definitiva en la batalla de Lircay contra el ej\u00e9rcito de Ram\u00f3n Freire, puso fin a la guerra y se convirti\u00f3 eventualmente en presidente de Chile en 1831.<\/p>\n<h2>Ram\u00f3n Freire<\/h2>\n<p>Militar y pol\u00edtico veterano que tom\u00f3 el liderazgo del ej\u00e9rcito liberal luego de que fracasaran sus negociaciones desde una posici\u00f3n neutral, y que los conservadores amotinados en la capital de Santiago, liderados por Diego Portales, intentaran someterlo a su causa. Sufri\u00f3 una gran derrota a manos de Jos\u00e9 Joaqu\u00edn Prieto en la batalla de Lircay, tras lo cual fue destituido y desterrado a Per\u00fa.<\/p>\n<div class=\"su-box su-box-style-default sabiasque\" id=\"\" style=\"border-color:#a8a8b7;border-radius:0px;\"><div class=\"su-box-title\" style=\"background-color:#DBDBEA;color:#484848;border-top-left-radius:0px;border-top-right-radius:0px\">\u00bfSab\u00edas qu\u00e9?<\/div><div class=\"su-box-content su-u-clearfix su-u-trim\" style=\"border-bottom-left-radius:0px;border-bottom-right-radius:0px\">La victoria de Jos\u00e9 Joaqu\u00edn Prieto dio origen a un periodo conocido como la Rep\u00fablica Conservadora o Rep\u00fablica Autoritaria, en donde los conservadores gobernaron Chile durante unos 30 a\u00f1os bajo las leyes que dictaban sus posturas pol\u00edticas.<\/div><\/div>\n<figure id=\"attachment_21100\" aria-describedby=\"caption-attachment-21100\" style=\"width: 1080px\" class=\"wp-caption aligncenter\"><img loading=\"lazy\" decoding=\"async\" class=\"size-full wp-image-21100\" src=\"https:\/\/elbibliote.com\/resources\/articulosdestacados\/wp-content\/uploads\/2024\/01\/J._J_Prieto_-_Galeria_Nacional.jpg\" alt=\"\" width=\"1080\" height=\"1412\" srcset=\"https:\/\/elbibliote.com\/resources\/articulosdestacados\/wp-content\/uploads\/2024\/01\/J._J_Prieto_-_Galeria_Nacional.jpg 1080w, https:\/\/elbibliote.com\/resources\/articulosdestacados\/wp-content\/uploads\/2024\/01\/J._J_Prieto_-_Galeria_Nacional-229x300.jpg 229w, https:\/\/elbibliote.com\/resources\/articulosdestacados\/wp-content\/uploads\/2024\/01\/J._J_Prieto_-_Galeria_Nacional-768x1004.jpg 768w, https:\/\/elbibliote.com\/resources\/articulosdestacados\/wp-content\/uploads\/2024\/01\/J._J_Prieto_-_Galeria_Nacional-783x1024.jpg 783w\" sizes=\"(max-width: 1080px) 100vw, 1080px\" \/><figcaption id=\"caption-attachment-21100\" class=\"wp-caption-text\">Retrato de Jos\u00e9 Joaqu\u00edn Prieto.<\/figcaption><\/figure>\n<figure id=\"attachment_21101\" aria-describedby=\"caption-attachment-21101\" style=\"width: 1080px\" class=\"wp-caption aligncenter\"><img loading=\"lazy\" decoding=\"async\" class=\"size-full wp-image-21101\" src=\"https:\/\/elbibliote.com\/resources\/articulosdestacados\/wp-content\/uploads\/2024\/01\/Ram\u00f3n_Freire_i_Serrano_cropped.jpg\" alt=\"\" width=\"1080\" height=\"1474\" srcset=\"https:\/\/elbibliote.com\/resources\/articulosdestacados\/wp-content\/uploads\/2024\/01\/Ram\u00f3n_Freire_i_Serrano_cropped.jpg 1080w, https:\/\/elbibliote.com\/resources\/articulosdestacados\/wp-content\/uploads\/2024\/01\/Ram\u00f3n_Freire_i_Serrano_cropped-220x300.jpg 220w, https:\/\/elbibliote.com\/resources\/articulosdestacados\/wp-content\/uploads\/2024\/01\/Ram\u00f3n_Freire_i_Serrano_cropped-768x1048.jpg 768w, https:\/\/elbibliote.com\/resources\/articulosdestacados\/wp-content\/uploads\/2024\/01\/Ram\u00f3n_Freire_i_Serrano_cropped-750x1024.jpg 750w\" sizes=\"(max-width: 1080px) 100vw, 1080px\" \/><figcaption id=\"caption-attachment-21101\" class=\"wp-caption-text\">Retrato de Ram\u00f3n Freire.<\/figcaption><\/figure>\n","protected":false},"excerpt":{"rendered":"<p>La guerra civil chilena de 1829, que se extendi\u00f3 hasta 1830, fue una serie de enfrentamientos militares y pol\u00edticos ocurridos en el pa\u00eds entre liberales y conservadores, que finaliz\u00f3 con la victoria y la toma del poder de estos \u00faltimos. Durante el conflicto, dos l\u00edderes se destacaron entre todas las personas involucradas.<\/p>\n","protected":false},"author":18,"featured_media":0,"comment_status":"closed","ping_status":"closed","sticky":false,"template":"","format":"standard","meta":{"footnotes":""},"categories":[6,9,15],"tags":[12750,3448,2504,3819,3561,7179,3988,2632,9387,3231,9914,4312,3989,12751,12752,12753,8569,4838],"_links":{"self":[{"href":"https:\/\/elbibliote.com\/resources\/articulosdestacados\/index.php?rest_route=\/wp\/v2\/posts\/21099"}],"collection":[{"href":"https:\/\/elbibliote.com\/resources\/articulosdestacados\/index.php?rest_route=\/wp\/v2\/posts"}],"about":[{"href":"https:\/\/elbibliote.com\/resources\/articulosdestacados\/index.php?rest_route=\/wp\/v2\/types\/post"}],"author":[{"embeddable":true,"href":"https:\/\/elbibliote.com\/resources\/articulosdestacados\/index.php?rest_route=\/wp\/v2\/users\/18"}],"replies":[{"embeddable":true,"href":"https:\/\/elbibliote.com\/resources\/articulosdestacados\/index.php?rest_route=%2Fwp%2Fv2%2Fcomments&post=21099"}],"version-history":[{"count":3,"href":"https:\/\/elbibliote.com\/resources\/articulosdestacados\/index.php?rest_route=\/wp\/v2\/posts\/21099\/revisions"}],"predecessor-version":[{"id":21237,"href":"https:\/\/elbibliote.com\/resources\/articulosdestacados\/index.php?rest_route=\/wp\/v2\/posts\/21099\/revisions\/21237"}],"wp:attachment":[{"href":"https:\/\/elbibliote.com\/resources\/articulosdestacados\/index.php?rest_route=%2Fwp%2Fv2%2Fmedia&parent=21099"}],"wp:term":[{"taxonomy":"category","embeddable":true,"href":"https:\/\/elbibliote.com\/resources\/articulosdestacados\/index.php?rest_route=%2Fwp%2Fv2%2Fcategories&post=21099"},{"taxonomy":"post_tag","embeddable":true,"href":"https:\/\/elbibliote.com\/resources\/articulosdestacados\/index.php?rest_route=%2Fwp%2Fv2%2Ftags&post=21099"}],"curies":[{"name":"wp","href":"https:\/\/api.w.org\/{rel}","templated":true}]}}