{"id":21140,"date":"2024-01-30T10:12:24","date_gmt":"2024-01-30T13:12:24","guid":{"rendered":"https:\/\/elbibliote.com\/resources\/articulosdestacados\/?p=21140"},"modified":"2024-01-30T10:12:24","modified_gmt":"2024-01-30T13:12:24","slug":"juan-mackenna-y-su-rivalidad-con-los-hermanos-carrera","status":"publish","type":"post","link":"https:\/\/elbibliote.com\/resources\/articulosdestacados\/?p=21140","title":{"rendered":"Juan Mackenna y su rivalidad con los hermanos Carrera"},"content":{"rendered":"<p><em><span style=\"color: #808080;\">Juan Mackenna O&#8217;Reilly fue un general del ej\u00e9rcito chileno que tuvo una gran participaci\u00f3n pol\u00edtica y militar en la historia del pa\u00eds, antes y durante su proceso de independencia. Sin embargo, en este ambiente de autoridad pol\u00edtica surgieron poderosos opositores, entre ellos se destaca la familia de pr\u00f3ceres Carrera.<\/span><\/em><\/p>\n<h2>Enero de 1814<\/h2>\n<p>Juan Mackenna se defini\u00f3 como un incondicional aliado y la mano derecha de Bernardo O\u2019Higgins, que reci\u00e9n ocupaba su nuevo puesto como general en jefe del Ej\u00e9rcito y cuya rivalidad con los hermanos Carrera era ya conocida y compartida desde a\u00f1os anteriores. Durante este tiempo, Mackenna emiti\u00f3 un informe de unas 53 p\u00e1ginas dedicado \u00fanicamente a arremeter en contra de los hermanos Carrera.<\/p>\n<div class=\"su-box su-box-style-default sabiasque\" id=\"\" style=\"border-color:#a8a8b7;border-radius:0px;\"><div class=\"su-box-title\" style=\"background-color:#DBDBEA;color:#484848;border-top-left-radius:0px;border-top-right-radius:0px\">\u00bfSab\u00edas qu\u00e9?<\/div><div class=\"su-box-content su-u-clearfix su-u-trim\" style=\"border-bottom-left-radius:0px;border-bottom-right-radius:0px\">En el informe emitido por Mackenna en enero de 1814 destacan hist\u00f3ricamente las siguientes l\u00edneas: \u201cTres j\u00f3venes sin los menores conocimientos militares, ni pol\u00edticos, sin valor personal, y sin m\u00e1s cualidades de tiranos que la irreligi\u00f3n y la inmoralidad; se constituyen, mediante el abuso de cu\u00e1nto hay de sagrado entre los hombres, \u00e1rbitros de la suerte de un mill\u00f3n de almas&#8221;.<\/div><\/div>\n<h2>Julio de 1814<\/h2>\n<p>Jos\u00e9 Miguel Carrera tom\u00f3 el poder tras un golpe de Estado, tras lo cual procedi\u00f3 inmediatamente a exiliar a Mackenna a la ciudad de Mendoza, en las Provincias Unidas del R\u00edo de la Plata.<\/p>\n<h2>Octubre de 1814<\/h2>\n<p>La derrota de la batalla de Rancagua, donde Jos\u00e9 Miguel Carrera particip\u00f3 como uno de los l\u00edderes independentistas, forz\u00f3 la huida de los supervivientes chilenos a territorio argentino en busca de refugio. All\u00ed, Juan Mackenna y otros representantes del bando de O\u2019Higgins se encargaron de desprestigiar a los hermanos Carrera y hacerlos responsables por la derrota ante Jos\u00e9 de San Mart\u00edn, por lo que este los hizo apresar y trasladar a Buenos Aires.<\/p>\n<h2>Noviembre de 1814<\/h2>\n<p>Una vez en Buenos Aires, y resentido por todas las ofensas causadas hacia su familia, Luis Carrera exigi\u00f3 a Juan Mackenna una disculpa p\u00fablica o de lo contrario deber\u00edan resolver sus diferencias en un duelo a muerte con pistolas, a lo que Mackenna eligi\u00f3 la segunda alternativa. Una vez en el lugar acordado inici\u00f3 el duelo, donde ambos salieron ilesos en la primera ronda; sin embargo, la segunda tuvo resultados fatales para Mackenna, quien falleci\u00f3 de un disparo en la garganta a manos de su adversario.<\/p>\n<figure id=\"attachment_21141\" aria-describedby=\"caption-attachment-21141\" style=\"width: 1080px\" class=\"wp-caption aligncenter\"><img loading=\"lazy\" decoding=\"async\" class=\"size-full wp-image-21141\" src=\"https:\/\/elbibliote.com\/resources\/articulosdestacados\/wp-content\/uploads\/2024\/01\/Retrato_del_general_Juan_Mackenna_O\u2019Reilly.jpg\" alt=\"\" width=\"1080\" height=\"1436\" srcset=\"https:\/\/elbibliote.com\/resources\/articulosdestacados\/wp-content\/uploads\/2024\/01\/Retrato_del_general_Juan_Mackenna_O\u2019Reilly.jpg 1080w, https:\/\/elbibliote.com\/resources\/articulosdestacados\/wp-content\/uploads\/2024\/01\/Retrato_del_general_Juan_Mackenna_O\u2019Reilly-226x300.jpg 226w, https:\/\/elbibliote.com\/resources\/articulosdestacados\/wp-content\/uploads\/2024\/01\/Retrato_del_general_Juan_Mackenna_O\u2019Reilly-768x1021.jpg 768w, https:\/\/elbibliote.com\/resources\/articulosdestacados\/wp-content\/uploads\/2024\/01\/Retrato_del_general_Juan_Mackenna_O\u2019Reilly-770x1024.jpg 770w\" sizes=\"(max-width: 1080px) 100vw, 1080px\" \/><figcaption id=\"caption-attachment-21141\" class=\"wp-caption-text\">Retrato de Juan Mackenna.<\/figcaption><\/figure>\n<figure id=\"attachment_21142\" aria-describedby=\"caption-attachment-21142\" style=\"width: 1080px\" class=\"wp-caption aligncenter\"><img loading=\"lazy\" decoding=\"async\" class=\"size-full wp-image-21142\" src=\"https:\/\/elbibliote.com\/resources\/articulosdestacados\/wp-content\/uploads\/2024\/01\/Pintura_Jos\u00e9_Miguel_Carrera.jpg\" alt=\"\" width=\"1080\" height=\"1158\" srcset=\"https:\/\/elbibliote.com\/resources\/articulosdestacados\/wp-content\/uploads\/2024\/01\/Pintura_Jos\u00e9_Miguel_Carrera.jpg 1080w, https:\/\/elbibliote.com\/resources\/articulosdestacados\/wp-content\/uploads\/2024\/01\/Pintura_Jos\u00e9_Miguel_Carrera-280x300.jpg 280w, https:\/\/elbibliote.com\/resources\/articulosdestacados\/wp-content\/uploads\/2024\/01\/Pintura_Jos\u00e9_Miguel_Carrera-768x823.jpg 768w, https:\/\/elbibliote.com\/resources\/articulosdestacados\/wp-content\/uploads\/2024\/01\/Pintura_Jos\u00e9_Miguel_Carrera-955x1024.jpg 955w\" sizes=\"(max-width: 1080px) 100vw, 1080px\" \/><figcaption id=\"caption-attachment-21142\" class=\"wp-caption-text\">Retrato de Jos\u00e9 Miguel Carrera.<\/figcaption><\/figure>\n","protected":false},"excerpt":{"rendered":"<p>Juan Mackenna O&#8217;Reilly fue un general del ej\u00e9rcito chileno que tuvo una gran participaci\u00f3n pol\u00edtica y militar en la historia del pa\u00eds, antes y durante su proceso de independencia. Sin embargo, en este ambiente de autoridad pol\u00edtica surgieron poderosos opositores, entre ellos se destaca la familia de pr\u00f3ceres Carrera.<\/p>\n","protected":false},"author":18,"featured_media":0,"comment_status":"closed","ping_status":"closed","sticky":false,"template":"","format":"standard","meta":{"footnotes":""},"categories":[6,9,15],"tags":[2504,7696,3819,3561,12796,8211,3231,4311,4312,9478,9510,12609,12463,12795,4838],"_links":{"self":[{"href":"https:\/\/elbibliote.com\/resources\/articulosdestacados\/index.php?rest_route=\/wp\/v2\/posts\/21140"}],"collection":[{"href":"https:\/\/elbibliote.com\/resources\/articulosdestacados\/index.php?rest_route=\/wp\/v2\/posts"}],"about":[{"href":"https:\/\/elbibliote.com\/resources\/articulosdestacados\/index.php?rest_route=\/wp\/v2\/types\/post"}],"author":[{"embeddable":true,"href":"https:\/\/elbibliote.com\/resources\/articulosdestacados\/index.php?rest_route=\/wp\/v2\/users\/18"}],"replies":[{"embeddable":true,"href":"https:\/\/elbibliote.com\/resources\/articulosdestacados\/index.php?rest_route=%2Fwp%2Fv2%2Fcomments&post=21140"}],"version-history":[{"count":4,"href":"https:\/\/elbibliote.com\/resources\/articulosdestacados\/index.php?rest_route=\/wp\/v2\/posts\/21140\/revisions"}],"predecessor-version":[{"id":21266,"href":"https:\/\/elbibliote.com\/resources\/articulosdestacados\/index.php?rest_route=\/wp\/v2\/posts\/21140\/revisions\/21266"}],"wp:attachment":[{"href":"https:\/\/elbibliote.com\/resources\/articulosdestacados\/index.php?rest_route=%2Fwp%2Fv2%2Fmedia&parent=21140"}],"wp:term":[{"taxonomy":"category","embeddable":true,"href":"https:\/\/elbibliote.com\/resources\/articulosdestacados\/index.php?rest_route=%2Fwp%2Fv2%2Fcategories&post=21140"},{"taxonomy":"post_tag","embeddable":true,"href":"https:\/\/elbibliote.com\/resources\/articulosdestacados\/index.php?rest_route=%2Fwp%2Fv2%2Ftags&post=21140"}],"curies":[{"name":"wp","href":"https:\/\/api.w.org\/{rel}","templated":true}]}}