{"id":21144,"date":"2024-01-30T10:50:39","date_gmt":"2024-01-30T13:50:39","guid":{"rendered":"https:\/\/elbibliote.com\/resources\/articulosdestacados\/?p=21144"},"modified":"2024-01-30T10:50:39","modified_gmt":"2024-01-30T13:50:39","slug":"consecuencias-de-la-batalla-de-san-carlos","status":"publish","type":"post","link":"https:\/\/elbibliote.com\/resources\/articulosdestacados\/?p=21144","title":{"rendered":"Consecuencias de la batalla de San Carlos"},"content":{"rendered":"<p><em><span style=\"color: #808080;\">La batalla de San Carlos fue una de las contiendas militares ocurridas en 1813 que formaron parte del proceso de la independencia de Chile, durante la etapa conocida como Patria Vieja. El resultado ambiguo de la batalla y la derrota que le sigui\u00f3 poco despu\u00e9s tuvo importantes consecuencias para sus participantes y para la historia del pa\u00eds.<\/span><\/em><\/p>\n<h2>La batalla de San Carlos<\/h2>\n<p>Tras la batalla de Yerbas Buenas, el Ej\u00e9rcito realista espa\u00f1ol ocup\u00f3 la villa de San Carlos para reabastecerse y recuperar fuerzas, desde donde enviaron a una buena parte de sus hombres y artiller\u00eda por adelantado hacia Chill\u00e1n. El general Jos\u00e9 Miguel Carrera vio la oportunidad y decidi\u00f3 atacar a las debilitadas tropas realistas que permanecieron en San Carlos.<\/p>\n<p>Carrera envi\u00f3 entonces a la divisi\u00f3n militar que comandaba su hermano Luis a impedir cualquier posible huida de los realistas desde San Carlos, mientras tanto, el resto de patriotas los atacar\u00eda. Sin embargo, el desempe\u00f1o de estos fue deficiente, con una ejecuci\u00f3n de \u00f3rdenes confusa y desorganizada, gracias a lo cual el ej\u00e9rcito realista pudo escapar a Chill\u00e1n. Es por ello que, a pesar de que pudo haber sido una victoria decisiva para los patriotas por la ventajosa situaci\u00f3n con la que contaban, la batalla tuvo un resultado ambiguo.<\/p>\n<h2>El sitio de Chill\u00e1n<\/h2>\n<p>Una vez en Chill\u00e1n, los realistas, comandados por el general Juan Francisco S\u00e1nchez, tuvieron la oportunidad de reagruparse, desde donde adem\u00e1s solicitaron refuerzos aliados con la intenci\u00f3n de fortalecerse. La Junta de Gobierno de Chile exigi\u00f3 a sus tropas, de nuevo al mando de Jos\u00e9 Miguel Carrera, que reclamaran la ciudad y derrotaran a los realistas antes de la llegada de estos refuerzos, por lo que los patriotas comenzaron a rodear y asediar la ciudad el 27 de julio.<\/p>\n<p>No obstante, pese a la inferioridad num\u00e9rica realista, la ciudad se encontraba en una colina que no era dif\u00edcil de defender debido a su posici\u00f3n estrat\u00e9gica, a lo que se sumaba la dificultad que las condiciones invernales de ese momento causaban a los atacantes y sus suministros. La situaci\u00f3n llev\u00f3 a Carrera a ordenar desesperadamente dos ataques directos en agosto, los cuales, adem\u00e1s de fracasar, tomaron la vida de cientos de civiles inocentes en el fuego cruzado.<\/p>\n<p>Todos estos resultados desastrosos forzaron la retirada de los patriotas y marcaron la victoria realista en Chill\u00e1n.<\/p>\n<div class=\"su-box su-box-style-default sabiasque\" id=\"\" style=\"border-color:#a8a8b7;border-radius:0px;\"><div class=\"su-box-title\" style=\"background-color:#DBDBEA;color:#484848;border-top-left-radius:0px;border-top-right-radius:0px\">\u00bfSab\u00edas qu\u00e9?<\/div><div class=\"su-box-content su-u-clearfix su-u-trim\" style=\"border-bottom-left-radius:0px;border-bottom-right-radius:0px\">Los resultados de la batalla de San Carlos y el sitio de Chill\u00e1n desprestigiaron a Jos\u00e9 Miguel Carrera ante la Junta de Gobierno de Chile, por lo que lo destituyeron de su cargo como general en jefe del Ej\u00e9rcito y se lo otorgaron a Bernardo O\u2019Higgins. Carrera recuper\u00f3 brevemente este t\u00edtulo tras el golpe de Estado que dio en 1814.<\/div><\/div>\n<figure id=\"attachment_21148\" aria-describedby=\"caption-attachment-21148\" style=\"width: 1080px\" class=\"wp-caption aligncenter\"><img loading=\"lazy\" decoding=\"async\" class=\"size-full wp-image-21148\" src=\"https:\/\/elbibliote.com\/resources\/articulosdestacados\/wp-content\/uploads\/2024\/01\/Carrera_revisando_sus_tropas.jpg\" alt=\"\" width=\"1080\" height=\"725\" srcset=\"https:\/\/elbibliote.com\/resources\/articulosdestacados\/wp-content\/uploads\/2024\/01\/Carrera_revisando_sus_tropas.jpg 1080w, https:\/\/elbibliote.com\/resources\/articulosdestacados\/wp-content\/uploads\/2024\/01\/Carrera_revisando_sus_tropas-300x201.jpg 300w, https:\/\/elbibliote.com\/resources\/articulosdestacados\/wp-content\/uploads\/2024\/01\/Carrera_revisando_sus_tropas-768x516.jpg 768w, https:\/\/elbibliote.com\/resources\/articulosdestacados\/wp-content\/uploads\/2024\/01\/Carrera_revisando_sus_tropas-1024x687.jpg 1024w\" sizes=\"(max-width: 1080px) 100vw, 1080px\" \/><figcaption id=\"caption-attachment-21148\" class=\"wp-caption-text\">Jos\u00e9 Miguel Carrera en la batalla de San Carlos.<\/figcaption><\/figure>\n","protected":false},"excerpt":{"rendered":"<p>La batalla de San Carlos fue una de las contiendas militares ocurridas en 1813 que formaron parte del proceso de independencia de Chile, durante la etapa conocida como Patria Vieja. El resultado ambiguo de la batalla y la derrota que le sigui\u00f3 poco despu\u00e9s tuvo importantes consecuencias para sus participantes y para la historia del pa\u00eds.<\/p>\n","protected":false},"author":18,"featured_media":0,"comment_status":"closed","ping_status":"closed","sticky":false,"template":"","format":"standard","meta":{"footnotes":""},"categories":[6,9,15],"tags":[4309,2504,12245,7696,3819,12797,3561,9445,3231,4311,4312,12463,4313,8562,4838],"_links":{"self":[{"href":"https:\/\/elbibliote.com\/resources\/articulosdestacados\/index.php?rest_route=\/wp\/v2\/posts\/21144"}],"collection":[{"href":"https:\/\/elbibliote.com\/resources\/articulosdestacados\/index.php?rest_route=\/wp\/v2\/posts"}],"about":[{"href":"https:\/\/elbibliote.com\/resources\/articulosdestacados\/index.php?rest_route=\/wp\/v2\/types\/post"}],"author":[{"embeddable":true,"href":"https:\/\/elbibliote.com\/resources\/articulosdestacados\/index.php?rest_route=\/wp\/v2\/users\/18"}],"replies":[{"embeddable":true,"href":"https:\/\/elbibliote.com\/resources\/articulosdestacados\/index.php?rest_route=%2Fwp%2Fv2%2Fcomments&post=21144"}],"version-history":[{"count":5,"href":"https:\/\/elbibliote.com\/resources\/articulosdestacados\/index.php?rest_route=\/wp\/v2\/posts\/21144\/revisions"}],"predecessor-version":[{"id":21273,"href":"https:\/\/elbibliote.com\/resources\/articulosdestacados\/index.php?rest_route=\/wp\/v2\/posts\/21144\/revisions\/21273"}],"wp:attachment":[{"href":"https:\/\/elbibliote.com\/resources\/articulosdestacados\/index.php?rest_route=%2Fwp%2Fv2%2Fmedia&parent=21144"}],"wp:term":[{"taxonomy":"category","embeddable":true,"href":"https:\/\/elbibliote.com\/resources\/articulosdestacados\/index.php?rest_route=%2Fwp%2Fv2%2Fcategories&post=21144"},{"taxonomy":"post_tag","embeddable":true,"href":"https:\/\/elbibliote.com\/resources\/articulosdestacados\/index.php?rest_route=%2Fwp%2Fv2%2Ftags&post=21144"}],"curies":[{"name":"wp","href":"https:\/\/api.w.org\/{rel}","templated":true}]}}