{"id":21256,"date":"2024-02-05T16:25:33","date_gmt":"2024-02-05T19:25:33","guid":{"rendered":"https:\/\/elbibliote.com\/resources\/articulosdestacados\/?p=21256"},"modified":"2024-02-05T16:25:33","modified_gmt":"2024-02-05T19:25:33","slug":"el-exilio-de-javiera-carrera","status":"publish","type":"post","link":"https:\/\/elbibliote.com\/resources\/articulosdestacados\/?p=21256","title":{"rendered":"El exilio de Javiera Carrera"},"content":{"rendered":"<p><em><span style=\"color: #808080;\">Javiera Carrera Verdugo fue una chilena considerada como uno de los m\u00e1s importantes y comprometidos personajes de la causa patriota en la historia de la independencia de Chile. Sin embargo, las disputas internas en el pa\u00eds que involucraban a sus hermanos la sometieron a muy precarias situaciones durante a\u00f1os.<\/span><\/em><\/p>\n<p>Tras la terrible derrota de la batalla de Rancagua en 1814, en donde los realistas espa\u00f1oles recuperaron el control del pa\u00eds, los supervivientes patriotas y muchos civiles se vieron obligados a exiliarse a Mendoza, en las Provincias Unidas del R\u00edo de la Plata, en busca de refugio. Javiera Carrera, a pesar de estar casada en ese momento de un arist\u00f3crata espa\u00f1ol, y por lo tanto no correr peligro, decidi\u00f3 unirse al \u00e9xodo con sus compatriotas, incluidos sus hermanos Jos\u00e9 Miguel, Juan Jos\u00e9 y Luis, y abandonar a su esposo e hijos.<\/p>\n<p>No obstante, el recibimiento de los Carrera all\u00ed fue desfavorable. Hab\u00edan sido culpados y desprestigiados por los partidarios de O\u2019Higgins, lo que sembr\u00f3 la desconfianza por esta familia en las autoridades rioplatenses e hicieron que fueran trasladados a Buenos Aires en consecuencia.<\/p>\n<p>All\u00ed, Javiera se encontr\u00f3 con graves problemas econ\u00f3micos y su salud comenz\u00f3 a deteriorarse. Pese a ello, esto no le impidi\u00f3 comenzar una conspiraci\u00f3n junto a sus hermanos Juan Jos\u00e9 y Luis, de la que se cree que era autora intelectual, para destronar a O\u2019Higgins luego de que este recuperara el poder de Chile en la victoria de Chacabuco de 1817, mientras Jos\u00e9 Miguel se encontraba en Estados Unidos en busca de aliados. Estos planes fracasaron r\u00e1pidamente, lo que condujo al fusilamiento de Juan Jos\u00e9 y Luis en 1818, y al destierro de Javiera a la localidad de Luj\u00e1n, para poco despu\u00e9s ser recluida en un convento de Buenos Aires.<\/p>\n<p>Logr\u00f3 escapar en 1819 en un barco portugu\u00e9s que se dirig\u00eda a Montevideo, y all\u00ed se enter\u00f3 del fusilamiento de su \u00faltimo hermano, Jos\u00e9 Miguel, en 1821, ya que hab\u00eda causado muchos problemas en las Provincias Unidas del R\u00edo de la Plata en su campa\u00f1a por retomar el poder de Chile. Javiera se encontraba destrozada y en peor estado de salud que nunca, pero se neg\u00f3 a volver a Chile mientras O\u2019Higgins siguiera en el poder. El caudillo abdic\u00f3 en 1823 y Javiera pudo regresar a su pa\u00eds un a\u00f1o despu\u00e9s, donde vivi\u00f3 en paz hasta su fallecimiento en 1862.<\/p>\n<div class=\"su-box su-box-style-default sabiasque\" id=\"\" style=\"border-color:#a8a8b7;border-radius:0px;\"><div class=\"su-box-title\" style=\"background-color:#DBDBEA;color:#484848;border-top-left-radius:0px;border-top-right-radius:0px\">\u00bfSab\u00edas qu\u00e9?<\/div><div class=\"su-box-content su-u-clearfix su-u-trim\" style=\"border-bottom-left-radius:0px;border-bottom-right-radius:0px\">Se dice que fue Javiera Carrera quien, en 1812, bord\u00f3 la primera bandera de Chile como s\u00edmbolo de la naciente naci\u00f3n independiente. Su dise\u00f1o consist\u00eda en tres franjas horizontales de color azul, blanca y amarilla respectivamente.<\/div><\/div>\n<figure id=\"attachment_21258\" aria-describedby=\"caption-attachment-21258\" style=\"width: 1080px\" class=\"wp-caption aligncenter\"><img loading=\"lazy\" decoding=\"async\" class=\"size-full wp-image-21258\" src=\"https:\/\/elbibliote.com\/resources\/articulosdestacados\/wp-content\/uploads\/2024\/01\/Javiera_Carrera_defensa.cl_.jpg\" alt=\"\" width=\"1080\" height=\"1440\" srcset=\"https:\/\/elbibliote.com\/resources\/articulosdestacados\/wp-content\/uploads\/2024\/01\/Javiera_Carrera_defensa.cl_.jpg 1080w, https:\/\/elbibliote.com\/resources\/articulosdestacados\/wp-content\/uploads\/2024\/01\/Javiera_Carrera_defensa.cl_-225x300.jpg 225w, https:\/\/elbibliote.com\/resources\/articulosdestacados\/wp-content\/uploads\/2024\/01\/Javiera_Carrera_defensa.cl_-768x1024.jpg 768w\" sizes=\"(max-width: 1080px) 100vw, 1080px\" \/><figcaption id=\"caption-attachment-21258\" class=\"wp-caption-text\">Retrato de Javiera Carrera.<\/figcaption><\/figure>\n","protected":false},"excerpt":{"rendered":"<p>Javiera Carrera Verdugo fue una chilena considerada como uno de los m\u00e1s importantes y comprometidos personajes de la causa patriota en la historia de la independencia de Chile. Sin embargo, las disputas internas en el pa\u00eds que involucraban a sus hermanos la sometieron a muy precarias situaciones durante a\u00f1os.<\/p>\n","protected":false},"author":18,"featured_media":0,"comment_status":"closed","ping_status":"closed","sticky":false,"template":"","format":"standard","meta":{"footnotes":""},"categories":[6,9,15],"tags":[2504,7696,3819,3561,12260,8211,3231,4311,12874,4838,12875],"_links":{"self":[{"href":"https:\/\/elbibliote.com\/resources\/articulosdestacados\/index.php?rest_route=\/wp\/v2\/posts\/21256"}],"collection":[{"href":"https:\/\/elbibliote.com\/resources\/articulosdestacados\/index.php?rest_route=\/wp\/v2\/posts"}],"about":[{"href":"https:\/\/elbibliote.com\/resources\/articulosdestacados\/index.php?rest_route=\/wp\/v2\/types\/post"}],"author":[{"embeddable":true,"href":"https:\/\/elbibliote.com\/resources\/articulosdestacados\/index.php?rest_route=\/wp\/v2\/users\/18"}],"replies":[{"embeddable":true,"href":"https:\/\/elbibliote.com\/resources\/articulosdestacados\/index.php?rest_route=%2Fwp%2Fv2%2Fcomments&post=21256"}],"version-history":[{"count":4,"href":"https:\/\/elbibliote.com\/resources\/articulosdestacados\/index.php?rest_route=\/wp\/v2\/posts\/21256\/revisions"}],"predecessor-version":[{"id":21354,"href":"https:\/\/elbibliote.com\/resources\/articulosdestacados\/index.php?rest_route=\/wp\/v2\/posts\/21256\/revisions\/21354"}],"wp:attachment":[{"href":"https:\/\/elbibliote.com\/resources\/articulosdestacados\/index.php?rest_route=%2Fwp%2Fv2%2Fmedia&parent=21256"}],"wp:term":[{"taxonomy":"category","embeddable":true,"href":"https:\/\/elbibliote.com\/resources\/articulosdestacados\/index.php?rest_route=%2Fwp%2Fv2%2Fcategories&post=21256"},{"taxonomy":"post_tag","embeddable":true,"href":"https:\/\/elbibliote.com\/resources\/articulosdestacados\/index.php?rest_route=%2Fwp%2Fv2%2Ftags&post=21256"}],"curies":[{"name":"wp","href":"https:\/\/api.w.org\/{rel}","templated":true}]}}