{"id":21260,"date":"2024-02-15T10:30:28","date_gmt":"2024-02-15T13:30:28","guid":{"rendered":"https:\/\/elbibliote.com\/resources\/articulosdestacados\/?p=21260"},"modified":"2024-02-15T10:30:28","modified_gmt":"2024-02-15T13:30:28","slug":"los-ultimos-anos-de-casimiro-marco-del-pont","status":"publish","type":"post","link":"https:\/\/elbibliote.com\/resources\/articulosdestacados\/?p=21260","title":{"rendered":"Los \u00faltimos a\u00f1os de Casimiro Marc\u00f3 del Pont"},"content":{"rendered":"<p><em><span style=\"color: #808080;\">Francisco Casimiro Marc\u00f3 del Pont fue un militar y pol\u00edtico espa\u00f1ol, reconocido por ser el \u00faltimo gobernador realista de Chile, antes de ser capturado por el Ej\u00e9rcito patriota. A su forzosa dimisi\u00f3n le siguieron varios a\u00f1os de muy precarias circunstancias como prisionero. <\/span><\/em><\/p>\n<p>La decisiva victoria patriota de la batalla de Chacabuco el 12 de febrero de 1817 marc\u00f3 el fin de la gobernaci\u00f3n de Marc\u00f3 del Pont, por lo que este, al enterarse del resultado de la contienda y de que el Ej\u00e9rcito vencedor iba en camino a Santiago a reclamar su trono, intent\u00f3 huir a Valparaiso; sin embargo, fue interceptado y capturado en la localidad del Totoral por una avanzadilla patriota que hab\u00eda sido prevenida de la presencia del ahora exgobernador, ya que el apoyo a los independentistas crec\u00eda por todo Chile tan r\u00e1pido como ahora descend\u00eda la fidelidad al gobierno espa\u00f1ol.<\/p>\n<div class=\"su-box su-box-style-default sabiasque\" id=\"\" style=\"border-color:#a8a8b7;border-radius:0px;\"><div class=\"su-box-title\" style=\"background-color:#DBDBEA;color:#484848;border-top-left-radius:0px;border-top-right-radius:0px\">\u00bfSab\u00edas qu\u00e9?<\/div><div class=\"su-box-content su-u-clearfix su-u-trim\" style=\"border-bottom-left-radius:0px;border-bottom-right-radius:0px\">Tras la captura, Marc\u00f3 del Pont y Jos\u00e9 de San Mart\u00edn tuvieron una entrevista secreta, pues el primero solo acept\u00f3 entregar su espada y\u00a0 rendirse por completo ante un oficial de su categor\u00eda. Aunque no existe evidencia de ello, la tradici\u00f3n dicta que San Mart\u00edn, como respuesta a ciertos comentarios discriminatorios que Marc\u00f3 del Pont hizo en el pasado, se mof\u00f3 de este durante dicho encuentro con las palabras: \u00a1Venga esa mano blanca, mi general!<\/div><\/div>\n<p>Luego de dos meses bajo custodia patriota, Marc\u00f3 del Pont fue enviado por San Mart\u00edn como prisionero a Mendoza. Durante este tiempo, el espa\u00f1ol redact\u00f3 una carta donde solicitaba al director supremo de las Provincias Unidas del R\u00edo de la Plata, Juan Mart\u00edn de Pueyrred\u00f3n, que lo dejara en libertad a cambio de jurar por su honor que jam\u00e1s volver\u00eda a levantar las armas en contra de la causa independentista; pese a ello, la carta nunca lleg\u00f3 a su destino, y Marc\u00f3 del Pont fue trasladado desde Mendoza a San Luis junto a otros prisioneros espa\u00f1oles de la batalla de Chacabuco en mayo del mismo a\u00f1o.<\/p>\n<p>En febrero de 1819 se levant\u00f3 un mot\u00edn de prisioneros espa\u00f1oles en San Luis en el cual Marc\u00f3 del Pont, fiel a su palabra, nunca particip\u00f3, por lo que fue absuelto de ser ejecutado. No obstante, esto no evit\u00f3 que fuera trasladado nuevamente, esta vez a la hacienda de La Estanzuela, donde fue encarcelado y abandonado. Las precarias circunstancias f\u00edsicas y emocionales que sufri\u00f3 en el lugar afectaron gravemente su estado de salud, lo que caus\u00f3 su muerte en 1821.<\/p>\n<figure id=\"attachment_21261\" aria-describedby=\"caption-attachment-21261\" style=\"width: 1080px\" class=\"wp-caption aligncenter\"><img loading=\"lazy\" decoding=\"async\" class=\"size-full wp-image-21261\" src=\"https:\/\/elbibliote.com\/resources\/articulosdestacados\/wp-content\/uploads\/2024\/01\/Marc\u00f3_del_Pont_por_Manuel_Nu\u00f1ez.jpg\" alt=\"\" width=\"1080\" height=\"1673\" srcset=\"https:\/\/elbibliote.com\/resources\/articulosdestacados\/wp-content\/uploads\/2024\/01\/Marc\u00f3_del_Pont_por_Manuel_Nu\u00f1ez.jpg 1080w, https:\/\/elbibliote.com\/resources\/articulosdestacados\/wp-content\/uploads\/2024\/01\/Marc\u00f3_del_Pont_por_Manuel_Nu\u00f1ez-194x300.jpg 194w, https:\/\/elbibliote.com\/resources\/articulosdestacados\/wp-content\/uploads\/2024\/01\/Marc\u00f3_del_Pont_por_Manuel_Nu\u00f1ez-768x1190.jpg 768w, https:\/\/elbibliote.com\/resources\/articulosdestacados\/wp-content\/uploads\/2024\/01\/Marc\u00f3_del_Pont_por_Manuel_Nu\u00f1ez-661x1024.jpg 661w\" sizes=\"(max-width: 1080px) 100vw, 1080px\" \/><figcaption id=\"caption-attachment-21261\" class=\"wp-caption-text\">Retrato de Casimiro Marc\u00f3 del Pont.<\/figcaption><\/figure>\n","protected":false},"excerpt":{"rendered":"<p>Francisco Casimiro Marc\u00f3 del Pont fue un militar y pol\u00edtico espa\u00f1ol, reconocido por ser el \u00faltimo gobernador realista de Chile, antes de ser capturado por el Ej\u00e9rcito patriota. A su forzosa dimisi\u00f3n le siguieron varios a\u00f1os de muy precarias circunstancias como prisionero.<\/p>\n","protected":false},"author":18,"featured_media":0,"comment_status":"closed","ping_status":"closed","sticky":false,"template":"","format":"standard","meta":{"footnotes":""},"categories":[6,9,15],"tags":[4309,2504,12876,4332,3819,3561,9445,10732,4325,8568,12550,3231,4311,12877,12878,12879,4335,4838],"_links":{"self":[{"href":"https:\/\/elbibliote.com\/resources\/articulosdestacados\/index.php?rest_route=\/wp\/v2\/posts\/21260"}],"collection":[{"href":"https:\/\/elbibliote.com\/resources\/articulosdestacados\/index.php?rest_route=\/wp\/v2\/posts"}],"about":[{"href":"https:\/\/elbibliote.com\/resources\/articulosdestacados\/index.php?rest_route=\/wp\/v2\/types\/post"}],"author":[{"embeddable":true,"href":"https:\/\/elbibliote.com\/resources\/articulosdestacados\/index.php?rest_route=\/wp\/v2\/users\/18"}],"replies":[{"embeddable":true,"href":"https:\/\/elbibliote.com\/resources\/articulosdestacados\/index.php?rest_route=%2Fwp%2Fv2%2Fcomments&post=21260"}],"version-history":[{"count":3,"href":"https:\/\/elbibliote.com\/resources\/articulosdestacados\/index.php?rest_route=\/wp\/v2\/posts\/21260\/revisions"}],"predecessor-version":[{"id":21369,"href":"https:\/\/elbibliote.com\/resources\/articulosdestacados\/index.php?rest_route=\/wp\/v2\/posts\/21260\/revisions\/21369"}],"wp:attachment":[{"href":"https:\/\/elbibliote.com\/resources\/articulosdestacados\/index.php?rest_route=%2Fwp%2Fv2%2Fmedia&parent=21260"}],"wp:term":[{"taxonomy":"category","embeddable":true,"href":"https:\/\/elbibliote.com\/resources\/articulosdestacados\/index.php?rest_route=%2Fwp%2Fv2%2Fcategories&post=21260"},{"taxonomy":"post_tag","embeddable":true,"href":"https:\/\/elbibliote.com\/resources\/articulosdestacados\/index.php?rest_route=%2Fwp%2Fv2%2Ftags&post=21260"}],"curies":[{"name":"wp","href":"https:\/\/api.w.org\/{rel}","templated":true}]}}