{"id":21263,"date":"2024-02-15T11:42:51","date_gmt":"2024-02-15T14:42:51","guid":{"rendered":"https:\/\/elbibliote.com\/resources\/articulosdestacados\/?p=21263"},"modified":"2024-02-16T17:19:17","modified_gmt":"2024-02-16T20:19:17","slug":"influencia-de-manuela-espejo","status":"publish","type":"post","link":"https:\/\/elbibliote.com\/resources\/articulosdestacados\/?p=21263","title":{"rendered":"Influencia de Manuela Espejo"},"content":{"rendered":"<p style=\"text-align: justify;\"><span style=\"color: #808080;\"><span style=\"color: #808080;\"><i>Manuela<\/i><\/span><em style=\"color: #808080;\">\u00a0Espejo fue una de las quite\u00f1as m\u00e1s representativas de su \u00e9poca. No solo fue gestora de los ideales independentista y la lucha por la libertad, sino tambi\u00e9n una precursora de la enfermer\u00eda, el periodismo femenino y la defensa de las mujeres en el Ecuador. Esta ilustre revolucionaria marc\u00f3 la historia de su pa\u00eds y su influencia en la sociedad de anta\u00f1o se mantiene hasta la actualidad.<\/em><\/span><\/p>\n<figure id=\"attachment_21268\" aria-describedby=\"caption-attachment-21268\" style=\"width: 1080px\" class=\"wp-caption aligncenter\"><img loading=\"lazy\" decoding=\"async\" class=\"wp-image-21268 size-full\" src=\"https:\/\/elbibliote.com\/resources\/articulosdestacados\/wp-content\/uploads\/2024\/01\/Manuela_Espejo.jpg\" alt=\"\" width=\"1080\" height=\"758\" srcset=\"https:\/\/elbibliote.com\/resources\/articulosdestacados\/wp-content\/uploads\/2024\/01\/Manuela_Espejo.jpg 1080w, https:\/\/elbibliote.com\/resources\/articulosdestacados\/wp-content\/uploads\/2024\/01\/Manuela_Espejo-300x211.jpg 300w, https:\/\/elbibliote.com\/resources\/articulosdestacados\/wp-content\/uploads\/2024\/01\/Manuela_Espejo-768x539.jpg 768w, https:\/\/elbibliote.com\/resources\/articulosdestacados\/wp-content\/uploads\/2024\/01\/Manuela_Espejo-1024x719.jpg 1024w\" sizes=\"(max-width: 1080px) 100vw, 1080px\" \/><figcaption id=\"caption-attachment-21268\" class=\"wp-caption-text\">Retrato de Manuela de la Santa Cruz y Espejo (1753-1829). Atribuci\u00f3n imagen:\u00a0<a href=\"https:\/\/commons.wikimedia.org\/wiki\/User:Sebasdreyes\" target=\"_blank\" rel=\"noopener\">Sebasdreyes<\/a>,\u00a0<a href=\"https:\/\/commons.wikimedia.org\/wiki\/File:Manuela_Espejo.jpg\" target=\"_blank\" rel=\"noopener\">Manuela Espejo<\/a>,\u00a0<a href=\"https:\/\/creativecommons.org\/licenses\/by-sa\/4.0\/legalcode\" target=\"_blank\" rel=\"license noopener\">CC BY-SA 4.0<\/a><\/figcaption><\/figure>\n<h2><strong>LA ENFERMERA<\/strong><\/h2>\n<p style=\"text-align: justify;\">Aunque para el siglo XVIII las oportunidades de estudio para las mujeres eran escasas, Manuela obtuvo una muy buena educaci\u00f3n en su hogar centrada\u00a0en las ciencias naturales y la medicina. Desde muy joven particip\u00f3 en actividades humanitarias y asisti\u00f3 a los enfermos y desvalidos; inicialmente con su padre, el m\u00e9dico y cirujano Luis Espejo; luego acompa\u00f1\u00f3 a su hermano Eugenio, insigne doctor y personaje de renombre en Quito.<\/p>\n<p style=\"text-align: justify;\">En 1785, cuando la fiebre amarilla azot\u00f3 a la poblaci\u00f3n quite\u00f1a, Manuela y su hermano tuvieron una notable labor, pues ofrecieron asistencia m\u00e9dica a todos lo que la necesitaran, especialmente a los m\u00e1s pobres. Adem\u00e1s de su amplio conocimiento sobre el \u00e1rea, su entrega, pasi\u00f3n y bondad, le confirieron el t\u00edtulo de pionera de la enfermer\u00eda en el pa\u00eds.<\/p>\n<h2 style=\"text-align: justify;\"><strong>LA PERIODISTA Y FEMINISTA<\/strong><\/h2>\n<p style=\"text-align: justify;\">Manuela fue la primera mujer de su pa\u00eds que se aventur\u00f3 a expresar sus ideas en la prensa. Escondi\u00f3 su identidad bajo el seud\u00f3nimo Erophilia en el diario <em>Primicias de la cultura de Quito<\/em>.<\/p>\n<p style=\"text-align: justify;\">Aprovech\u00f3 ese espacio para plasmar su opini\u00f3n sobre la discriminaci\u00f3n de las mujeres, las limitaciones a las que estaban sometidas y exigir un trato igualitario; asimismo, en este medio defendi\u00f3 la postura pol\u00edtica de sus hermanos, que eran perseguidos por el gobierno de la Real Audiencia. Manuela nunca se silenci\u00f3 y dio los primeros pasos de los movimientos feministas en el pa\u00eds.<\/p>\n<h2 style=\"text-align: justify;\"><strong>LA INDEPENDENTISTA<\/strong><\/h2>\n<p style=\"text-align: justify;\">Manuela contribuy\u00f3 activamente al c\u00edrculo independentista. Luch\u00f3 con valent\u00eda, seguridad e inteligencia por estos ideales. Siempre respald\u00f3 a sus hermanos, quienes fueron perseguidos pol\u00edticos y posteriormente encarcelados. Lleg\u00f3 a a acusar al\u00a0presidente Luis Mu\u00f1oz de Guzm\u00e1n por provocar la muerte de su hermano y fue a juicio, pero no tuvo \u00e9xito.<\/p>\n<p style=\"text-align: justify;\">Afortunadamente, logr\u00f3 ver el fruto de sus esfuerzos: a su pa\u00eds libre. Su trabajo por la causa patriota fue aclamado en toda la regi\u00f3n y se convirti\u00f3 en una figura de valor para la historia ecuatoriana.<\/p>\n<p style=\"text-align: justify;\"><div class=\"su-box su-box-style-default sabiasque\" id=\"\" style=\"border-color:#a8a8b7;border-radius:0px;\"><div class=\"su-box-title\" style=\"background-color:#DBDBEA;color:#484848;border-top-left-radius:0px;border-top-right-radius:0px\">\u00bfSab\u00edas qu\u00e9?<\/div><div class=\"su-box-content su-u-clearfix su-u-trim\" style=\"border-bottom-left-radius:0px;border-bottom-right-radius:0px\">En su honor, el\u00a0municipio de Quito cre\u00f3 el premio Manuela Espejo, entregado a aquellas mujeres que hayan cumplido un trabajo destacado en el desarrollo local y nacional a trav\u00e9s de actividades culturales, educativas y ambientales, entre otras.<\/div><\/div>\n<div class=\"mceTemp\"><\/div>\n","protected":false},"excerpt":{"rendered":"<p>Manuela\u00a0Espejo fue una de las quite\u00f1as m\u00e1s representativas de su \u00e9poca. No solo fue gestora de los ideales independentista y la lucha por la libertad, sino tambi\u00e9n una precursora de la enfermer\u00eda, el periodismo femenino y la defensa de las mujeres en el Ecuador. Esta ilustre revolucionaria marc\u00f3 la historia de su pa\u00eds y su influencia en la sociedad de anta\u00f1o se mantiene hasta la actualidad.<\/p>\n","protected":false},"author":13,"featured_media":0,"comment_status":"closed","ping_status":"closed","sticky":false,"template":"","format":"standard","meta":{"footnotes":""},"categories":[6,9,15],"tags":[4464,4309,3839,9445,127,12884,12885,12890,4639,12881,12887,12889,4311,9417,7651,9510,12880,2319,12886,12888,12891,3274,12882,12883],"_links":{"self":[{"href":"https:\/\/elbibliote.com\/resources\/articulosdestacados\/index.php?rest_route=\/wp\/v2\/posts\/21263"}],"collection":[{"href":"https:\/\/elbibliote.com\/resources\/articulosdestacados\/index.php?rest_route=\/wp\/v2\/posts"}],"about":[{"href":"https:\/\/elbibliote.com\/resources\/articulosdestacados\/index.php?rest_route=\/wp\/v2\/types\/post"}],"author":[{"embeddable":true,"href":"https:\/\/elbibliote.com\/resources\/articulosdestacados\/index.php?rest_route=\/wp\/v2\/users\/13"}],"replies":[{"embeddable":true,"href":"https:\/\/elbibliote.com\/resources\/articulosdestacados\/index.php?rest_route=%2Fwp%2Fv2%2Fcomments&post=21263"}],"version-history":[{"count":13,"href":"https:\/\/elbibliote.com\/resources\/articulosdestacados\/index.php?rest_route=\/wp\/v2\/posts\/21263\/revisions"}],"predecessor-version":[{"id":21397,"href":"https:\/\/elbibliote.com\/resources\/articulosdestacados\/index.php?rest_route=\/wp\/v2\/posts\/21263\/revisions\/21397"}],"wp:attachment":[{"href":"https:\/\/elbibliote.com\/resources\/articulosdestacados\/index.php?rest_route=%2Fwp%2Fv2%2Fmedia&parent=21263"}],"wp:term":[{"taxonomy":"category","embeddable":true,"href":"https:\/\/elbibliote.com\/resources\/articulosdestacados\/index.php?rest_route=%2Fwp%2Fv2%2Fcategories&post=21263"},{"taxonomy":"post_tag","embeddable":true,"href":"https:\/\/elbibliote.com\/resources\/articulosdestacados\/index.php?rest_route=%2Fwp%2Fv2%2Ftags&post=21263"}],"curies":[{"name":"wp","href":"https:\/\/api.w.org\/{rel}","templated":true}]}}