{"id":21287,"date":"2024-02-15T10:43:47","date_gmt":"2024-02-15T13:43:47","guid":{"rendered":"https:\/\/elbibliote.com\/resources\/articulosdestacados\/?p=21287"},"modified":"2024-02-15T10:43:47","modified_gmt":"2024-02-15T13:43:47","slug":"viaje-a-europa-de-jose-de-antepara","status":"publish","type":"post","link":"https:\/\/elbibliote.com\/resources\/articulosdestacados\/?p=21287","title":{"rendered":"Viaje a Europa de Jos\u00e9 de Antepara"},"content":{"rendered":"<p style=\"text-align: justify;\"><span style=\"color: #808080;\"><em>Antepara fue precursor de la independencia de Guayaquil, Ecuador. Si bien es homenajeado en su pa\u00eds natal por su relevante participaci\u00f3n en la emancipaci\u00f3n hispanoamericana, cumpli\u00f3 un rol fundamental como periodista en Londres, donde edit\u00f3 un peri\u00f3dico en el que publicaba sus entusiastas ideas revolucionarias.<\/em><\/span><\/p>\n<h2 style=\"text-align: justify;\">Amistad con Miranda<\/h2>\n<p style=\"text-align: justify;\">A principios del siglo XIX, los patriotas sudamericanos ubicados en la capital inglesa se concentraron alrededor del pr\u00f3cer venezolano Francisco de Miranda para crear la logia Lautaro: organizaci\u00f3n que trabajaba en secreto con el fin de lograr la independencia americana del poder espa\u00f1ol. A este grupo pertenecieron, entre otros, San Mart\u00edn, Bernardo O&#8217;Higgins y Jos\u00e9 Antepara.<\/p>\n<p style=\"text-align: justify;\">Antepara fue el secretario privado y el confidente de Miranda. Ambos, agitados con la sensaci\u00f3n de libertad que pregonada el movimiento, concibieron la idea de independencia de Guayaquil (lugar de nacimiento de Antepara) y Venezuela (patria de Miranda) desde su estad\u00eda en el continente europeo.<\/p>\n<p style=\"text-align: justify;\"><div class=\"su-box su-box-style-default sabiasque\" id=\"\" style=\"border-color:#a8a8b7;border-radius:0px;\"><div class=\"su-box-title\" style=\"background-color:#DBDBEA;color:#484848;border-top-left-radius:0px;border-top-right-radius:0px\">\u00bfSab\u00edas qu\u00e9?<\/div><div class=\"su-box-content su-u-clearfix su-u-trim\" style=\"border-bottom-left-radius:0px;border-bottom-right-radius:0px\">Antepara particip\u00f3 en los acontecimientos del 9 de octubre de 1820 (D\u00eda de la Independencia de Guayaquil) y en las campa\u00f1as militares posteriores.<\/div><\/div>\n<h2 style=\"text-align: justify;\">Labores period\u00edsticas<\/h2>\n<p style=\"text-align: justify;\">Hacia 1810, en Londres no solo exist\u00eda un gran entusiasmo por las ideas independentistas, sino tambi\u00e9n por el desarrollo del correo, el noticiero manuscrito y la imprenta: un perfecto escenario para la difusi\u00f3n de ideas a trav\u00e9s de peri\u00f3dicos.<\/p>\n<p style=\"text-align: justify;\">Antepara fue un apasionado redactor y plasm\u00f3 sus opiniones a favor de la independencia de los pueblos de Am\u00e9rica en <em>El Colombiano<\/em>: primer peri\u00f3dico libre fundado en Londres que divulgaba ideas de revoluci\u00f3n en el Nuevo Mundo.<\/p>\n<p style=\"text-align: justify;\"><em>El Colombiano<\/em> naci\u00f3 de la colaboraci\u00f3n de varios personajes:<\/p>\n<ul>\n<li style=\"text-align: justify;\">Miranda, fundador y coeditor.<\/li>\n<li style=\"text-align: justify;\">Antepara, redactor principal y coeditor.<\/li>\n<li style=\"text-align: justify;\">Los Fagoaga, financistas para la edici\u00f3n y distribuci\u00f3n.<\/li>\n<li style=\"text-align: justify;\">Cort\u00e9s Campomanes, colaborador en materia militar.<\/li>\n<li style=\"text-align: justify;\">Dr. Constancio, Gould Francis Leckie y Jamen Mill, entendidos en asuntos diplom\u00e1ticos.<\/li>\n<\/ul>\n<div class=\"su-note destacado\"  style=\"border-color:#c1c1d0;\"><div class=\"su-note-inner su-u-clearfix su-u-trim\" style=\"background-color:#DBDBEA;border-color:#ffffff;color:#333333;\"><strong>Caracter\u00edsticas de <em>El Colombiano<\/em><\/strong><\/p>\n<ul>\n<li style=\"text-align: justify;\">Fue un peri\u00f3dico de material pol\u00edtico-literario. Difund\u00eda especialmente ideas independentistas.<\/li>\n<li style=\"text-align: justify;\">Redactado en espa\u00f1ol.<\/li>\n<li style=\"text-align: justify;\">Ten\u00eda un formato regular, 2 pliegos de 8 p\u00e1ginas, a 2 columnas.<\/li>\n<li style=\"text-align: justify;\">Se public\u00f3 en la imprenta del tip\u00f3grafo R. Juign\u00e9, en 17 Margaret Street, Cavendish Square, Londres.<\/li>\n<li style=\"text-align: justify;\">Contaba con un lema en lat\u00edn en la primera p\u00e1gina.<\/li>\n<li style=\"text-align: justify;\">Su primer n\u00famero circul\u00f3 el 15 de marzo de 1810.<\/li>\n<li style=\"text-align: justify;\">Su quinto y \u00faltimo n\u00famero circul\u00f3 el 15 de mayo de 1810.<\/li>\n<li style=\"text-align: justify;\">Se distribuy\u00f3 quincenalmente.<\/li>\n<li style=\"text-align: justify;\">El Gobierno espa\u00f1ol lo llam\u00f3 &#8220;papel incendiario&#8221;.<\/div><\/div><\/li>\n<\/ul>\n<p style=\"text-align: justify;\">Antepara, a pesar de ser redactor de un peri\u00f3dico londinense, no tuvo la oportunidad de dedicarse al periodismo en su ciudad natal, pues, destin\u00f3 sus \u00faltimos d\u00edas a las actividades pol\u00edticas y militares en Guayaquil despu\u00e9s de la memorable Revoluci\u00f3n del 9 de octubre de 1820.<\/p>\n<figure id=\"attachment_21288\" aria-describedby=\"caption-attachment-21288\" style=\"width: 1080px\" class=\"wp-caption aligncenter\"><img loading=\"lazy\" decoding=\"async\" class=\"wp-image-21288 size-full\" src=\"https:\/\/elbibliote.com\/resources\/articulosdestacados\/wp-content\/uploads\/2024\/01\/SageoEG_-_Parque_Centenario_et_Jos\u00e9_de_Antepara.jpg\" alt=\"\" width=\"1080\" height=\"639\" srcset=\"https:\/\/elbibliote.com\/resources\/articulosdestacados\/wp-content\/uploads\/2024\/01\/SageoEG_-_Parque_Centenario_et_Jos\u00e9_de_Antepara.jpg 1080w, https:\/\/elbibliote.com\/resources\/articulosdestacados\/wp-content\/uploads\/2024\/01\/SageoEG_-_Parque_Centenario_et_Jos\u00e9_de_Antepara-300x178.jpg 300w, https:\/\/elbibliote.com\/resources\/articulosdestacados\/wp-content\/uploads\/2024\/01\/SageoEG_-_Parque_Centenario_et_Jos\u00e9_de_Antepara-768x454.jpg 768w, https:\/\/elbibliote.com\/resources\/articulosdestacados\/wp-content\/uploads\/2024\/01\/SageoEG_-_Parque_Centenario_et_Jos\u00e9_de_Antepara-1024x606.jpg 1024w\" sizes=\"(max-width: 1080px) 100vw, 1080px\" \/><figcaption id=\"caption-attachment-21288\" class=\"wp-caption-text\">Jos\u00e9 Mar\u00eda de la Concepci\u00f3n de Antepara y Arenaza\u00a0(1770-1821), precursor del movimiento emancipador, es una de las figuras pol\u00edticas m\u00e1s importantes del Ecuador. Se puede observar una estatua en su honor en la Columna a los pr\u00f3ceres del 9 de octubre de 1820: imponente monumento localizado en el Parque Centenario de Guayaquil, ciudad de\u00a0Guayaquil. Atribuci\u00f3n de imagen: <a href=\"https:\/\/commons.wikimedia.org\/wiki\/User:Sageo\" target=\"_blank\" rel=\"noopener\">Sageo<\/a>,\u00a0<a href=\"https:\/\/commons.wikimedia.org\/wiki\/File:SageoEG_-_Parque_Centenario_et_Jos%C3%A9_de_Antepara.jpg\" target=\"_blank\" rel=\"noopener\">SageoEG &#8211; Parque Centenario et Jos\u00e9 de Antepara<\/a>,\u00a0<a href=\"https:\/\/creativecommons.org\/licenses\/by-sa\/4.0\/legalcode\" target=\"_blank\" rel=\"license noopener\">CC BY-SA 4.0<\/a><\/figcaption><\/figure>\n","protected":false},"excerpt":{"rendered":"<p>Antepara fue precursor de la independencia de Guayaquil, Ecuador. Si bien es homenajeado en su pa\u00eds natal por su relevante participaci\u00f3n en la emancipaci\u00f3n hispanoamericana, cumpli\u00f3 un rol fundamental como periodista en Londres, donde edit\u00f3 un peri\u00f3dico en el que publicaba sus entusiastas ideas revolucionarias.<\/p>\n","protected":false},"author":13,"featured_media":0,"comment_status":"closed","ping_status":"closed","sticky":false,"template":"","format":"standard","meta":{"footnotes":""},"categories":[9,15],"tags":[12918,12908,7685,12661,6726,127,12911,12912,12917,12914,1355,8568,3282,4311,3588,4312,4337,4338,4336,3019,12909,10969,6722,1146,12886,10755,12916,12915,12913,12910,3832,3442,2374],"_links":{"self":[{"href":"https:\/\/elbibliote.com\/resources\/articulosdestacados\/index.php?rest_route=\/wp\/v2\/posts\/21287"}],"collection":[{"href":"https:\/\/elbibliote.com\/resources\/articulosdestacados\/index.php?rest_route=\/wp\/v2\/posts"}],"about":[{"href":"https:\/\/elbibliote.com\/resources\/articulosdestacados\/index.php?rest_route=\/wp\/v2\/types\/post"}],"author":[{"embeddable":true,"href":"https:\/\/elbibliote.com\/resources\/articulosdestacados\/index.php?rest_route=\/wp\/v2\/users\/13"}],"replies":[{"embeddable":true,"href":"https:\/\/elbibliote.com\/resources\/articulosdestacados\/index.php?rest_route=%2Fwp%2Fv2%2Fcomments&post=21287"}],"version-history":[{"count":20,"href":"https:\/\/elbibliote.com\/resources\/articulosdestacados\/index.php?rest_route=\/wp\/v2\/posts\/21287\/revisions"}],"predecessor-version":[{"id":21375,"href":"https:\/\/elbibliote.com\/resources\/articulosdestacados\/index.php?rest_route=\/wp\/v2\/posts\/21287\/revisions\/21375"}],"wp:attachment":[{"href":"https:\/\/elbibliote.com\/resources\/articulosdestacados\/index.php?rest_route=%2Fwp%2Fv2%2Fmedia&parent=21287"}],"wp:term":[{"taxonomy":"category","embeddable":true,"href":"https:\/\/elbibliote.com\/resources\/articulosdestacados\/index.php?rest_route=%2Fwp%2Fv2%2Fcategories&post=21287"},{"taxonomy":"post_tag","embeddable":true,"href":"https:\/\/elbibliote.com\/resources\/articulosdestacados\/index.php?rest_route=%2Fwp%2Fv2%2Ftags&post=21287"}],"curies":[{"name":"wp","href":"https:\/\/api.w.org\/{rel}","templated":true}]}}