{"id":21326,"date":"2024-02-15T12:16:48","date_gmt":"2024-02-15T15:16:48","guid":{"rendered":"https:\/\/elbibliote.com\/resources\/articulosdestacados\/?p=21326"},"modified":"2024-02-15T12:16:48","modified_gmt":"2024-02-15T15:16:48","slug":"general-vicente-aguirre","status":"publish","type":"post","link":"https:\/\/elbibliote.com\/resources\/articulosdestacados\/?p=21326","title":{"rendered":"General Vicente Aguirre"},"content":{"rendered":"<p style=\"text-align: justify;\"><span style=\"color: #808080;\"><em>Fue un militar que particip\u00f3 activamente en la Revoluci\u00f3n de Quito de 1809, apoyando a los patriotas. Su historia es un s\u00edmbolo de valent\u00eda y dedicaci\u00f3n a la causa independentista, dej\u00f3 un legado que continua siendo una fuente de inspiraci\u00f3n para muchos ecuatorianos y latinoamericanos en general.<\/em> <\/span><\/p>\n<figure id=\"attachment_21328\" aria-describedby=\"caption-attachment-21328\" style=\"width: 1080px\" class=\"wp-caption aligncenter\"><img loading=\"lazy\" decoding=\"async\" class=\"wp-image-21328 size-full\" src=\"https:\/\/elbibliote.com\/resources\/articulosdestacados\/wp-content\/uploads\/2024\/02\/Gral._Vicente_Aguirre.jpg\" alt=\"\" width=\"1080\" height=\"2824\" srcset=\"https:\/\/elbibliote.com\/resources\/articulosdestacados\/wp-content\/uploads\/2024\/02\/Gral._Vicente_Aguirre.jpg 1080w, https:\/\/elbibliote.com\/resources\/articulosdestacados\/wp-content\/uploads\/2024\/02\/Gral._Vicente_Aguirre-115x300.jpg 115w, https:\/\/elbibliote.com\/resources\/articulosdestacados\/wp-content\/uploads\/2024\/02\/Gral._Vicente_Aguirre-768x2008.jpg 768w, https:\/\/elbibliote.com\/resources\/articulosdestacados\/wp-content\/uploads\/2024\/02\/Gral._Vicente_Aguirre-392x1024.jpg 392w\" sizes=\"(max-width: 1080px) 100vw, 1080px\" \/><figcaption id=\"caption-attachment-21328\" class=\"wp-caption-text\">General Vicente Aguirre.<\/figcaption><\/figure>\n<h2 style=\"text-align: justify;\">TRAYECTORIA POL\u00cdTICA Y MILITAR<\/h2>\n<p style=\"text-align: justify;\">\u2022 Combati\u00f3 en las filas independentistas de Sim\u00f3n Bol\u00edvar y gan\u00f3 el favor de Antonio Jos\u00e9 de Sucre durante la liberaci\u00f3n de Quito en 1821, Aguirre reuni\u00f3 caballos y abastecimientos para ayudar en la campa\u00f1a que culmin\u00f3 con la victoria colombiana.<br \/>\n\u2022 Durante la Gran Colombia ocup\u00f3 cargos importantes como comandante general provisional de los ej\u00e9rcitos del distrito del Sur e intendente del departamento de Ecuador. Por su destacada participaci\u00f3n en la batalla de Pichincha, en 1822, fue ascendido a coronel y luego a general por Bol\u00edvar.<br \/>\n\u2022 En 1826, se postul\u00f3 para la vicepresidencia de la Gran Colombia por el mismo distrito.<br \/>\n\u2022 Particip\u00f3 como general del ej\u00e9rcito dirigido por Isidoro Barriga en la revoluci\u00f3n de los Chihuahuas, en 1835.<br \/>\n\u2022 Despu\u00e9s de la separaci\u00f3n de Ecuador de la Gran Colombia, entre 1850 y 1851, desempe\u00f1\u00f3 roles pol\u00edticos y militares como diputado, senador del Congreso y ministro de guerra y marina durante la presidencia de Diego Noboa.<\/p>\n<p style=\"text-align: justify;\"><div class=\"su-box su-box-style-default sabiasque\" id=\"\" style=\"border-color:#a8a8b7;border-radius:0px;\"><div class=\"su-box-title\" style=\"background-color:#DBDBEA;color:#484848;border-top-left-radius:0px;border-top-right-radius:0px\">\u00bfSab\u00edas qu\u00e9?<\/div><div class=\"su-box-content su-u-clearfix su-u-trim\" style=\"border-bottom-left-radius:0px;border-bottom-right-radius:0px\">El general Vicente Aguirre se cas\u00f3 con Rosa de Mont\u00fafar y Larrea-Zurbano, hija del marqu\u00e9s de Selva Alegre, en enero de 1815 en la ciudad de Quito. Esto le permiti\u00f3 ingresar a la alta sociedad y la pol\u00edtica de la ciudad, as\u00ed como acceder a parte de la enorme fortuna familiar. De este matrimonio nacieron dos hijos: Carlos Aguirre Mont\u00fafar y Juan Aguirre Mont\u00fafar.<\/div><\/div>\n","protected":false},"excerpt":{"rendered":"<p>Fue un militar que particip\u00f3 activamente en la Revoluci\u00f3n de Quito de 1809, apoyando a los patriotas. Su historia es un s\u00edmbolo de valent\u00eda y dedicaci\u00f3n a la causa independentista, dej\u00f3 un legado que continua siendo una fuente de inspiraci\u00f3n para muchos ecuatorianos y latinoamericanos en general.<\/p>\n","protected":false},"author":36,"featured_media":0,"comment_status":"closed","ping_status":"closed","sticky":false,"template":"","format":"standard","meta":{"footnotes":""},"categories":[6,9,15],"tags":[4720,12532,12919,3441,4318,10755,12920,12790,8515],"_links":{"self":[{"href":"https:\/\/elbibliote.com\/resources\/articulosdestacados\/index.php?rest_route=\/wp\/v2\/posts\/21326"}],"collection":[{"href":"https:\/\/elbibliote.com\/resources\/articulosdestacados\/index.php?rest_route=\/wp\/v2\/posts"}],"about":[{"href":"https:\/\/elbibliote.com\/resources\/articulosdestacados\/index.php?rest_route=\/wp\/v2\/types\/post"}],"author":[{"embeddable":true,"href":"https:\/\/elbibliote.com\/resources\/articulosdestacados\/index.php?rest_route=\/wp\/v2\/users\/36"}],"replies":[{"embeddable":true,"href":"https:\/\/elbibliote.com\/resources\/articulosdestacados\/index.php?rest_route=%2Fwp%2Fv2%2Fcomments&post=21326"}],"version-history":[{"count":5,"href":"https:\/\/elbibliote.com\/resources\/articulosdestacados\/index.php?rest_route=\/wp\/v2\/posts\/21326\/revisions"}],"predecessor-version":[{"id":21379,"href":"https:\/\/elbibliote.com\/resources\/articulosdestacados\/index.php?rest_route=\/wp\/v2\/posts\/21326\/revisions\/21379"}],"wp:attachment":[{"href":"https:\/\/elbibliote.com\/resources\/articulosdestacados\/index.php?rest_route=%2Fwp%2Fv2%2Fmedia&parent=21326"}],"wp:term":[{"taxonomy":"category","embeddable":true,"href":"https:\/\/elbibliote.com\/resources\/articulosdestacados\/index.php?rest_route=%2Fwp%2Fv2%2Fcategories&post=21326"},{"taxonomy":"post_tag","embeddable":true,"href":"https:\/\/elbibliote.com\/resources\/articulosdestacados\/index.php?rest_route=%2Fwp%2Fv2%2Ftags&post=21326"}],"curies":[{"name":"wp","href":"https:\/\/api.w.org\/{rel}","templated":true}]}}