{"id":21398,"date":"2024-02-21T17:28:40","date_gmt":"2024-02-21T20:28:40","guid":{"rendered":"https:\/\/elbibliote.com\/resources\/articulosdestacados\/?p=21398"},"modified":"2024-02-21T17:28:40","modified_gmt":"2024-02-21T20:28:40","slug":"julieta-lanteri","status":"publish","type":"post","link":"https:\/\/elbibliote.com\/resources\/articulosdestacados\/?p=21398","title":{"rendered":"Julieta Lanteri"},"content":{"rendered":"<p style=\"text-align: justify;\"><span style=\"color: #808080;\"><em>Giulia Maddalena Angela Lanteri es una figura destacada en la historia de la lucha por los derechos de las mujeres, dej\u00f3 una huella imborrable en el tejido social de Argentina y Am\u00e9rica Latina. Como m\u00e9dica y pol\u00edtica, Lanteri desafi\u00f3 las restricciones impuestas a las mujeres de su \u00e9poca y abri\u00f3 camino para la igualdad y la justicia.<\/em><\/span><\/p>\n<figure id=\"attachment_21399\" aria-describedby=\"caption-attachment-21399\" style=\"width: 1080px\" class=\"wp-caption aligncenter\"><img loading=\"lazy\" decoding=\"async\" class=\"wp-image-21399 size-full\" src=\"https:\/\/elbibliote.com\/resources\/articulosdestacados\/wp-content\/uploads\/2024\/02\/Julieta_Lanteri_votando.jpg\" alt=\"\" width=\"1080\" height=\"788\" srcset=\"https:\/\/elbibliote.com\/resources\/articulosdestacados\/wp-content\/uploads\/2024\/02\/Julieta_Lanteri_votando.jpg 1080w, https:\/\/elbibliote.com\/resources\/articulosdestacados\/wp-content\/uploads\/2024\/02\/Julieta_Lanteri_votando-300x219.jpg 300w, https:\/\/elbibliote.com\/resources\/articulosdestacados\/wp-content\/uploads\/2024\/02\/Julieta_Lanteri_votando-768x560.jpg 768w, https:\/\/elbibliote.com\/resources\/articulosdestacados\/wp-content\/uploads\/2024\/02\/Julieta_Lanteri_votando-1024x747.jpg 1024w\" sizes=\"(max-width: 1080px) 100vw, 1080px\" \/><figcaption id=\"caption-attachment-21399\" class=\"wp-caption-text\">Julieta Lantieri ejerciendo su derecho al voto, en 1911.<\/figcaption><\/figure>\n<h2 style=\"text-align: justify;\">1891<\/h2>\n<p style=\"text-align: justify;\">Ingres\u00f3 a la Facultad de Medicina de la Universidad de Buenos Aires, siendo una de las primeras mujeres en hacerlo.<\/p>\n<h2 style=\"text-align: justify;\">1898<\/h2>\n<p style=\"text-align: justify;\">Se gradu\u00f3 de farmac\u00e9utica y luego de m\u00e9dica, fue la quinta mujer en recibirse en Argentina y la primera en Italia.<\/p>\n<h2 style=\"text-align: justify;\">1906<\/h2>\n<p style=\"text-align: justify;\">Particip\u00f3 en el Congreso Internacional de Libre Pensamiento, donde expuso sobre la igualdad de g\u00e9nero, la igualdad de pol\u00edtica y el divorcio.<\/p>\n<h2 style=\"text-align: justify;\">1910<\/h2>\n<p style=\"text-align: justify;\">Organiz\u00f3 el Primer Congreso Femenino Internacional, donde se presentaron trabajos de mujeres de todo el mundo sobre temas de g\u00e9nero.<\/p>\n<h2 style=\"text-align: justify;\">1911<\/h2>\n<p style=\"text-align: justify;\">Fue la primera mujer en votar en Argentina y en Am\u00e9rica Latina, ya que aprovech\u00f3 una ambig\u00fcedad en el padr\u00f3n electoral que no especificaba el sexo de los votantes.<\/p>\n<h2 style=\"text-align: justify;\">1918<\/h2>\n<p style=\"text-align: justify;\">Fund\u00f3 el Partido Feminista Nacional, el primer partido pol\u00edtico femenino de Argentina, y se present\u00f3 como candidata a diputada nacional, aunque no fue elegida.<\/p>\n<h2 style=\"text-align: justify;\">1920<\/h2>\n<p style=\"text-align: justify;\">Cre\u00f3 la Liga Pro Derechos de la Mujer, una organizaci\u00f3n que reclamaba por el sufragio femenino, el divorcio vincular, la igualdad civil y la educaci\u00f3n sexual.<\/p>\n<h2 style=\"text-align: justify;\">1922<\/h2>\n<p style=\"text-align: justify;\">Particip\u00f3 nuevamente como candidata a diputada nacional, pero fue impugnada por el gobierno.<\/p>\n<h2 style=\"text-align: justify;\">1930<\/h2>\n<p style=\"text-align: justify;\">Form\u00f3 parte en la fundaci\u00f3n de la Uni\u00f3n Feminista Nacional, que agrupaba a varias organizaciones feministas.<\/p>\n<h2 style=\"text-align: justify;\">HONORES<\/h2>\n<p style=\"text-align: justify;\">\u2022 Una calle en el barrio de Puerto Madero, en la ciudad de Buenos Aires, lleva su nombre.<br \/>\n\u2022 Una estaci\u00f3n de la l\u00ednea H del subterr\u00e1neo, en la Facultad de Derecho, tambi\u00e9n lleva su nombre, fue la primera mujer en darle su nombre a una estaci\u00f3n de subterr\u00e1neo de Buenos Aires.<br \/>\n\u2022 Varias escuelas en las ciudades de San Juan, Berazategui y Rosario llevan su nombre.<br \/>\n\u2022 Fue declarada ciudadana ilustre de la ciudad de Buenos Aires en 2009.<\/p>\n<p style=\"text-align: justify;\"><div class=\"su-box su-box-style-default sabiasque\" id=\"\" style=\"border-color:#a8a8b7;border-radius:0px;\"><div class=\"su-box-title\" style=\"background-color:#DBDBEA;color:#484848;border-top-left-radius:0px;border-top-right-radius:0px\">\u00bfSab\u00edas qu\u00e9?<\/div><div class=\"su-box-content su-u-clearfix su-u-trim\" style=\"border-bottom-left-radius:0px;border-bottom-right-radius:0px\">Google le dedico un <em>doodle<\/em> a Julieta Lanteri el 22 de marzo de 2023, en el 150 aniversario de su nacimiento.<\/div><\/div>\n","protected":false},"excerpt":{"rendered":"<p>Giulia Maddalena Angela Lanteri es una figura destacada en la historia de la lucha por los derechos de las mujeres, dej\u00f3 una huella imborrable en el tejido social de Argentina y Am\u00e9rica Latina. Como m\u00e9dica y pol\u00edtica, Lanteri desafi\u00f3 las restricciones impuestas a las mujeres de su \u00e9poca y abri\u00f3 camino para la igualdad y la justicia.<\/p>\n","protected":false},"author":36,"featured_media":0,"comment_status":"closed","ping_status":"closed","sticky":false,"template":"","format":"standard","meta":{"footnotes":""},"categories":[6,9,15],"tags":[12960,12959,12887,12958,12957,12962,12963,12961],"_links":{"self":[{"href":"https:\/\/elbibliote.com\/resources\/articulosdestacados\/index.php?rest_route=\/wp\/v2\/posts\/21398"}],"collection":[{"href":"https:\/\/elbibliote.com\/resources\/articulosdestacados\/index.php?rest_route=\/wp\/v2\/posts"}],"about":[{"href":"https:\/\/elbibliote.com\/resources\/articulosdestacados\/index.php?rest_route=\/wp\/v2\/types\/post"}],"author":[{"embeddable":true,"href":"https:\/\/elbibliote.com\/resources\/articulosdestacados\/index.php?rest_route=\/wp\/v2\/users\/36"}],"replies":[{"embeddable":true,"href":"https:\/\/elbibliote.com\/resources\/articulosdestacados\/index.php?rest_route=%2Fwp%2Fv2%2Fcomments&post=21398"}],"version-history":[{"count":6,"href":"https:\/\/elbibliote.com\/resources\/articulosdestacados\/index.php?rest_route=\/wp\/v2\/posts\/21398\/revisions"}],"predecessor-version":[{"id":21473,"href":"https:\/\/elbibliote.com\/resources\/articulosdestacados\/index.php?rest_route=\/wp\/v2\/posts\/21398\/revisions\/21473"}],"wp:attachment":[{"href":"https:\/\/elbibliote.com\/resources\/articulosdestacados\/index.php?rest_route=%2Fwp%2Fv2%2Fmedia&parent=21398"}],"wp:term":[{"taxonomy":"category","embeddable":true,"href":"https:\/\/elbibliote.com\/resources\/articulosdestacados\/index.php?rest_route=%2Fwp%2Fv2%2Fcategories&post=21398"},{"taxonomy":"post_tag","embeddable":true,"href":"https:\/\/elbibliote.com\/resources\/articulosdestacados\/index.php?rest_route=%2Fwp%2Fv2%2Ftags&post=21398"}],"curies":[{"name":"wp","href":"https:\/\/api.w.org\/{rel}","templated":true}]}}