{"id":21404,"date":"2024-02-22T15:17:01","date_gmt":"2024-02-22T18:17:01","guid":{"rendered":"https:\/\/elbibliote.com\/resources\/articulosdestacados\/?p=21404"},"modified":"2024-02-22T15:17:01","modified_gmt":"2024-02-22T18:17:01","slug":"division-protectora-de-quito","status":"publish","type":"post","link":"https:\/\/elbibliote.com\/resources\/articulosdestacados\/?p=21404","title":{"rendered":"Divisi\u00f3n Protectora de Quito"},"content":{"rendered":"<p style=\"text-align: justify;\"><span style=\"color: #808080;\"><em>Tambi\u00e9n llamada Junta Protectora de Quito\u00a0o Ej\u00e9rcito de Guayaquil, fue una tropa militar creada despu\u00e9s de la independencia de Guayaquil para lograr la liberaci\u00f3n de otros pueblos de la Real Audiencia de Quito. Estuvo comandada por el coronel Luis Urdaneta, con Le\u00f3n de Febres Cordero como jefe de Estado Mayor<\/em><\/span><\/p>\n<h2 style=\"text-align: justify;\">FORMACI\u00d3N<\/h2>\n<p style=\"text-align: justify;\">La\u00a0independencia de\u00a0Guayaquil se logr\u00f3 el 9 de octubre del 1820, con este suceso se rompieron los lazos entre la\u00a0Provincia de Guayaquil\u00a0y el\u00a0Imperio espa\u00f1ol. Despu\u00e9s de redactar el acta de independencia, la reci\u00e9n organizada Junta de Gobierno provisional pretend\u00eda expandir las intenciones emancipadoras hacia otros poblados cercanos, como Quito y Cuenca. De este modo, en noviembre de 1820, se cre\u00f3 la Divisi\u00f3n Protectora de Quito.<\/p>\n<p style=\"text-align: justify;\">La Divisi\u00f3n Protectora de Quito estaba conformada por los batallones Libertadores, Vengadores, Voluntarios de la Patria y Daule, entre otros, bajo el mando directo del coronel Luis Urdaneta y con el coronel Le\u00f3n de Febres Cordero como jefe de Estado Mayor.<\/p>\n<table>\n<tbody>\n<tr>\n<td>\n<figure style=\"width: 1080px\" class=\"wp-caption aligncenter\"><img loading=\"lazy\" decoding=\"async\" src=\"https:\/\/elbibliote.com\/resources\/articulosdestacados\/wp-content\/uploads\/2024\/02\/Cap-Luis-Urdaneta.jpg\" alt=\"\" width=\"1080\" height=\"1568\" \/><figcaption class=\"wp-caption-text\">Luis Urdaneta Far\u00edas\u00a0 (24 de octubre de 1768-27 de agosto de 1831)<\/figcaption><\/figure><\/td>\n<td>\n<figure style=\"width: 1080px\" class=\"wp-caption alignnone\"><img loading=\"lazy\" decoding=\"async\" src=\"https:\/\/elbibliote.com\/resources\/articulosdestacados\/wp-content\/uploads\/2024\/02\/Le\u00f3n_de_Febres_Cordero.jpg\" alt=\"\" width=\"1080\" height=\"1567\" \/><figcaption class=\"wp-caption-text\">Le\u00f3n de Febres Cordero y Oberto (28 de junio de 1797-7 de julio de 1872)<\/figcaption><\/figure><\/td>\n<\/tr>\n<\/tbody>\n<\/table>\n<h2>TRAYECTORIA<\/h2>\n<h3>Batalla de Camino Real<\/h3>\n<table>\n<tbody>\n<tr>\n<td><strong>Fecha<\/strong>: 9 de noviembre de 1820<\/p>\n<p><strong>Lugar<\/strong>: sector de Camino Real, cerca de\u00a0Bilov\u00e1n,\u00a0Ecuador<\/p>\n<p><strong>Resultado<\/strong>: victoria\u00a0guayaquile\u00f1a<\/td>\n<\/tr>\n<\/tbody>\n<\/table>\n<h3>Primera batalla de Huachi<\/h3>\n<table>\n<tbody>\n<tr>\n<td><strong>Fecha<\/strong>: 28 de noviembre de 1820<\/p>\n<p><strong>Lugar<\/strong>: sector de Huachi Grande, a las afueras de\u00a0Ambato,\u00a0Ecuador<\/p>\n<p><strong>Resultado<\/strong>: victoria realista<\/td>\n<\/tr>\n<\/tbody>\n<\/table>\n<h3>Batalla de Yaguachi<\/h3>\n<table>\n<tbody>\n<tr>\n<td><strong>Fecha<\/strong>: 19 de agosto de 1821<\/p>\n<p><strong>Lugar<\/strong>: Cant\u00f3n de Yaguachi,\u00a0Provincia del Guayas,\u00a0Ecuador<\/p>\n<p><strong>Resultado<\/strong>: victoria independentista<\/td>\n<\/tr>\n<\/tbody>\n<\/table>\n<h3>Segunda batalla de Huachi<\/h3>\n<table>\n<tbody>\n<tr>\n<td><strong>Fecha<\/strong>: 12 de septiembre de 1821<\/p>\n<p><strong>Lugar<\/strong>: Huachi Grande, cerca de\u00a0Ambato,\u00a0Ecuador<\/p>\n<p><strong>Resultado<\/strong>: victoria realista<\/td>\n<\/tr>\n<\/tbody>\n<\/table>\n<h3>Batalla de Tanizagua<\/h3>\n<table>\n<tbody>\n<tr>\n<td><strong>Fecha<\/strong>: 3 de enero de 1821<\/p>\n<p><strong>Lugar<\/strong>: Guaranda,\u00a0provincia de Bol\u00edvar, Ecuador<\/p>\n<p><strong>Resultado<\/strong>: victoria realista<\/td>\n<\/tr>\n<\/tbody>\n<\/table>\n<h3>Batalla de Pichincha<\/h3>\n<table>\n<tbody>\n<tr>\n<td><strong>Fecha<\/strong>: 24 de mayo de 1822<\/p>\n<p><strong>Lugar<\/strong>: faldas del volc\u00e1n Pichincha,\u00a0Quito,\u00a0Ecuador<\/p>\n<p><strong>Resultado<\/strong>: victoria independentista, toma de Quito<\/td>\n<\/tr>\n<\/tbody>\n<\/table>\n<p style=\"text-align: justify;\"><div class=\"su-box su-box-style-default sabiasque\" id=\"\" style=\"border-color:#a8a8b7;border-radius:0px;\"><div class=\"su-box-title\" style=\"background-color:#DBDBEA;color:#484848;border-top-left-radius:0px;border-top-right-radius:0px\">\u00bfSab\u00edas qu\u00e9?<\/div><div class=\"su-box-content su-u-clearfix su-u-trim\" style=\"border-bottom-left-radius:0px;border-bottom-right-radius:0px\">El 6 de abril de 1821, Antonio Jos\u00e9 de Sucre lleg\u00f3 a Guayaquil y lider\u00f3 la Divisi\u00f3n Protectora de Quito para partir a Yaguachi.<\/div><\/div>\n<figure id=\"attachment_21413\" aria-describedby=\"caption-attachment-21413\" style=\"width: 1080px\" class=\"wp-caption aligncenter\"><img loading=\"lazy\" decoding=\"async\" class=\"wp-image-21413 size-full\" src=\"https:\/\/elbibliote.com\/resources\/articulosdestacados\/wp-content\/uploads\/2024\/02\/Camino_Real_guayaquil.jpg\" alt=\"\" width=\"1080\" height=\"1004\" srcset=\"https:\/\/elbibliote.com\/resources\/articulosdestacados\/wp-content\/uploads\/2024\/02\/Camino_Real_guayaquil.jpg 1080w, https:\/\/elbibliote.com\/resources\/articulosdestacados\/wp-content\/uploads\/2024\/02\/Camino_Real_guayaquil-300x279.jpg 300w, https:\/\/elbibliote.com\/resources\/articulosdestacados\/wp-content\/uploads\/2024\/02\/Camino_Real_guayaquil-768x714.jpg 768w, https:\/\/elbibliote.com\/resources\/articulosdestacados\/wp-content\/uploads\/2024\/02\/Camino_Real_guayaquil-1024x952.jpg 1024w\" sizes=\"(max-width: 1080px) 100vw, 1080px\" \/><figcaption id=\"caption-attachment-21413\" class=\"wp-caption-text\">El triunfo de la batalla de Camino Real represent\u00f3 no solo el primer gran \u00e9xito de Luis Urdaneta y Febres Cordero, sino la esperanza de todas las fuerzas guayaquile\u00f1as que deseaban consolidar la emancipaci\u00f3n en la regi\u00f3n.<\/figcaption><\/figure>\n<h2 style=\"text-align: justify;\">FIN DE LA DIVISI\u00d3N<\/h2>\n<p style=\"text-align: justify;\">Tras la batalla de Pichincha, Sucre entr\u00f3 a la ciudad de Quito y, meses despu\u00e9s, en julio, Guayaquil se incorpor\u00f3 a la Gran Colombia. Bajo este contexto, se orden\u00f3 la desintegraci\u00f3n de la Divisi\u00f3n Protectora de Quito.<\/p>\n","protected":false},"excerpt":{"rendered":"<p>Tambi\u00e9n llamada Junta Protectora de Quito\u00a0o Ej\u00e9rcito de Guayaquil, fue una tropa militar creada despu\u00e9s de la independencia de Guayaquil para lograr la liberaci\u00f3n de otros pueblos de la Real Audiencia de Quito. Estuvo comandada por el coronel Luis Urdaneta, con Le\u00f3n de Febres Cordero como jefe de Estado Mayor<\/p>\n","protected":false},"author":13,"featured_media":0,"comment_status":"closed","ping_status":"closed","sticky":false,"template":"","format":"standard","meta":{"footnotes":""},"categories":[9,15],"tags":[9001,12966,3440,7295,9445,3774,4317,12917,12965,9924,3282,12967,4311,8555,8340,9510,11677,8628,10906,3274,8629,3435,12969,6474,12964,12968],"_links":{"self":[{"href":"https:\/\/elbibliote.com\/resources\/articulosdestacados\/index.php?rest_route=\/wp\/v2\/posts\/21404"}],"collection":[{"href":"https:\/\/elbibliote.com\/resources\/articulosdestacados\/index.php?rest_route=\/wp\/v2\/posts"}],"about":[{"href":"https:\/\/elbibliote.com\/resources\/articulosdestacados\/index.php?rest_route=\/wp\/v2\/types\/post"}],"author":[{"embeddable":true,"href":"https:\/\/elbibliote.com\/resources\/articulosdestacados\/index.php?rest_route=\/wp\/v2\/users\/13"}],"replies":[{"embeddable":true,"href":"https:\/\/elbibliote.com\/resources\/articulosdestacados\/index.php?rest_route=%2Fwp%2Fv2%2Fcomments&post=21404"}],"version-history":[{"count":22,"href":"https:\/\/elbibliote.com\/resources\/articulosdestacados\/index.php?rest_route=\/wp\/v2\/posts\/21404\/revisions"}],"predecessor-version":[{"id":21492,"href":"https:\/\/elbibliote.com\/resources\/articulosdestacados\/index.php?rest_route=\/wp\/v2\/posts\/21404\/revisions\/21492"}],"wp:attachment":[{"href":"https:\/\/elbibliote.com\/resources\/articulosdestacados\/index.php?rest_route=%2Fwp%2Fv2%2Fmedia&parent=21404"}],"wp:term":[{"taxonomy":"category","embeddable":true,"href":"https:\/\/elbibliote.com\/resources\/articulosdestacados\/index.php?rest_route=%2Fwp%2Fv2%2Fcategories&post=21404"},{"taxonomy":"post_tag","embeddable":true,"href":"https:\/\/elbibliote.com\/resources\/articulosdestacados\/index.php?rest_route=%2Fwp%2Fv2%2Ftags&post=21404"}],"curies":[{"name":"wp","href":"https:\/\/api.w.org\/{rel}","templated":true}]}}