{"id":21446,"date":"2024-02-26T14:30:33","date_gmt":"2024-02-26T17:30:33","guid":{"rendered":"https:\/\/elbibliote.com\/resources\/articulosdestacados\/?p=21446"},"modified":"2024-02-26T14:30:33","modified_gmt":"2024-02-26T17:30:33","slug":"antonio-jose-de-irisarri-y-el-tratado-de-paucarpata","status":"publish","type":"post","link":"https:\/\/elbibliote.com\/resources\/articulosdestacados\/?p=21446","title":{"rendered":"Antonio Jos\u00e9 de Irisarri y el tratado de Paucarpata"},"content":{"rendered":"<p><em><span style=\"color: #808080;\">Antonio Jos\u00e9 de Irisarri fue un militar, escritor y diplom\u00e1tico guatemalteco-chileno que tuvo una muy importante y extensa carrera pol\u00edtica durante y posterior al proceso de independencia de Chile. Sin embargo, su contribuci\u00f3n al pa\u00eds se vio interrumpida durante la guerra contra la Confederaci\u00f3n Per\u00fa-Boliviana, a partir del conocido tratado de Paucarpata.<\/span><\/em><\/p>\n<p>Durante la guerra entre la Confederaci\u00f3n Per\u00fa-Boliviana y el Ej\u00e9rcito Unido Restaurador, formado por chilenos y peruanos opositores a la Confederaci\u00f3n, ambos bandos se disputaron el destino de Per\u00fa como territorio compartido con Bolivia o como pa\u00eds soberano respectivamente. El Congreso de Chile envi\u00f3 tropas comandadas por el almirante Manuel Blanco Encalada, acompa\u00f1ado por el coronel Antonio Jos\u00e9 de Irisarri como consejero privado del l\u00edder militar y como representante plenipotenciario del pa\u00eds.<\/p>\n<p>No obstante, al desembarcar en Arequipa para comenzar la invasi\u00f3n, las fuerzas restauradoras se vieron ampliamente superadas por las de la Confederaci\u00f3n, comandadas por el general Andr\u00e9s de Santa Cruz. Como consecuencia, Blanco Encalada e Irisarri se vieron obligados a aceptar un acuerdo de paz entre ambos bandos para asegurar la vida de sus hombres a cambio de que los mismos reconocieran la autoridad de la Confederaci\u00f3n y aceptaran no volver a tomar las armas en su contra, acuerdo conocido como el tratado de Paucarpata, por ser este el lugar donde se llevaron a cabo las negociaciones.<\/p>\n<p>Irisarri abri\u00f3 la primera reuni\u00f3n con el general de la Confederaci\u00f3n Ram\u00f3n Herrera, donde, adem\u00e1s de la seguridad de sus hombres chilenos, solicit\u00f3 tambi\u00e9n la seguridad de los peruanos restauradores y que no se tomara represal\u00edas contra ellos. Los representantes chilenos firmaron el tratado en la segunda reuni\u00f3n, el 17 de noviembre de 1837.<\/p>\n<p>Sin embargo, al regresar las tropas a Chile y al enterarse el Gobierno de lo sucedido, este no reconoci\u00f3 las decisiones de Blanco Encalada e Irisarri en Per\u00fa ni acept\u00f3 las condiciones del tratado. Como consecuencia, el organismo acus\u00f3 a Irisarri de traici\u00f3n y fue condenado a muerte en su ausencia, pues para ese momento este a\u00fan no hab\u00eda abandonado Per\u00fa. En vista de las circunstancias, Irisarri se exili\u00f3 a Colombia y nunca m\u00e1s regres\u00f3 a su pa\u00eds.<\/p>\n<div class=\"su-box su-box-style-default sabiasque\" id=\"\" style=\"border-color:#a8a8b7;border-radius:0px;\"><div class=\"su-box-title\" style=\"background-color:#DBDBEA;color:#484848;border-top-left-radius:0px;border-top-right-radius:0px\">\u00bfSab\u00edas qu\u00e9?<\/div><div class=\"su-box-content su-u-clearfix su-u-trim\" style=\"border-bottom-left-radius:0px;border-bottom-right-radius:0px\">El deseo de Irisarri por una vida pac\u00edfica y familiar en Chile, sumado a la vieja amistad que compart\u00eda con Andr\u00e9s de Santa Cruz, fue el motivo por el cual Irisarri particip\u00f3 en la expedici\u00f3n en contra de su voluntad.<\/div><\/div>\n<figure id=\"attachment_21447\" aria-describedby=\"caption-attachment-21447\" style=\"width: 1080px\" class=\"wp-caption aligncenter\"><img loading=\"lazy\" decoding=\"async\" class=\"size-full wp-image-21447\" src=\"https:\/\/elbibliote.com\/resources\/articulosdestacados\/wp-content\/uploads\/2024\/02\/Retrato_de_Don_Antonio_Jos\u00e9_de_Irisarri_cropped.jpg\" alt=\"\" width=\"1080\" height=\"1498\" srcset=\"https:\/\/elbibliote.com\/resources\/articulosdestacados\/wp-content\/uploads\/2024\/02\/Retrato_de_Don_Antonio_Jos\u00e9_de_Irisarri_cropped.jpg 1080w, https:\/\/elbibliote.com\/resources\/articulosdestacados\/wp-content\/uploads\/2024\/02\/Retrato_de_Don_Antonio_Jos\u00e9_de_Irisarri_cropped-216x300.jpg 216w, https:\/\/elbibliote.com\/resources\/articulosdestacados\/wp-content\/uploads\/2024\/02\/Retrato_de_Don_Antonio_Jos\u00e9_de_Irisarri_cropped-768x1065.jpg 768w, https:\/\/elbibliote.com\/resources\/articulosdestacados\/wp-content\/uploads\/2024\/02\/Retrato_de_Don_Antonio_Jos\u00e9_de_Irisarri_cropped-738x1024.jpg 738w\" sizes=\"(max-width: 1080px) 100vw, 1080px\" \/><figcaption id=\"caption-attachment-21447\" class=\"wp-caption-text\">Retrato de Antonio Jos\u00e9 de Irisarri.<\/figcaption><\/figure>\n","protected":false},"excerpt":{"rendered":"<p>Antonio Jos\u00e9 de Irisarri fue un militar, escritor y diplom\u00e1tico guatemalteco-chileno que tuvo una muy importante y extensa carrera pol\u00edtica durante y posterior al proceso de independencia de Chile. Sin embargo, su contribuci\u00f3n al pa\u00eds se vio interrumpida durante la guerra contra la Confederaci\u00f3n Per\u00fa-Boliviana, a partir del conocido tratado de Paucarpata.<\/p>\n","protected":false},"author":18,"featured_media":0,"comment_status":"closed","ping_status":"closed","sticky":false,"template":"","format":"standard","meta":{"footnotes":""},"categories":[6,9,15],"tags":[12998,9385,12999,2504,8557,3819,3561,13000,5689,9445,12997,12995,3231,12994,4312,9479,12996,3956,12610,4838,9954],"_links":{"self":[{"href":"https:\/\/elbibliote.com\/resources\/articulosdestacados\/index.php?rest_route=\/wp\/v2\/posts\/21446"}],"collection":[{"href":"https:\/\/elbibliote.com\/resources\/articulosdestacados\/index.php?rest_route=\/wp\/v2\/posts"}],"about":[{"href":"https:\/\/elbibliote.com\/resources\/articulosdestacados\/index.php?rest_route=\/wp\/v2\/types\/post"}],"author":[{"embeddable":true,"href":"https:\/\/elbibliote.com\/resources\/articulosdestacados\/index.php?rest_route=\/wp\/v2\/users\/18"}],"replies":[{"embeddable":true,"href":"https:\/\/elbibliote.com\/resources\/articulosdestacados\/index.php?rest_route=%2Fwp%2Fv2%2Fcomments&post=21446"}],"version-history":[{"count":3,"href":"https:\/\/elbibliote.com\/resources\/articulosdestacados\/index.php?rest_route=\/wp\/v2\/posts\/21446\/revisions"}],"predecessor-version":[{"id":21520,"href":"https:\/\/elbibliote.com\/resources\/articulosdestacados\/index.php?rest_route=\/wp\/v2\/posts\/21446\/revisions\/21520"}],"wp:attachment":[{"href":"https:\/\/elbibliote.com\/resources\/articulosdestacados\/index.php?rest_route=%2Fwp%2Fv2%2Fmedia&parent=21446"}],"wp:term":[{"taxonomy":"category","embeddable":true,"href":"https:\/\/elbibliote.com\/resources\/articulosdestacados\/index.php?rest_route=%2Fwp%2Fv2%2Fcategories&post=21446"},{"taxonomy":"post_tag","embeddable":true,"href":"https:\/\/elbibliote.com\/resources\/articulosdestacados\/index.php?rest_route=%2Fwp%2Fv2%2Ftags&post=21446"}],"curies":[{"name":"wp","href":"https:\/\/api.w.org\/{rel}","templated":true}]}}