{"id":21457,"date":"2024-02-26T14:47:38","date_gmt":"2024-02-26T17:47:38","guid":{"rendered":"https:\/\/elbibliote.com\/resources\/articulosdestacados\/?p=21457"},"modified":"2024-02-26T14:47:38","modified_gmt":"2024-02-26T17:47:38","slug":"proclama-a-los-pueblos-de-america","status":"publish","type":"post","link":"https:\/\/elbibliote.com\/resources\/articulosdestacados\/?p=21457","title":{"rendered":"Proclama a los pueblos de Am\u00e9rica"},"content":{"rendered":"<p style=\"text-align: justify;\"><span style=\"color: #808080;\"><em>En 1809, cuando se instaur\u00f3 la Primera Junta de Gobierno Aut\u00f3noma de Quito, el reci\u00e9n nombrado ministro de Gracia y Justicia Manuel Rodr\u00edguez de Quiroga redact\u00f3 un comunicado que expresaba los motivos del movimiento y las razones por las que los pueblos cercanos deb\u00edan solidarizarse con la causa.\u00a0Si bien esta Junta no dur\u00f3 mucho tiempo, el texto forma parte del archivo hist\u00f3rico que fundamenta la independencia del Ecuador.<\/em><\/span><\/p>\n<figure id=\"attachment_21461\" aria-describedby=\"caption-attachment-21461\" style=\"width: 1080px\" class=\"wp-caption aligncenter\"><img loading=\"lazy\" decoding=\"async\" class=\"wp-image-21461 size-full\" src=\"https:\/\/elbibliote.com\/resources\/articulosdestacados\/wp-content\/uploads\/2024\/02\/Reuni\u00f3n_en_la_Casa_de_Manuela_Ca\u00f1izares_10_de_agosto_1809.jpg\" alt=\"\" width=\"1080\" height=\"570\" srcset=\"https:\/\/elbibliote.com\/resources\/articulosdestacados\/wp-content\/uploads\/2024\/02\/Reuni\u00f3n_en_la_Casa_de_Manuela_Ca\u00f1izares_10_de_agosto_1809.jpg 1080w, https:\/\/elbibliote.com\/resources\/articulosdestacados\/wp-content\/uploads\/2024\/02\/Reuni\u00f3n_en_la_Casa_de_Manuela_Ca\u00f1izares_10_de_agosto_1809-300x158.jpg 300w, https:\/\/elbibliote.com\/resources\/articulosdestacados\/wp-content\/uploads\/2024\/02\/Reuni\u00f3n_en_la_Casa_de_Manuela_Ca\u00f1izares_10_de_agosto_1809-768x405.jpg 768w, https:\/\/elbibliote.com\/resources\/articulosdestacados\/wp-content\/uploads\/2024\/02\/Reuni\u00f3n_en_la_Casa_de_Manuela_Ca\u00f1izares_10_de_agosto_1809-1024x540.jpg 1024w\" sizes=\"(max-width: 1080px) 100vw, 1080px\" \/><figcaption id=\"caption-attachment-21461\" class=\"wp-caption-text\">Quiroga form\u00f3 parte la reuni\u00f3n que se llev\u00f3 a cabo la noche del 9 al 10 de agosto de 1809 en casa de Manuela Ca\u00f1izares. Fue all\u00ed donde se organiz\u00f3 la Primera Junta de Gobierno y fue nombrado ministro de Gracia y Justicia.<\/figcaption><\/figure>\n<h2 style=\"text-align: justify;\">la proclama<\/h2>\n<p style=\"text-align: justify;\"><em>Pueblos de la Am\u00e9rica:<\/em><\/p>\n<p style=\"text-align: justify;\"><em>La sacrosanta ley de Jesucristo y el imperio de Fernando VII perseguido y desterrado de la pen\u00ednsula, han fijado su augusta mansi\u00f3n en Quito. Bajo el Ecuador han erigido un baluarte inexpugnable contra las infernales empresas de la opresi\u00f3n y la herej\u00eda. En este dichoso suelo, donde en dulce uni\u00f3n hay confraternidad, tienen ya su trono la paz y la justicia: no resuenan m\u00e1s que los tiernos y sagrados nombres de Dios, el rey y la patria. \u00bfQui\u00e9n ser\u00e1 tan vil y tan infame que no exhale el \u00faltimo aliento de la vida, derrame toda la sangre que corre en sus venas y muera cubierto de gloria por tan preciosos e inexplicables objetos? Si hay alguno, levante la voz, y la execraci\u00f3n general ser\u00e1 su castigo: no es hombre, deje la sociedad y vaya a vivir con las fieras. En este f\u00e9rtil clima, en esta tierra regada antes de l\u00e1grimas y sembrada de aflicci\u00f3n y dolores, se halla ya concentrada la felicidad p\u00fablica. Dios en su santa Iglesia y el Rey en el sabio gobierno que le representa, son los solos due\u00f1os que exigen nuestro debido homenaje y respeto. El primero manda que nos amemos como hermanos, y el segundo anhela por hacernos felices en la sociedad en que vivimos. Lo seremos, paisanos y hermanos nuestros, pues la equidad y la justicia presiden nuestros consejos. Lejos ya los temores de un yugo opresor que nos amenazaba el sanguinario tirano de Europa. Lejos los recelos de las funestas consecuencias que traen consigo la anarqu\u00eda y las sangrientas empresas de la ambici\u00f3n que acecha la ocasi\u00f3n oportuna de coger su presa. El orden reina, se ha precavido el riesgo y se han echado por el voto uniforme del pueblo los inm\u00f3viles fundamentos de la seguridad p\u00fablica. Las leyes reasumen su antiguo imperio; la raz\u00f3n afianza su dignidad y su poder irresistibles; y los augustos derechos del hombre ya no quedan expuestos al consejo de las pasiones ni al imperioso mandato del poder arbitrario. En una palabra, desapareci\u00f3 el despotismo y ha bajado de los cielos a ocupar su lugar la justicia. A la sombra de los laureles de la paz, tranquilo el ciudadano dormir\u00e1 en los brazos del gobierno que vela por su conservaci\u00f3n civil y pol\u00edtica. Al despertarse alabar\u00e1 la luz que le alumbra y bendecir\u00e1 a la Providencia que le da de comer aquel d\u00eda, cuando fueron tantos los que pas\u00f3 en la necesidad y en la miseria. Tales son las bendiciones y felicidades de un gobierno nacional. \u00bfQui\u00e9n ser\u00e1 capaz de censurar sus providencias y caminos? Que el enemigo devastador de la Europa cubra de sangre sus injustas conquistas, que llene de cad\u00e1veres y destrozos humanos los campos del antiguo mundo, que lleve la muerte y las furias delante de sus legiones infernales para saciar su ambici\u00f3n y extender los t\u00e9rminos del odioso imperio que ha establecido: tranquilo y sosegado, Quito insulta y desprecia su poder usurpado. Que pase los mares, si fuese capaz de tanto: aqu\u00ed le espera un pueblo lleno de religi\u00f3n, de valor y de energ\u00eda. \u00bfQui\u00e9n ser\u00e1 capaz de resistir a estas armas? Pueblos del continente americano, favoreced nuestros santos designios, reunid vuestros esfuerzos al esp\u00edritu que nos inspira y nos inflama. Seamos unos, seamos felices y dichosos, y conspiremos un\u00e1nimemente al individuo objeto de morir por Dios, por el Rey y la patria. Esta es nuestra divisa, esta ser\u00e1 tambi\u00e9n la gloriosa herencia que dejemos a nuestra posteridad.<\/em><\/p>\n<p style=\"text-align: justify;\"><strong>Fuente: Romero, Jos\u00e9 Luis y Romero, Luis Alberto (1977). <em>Pensamiento pol\u00edtico de la emancipaci\u00f3n (1790-1825) Tomo I<\/em>. Biblioteca Ayacucho.<\/strong><\/p>\n","protected":false},"excerpt":{"rendered":"<p>En 1809, cuando se instaur\u00f3 la Primera Junta de Gobierno Aut\u00f3noma de Quito, el reci\u00e9n nombrado ministro de Gracia y Justicia Manuel Rodr\u00edguez de Quiroga redact\u00f3 un comunicado que expresaba los motivos del movimiento y las razones por las que los pueblos cercanos deb\u00edan solidarizarse con la causa.\u00a0Si bien esta Junta no dur\u00f3 mucho tiempo, el texto forma parte del archivo hist\u00f3rico que fundamenta la independencia del Ecuador.<\/p>\n","protected":false},"author":13,"featured_media":0,"comment_status":"closed","ping_status":"closed","sticky":false,"template":"","format":"standard","meta":{"footnotes":""},"categories":[9,15],"tags":[12220,13013,13016,13011,13012,13014,8555,5719,9479,12880,6199,3792,13010,3877,13008,3274,6029,3832,13009,12568,8466,4473],"_links":{"self":[{"href":"https:\/\/elbibliote.com\/resources\/articulosdestacados\/index.php?rest_route=\/wp\/v2\/posts\/21457"}],"collection":[{"href":"https:\/\/elbibliote.com\/resources\/articulosdestacados\/index.php?rest_route=\/wp\/v2\/posts"}],"about":[{"href":"https:\/\/elbibliote.com\/resources\/articulosdestacados\/index.php?rest_route=\/wp\/v2\/types\/post"}],"author":[{"embeddable":true,"href":"https:\/\/elbibliote.com\/resources\/articulosdestacados\/index.php?rest_route=\/wp\/v2\/users\/13"}],"replies":[{"embeddable":true,"href":"https:\/\/elbibliote.com\/resources\/articulosdestacados\/index.php?rest_route=%2Fwp%2Fv2%2Fcomments&post=21457"}],"version-history":[{"count":9,"href":"https:\/\/elbibliote.com\/resources\/articulosdestacados\/index.php?rest_route=\/wp\/v2\/posts\/21457\/revisions"}],"predecessor-version":[{"id":21524,"href":"https:\/\/elbibliote.com\/resources\/articulosdestacados\/index.php?rest_route=\/wp\/v2\/posts\/21457\/revisions\/21524"}],"wp:attachment":[{"href":"https:\/\/elbibliote.com\/resources\/articulosdestacados\/index.php?rest_route=%2Fwp%2Fv2%2Fmedia&parent=21457"}],"wp:term":[{"taxonomy":"category","embeddable":true,"href":"https:\/\/elbibliote.com\/resources\/articulosdestacados\/index.php?rest_route=%2Fwp%2Fv2%2Fcategories&post=21457"},{"taxonomy":"post_tag","embeddable":true,"href":"https:\/\/elbibliote.com\/resources\/articulosdestacados\/index.php?rest_route=%2Fwp%2Fv2%2Ftags&post=21457"}],"curies":[{"name":"wp","href":"https:\/\/api.w.org\/{rel}","templated":true}]}}