{"id":21475,"date":"2024-02-26T14:53:19","date_gmt":"2024-02-26T17:53:19","guid":{"rendered":"https:\/\/elbibliote.com\/resources\/articulosdestacados\/?p=21475"},"modified":"2024-02-26T14:53:19","modified_gmt":"2024-02-26T17:53:19","slug":"el-heroe-de-los-andes","status":"publish","type":"post","link":"https:\/\/elbibliote.com\/resources\/articulosdestacados\/?p=21475","title":{"rendered":"El h\u00e9roe de los Andes"},"content":{"rendered":"<p style=\"text-align: justify;\"><span style=\"color: #808080;\"><em>Rudecindo Alvarado fue un destacado militar y pol\u00edtico argentino que particip\u00f3 en las guerras de independencia de Am\u00e9rica del Sur y en las guerras civiles de su pa\u00eds. Su vida abarc\u00f3 desde la Revoluci\u00f3n de Mayo hasta la organizaci\u00f3n nacional, pasando por las campa\u00f1as libertadoras de Chile y Per\u00fa.<\/em><\/span><\/p>\n<figure id=\"attachment_21476\" aria-describedby=\"caption-attachment-21476\" style=\"width: 1080px\" class=\"wp-caption aligncenter\"><img loading=\"lazy\" decoding=\"async\" class=\"wp-image-21476 size-full\" src=\"https:\/\/elbibliote.com\/resources\/articulosdestacados\/wp-content\/uploads\/2024\/02\/Batalla_de_Tucum\u00e1n.jpg\" alt=\"\" width=\"1080\" height=\"820\" srcset=\"https:\/\/elbibliote.com\/resources\/articulosdestacados\/wp-content\/uploads\/2024\/02\/Batalla_de_Tucum\u00e1n.jpg 1080w, https:\/\/elbibliote.com\/resources\/articulosdestacados\/wp-content\/uploads\/2024\/02\/Batalla_de_Tucum\u00e1n-300x228.jpg 300w, https:\/\/elbibliote.com\/resources\/articulosdestacados\/wp-content\/uploads\/2024\/02\/Batalla_de_Tucum\u00e1n-768x583.jpg 768w, https:\/\/elbibliote.com\/resources\/articulosdestacados\/wp-content\/uploads\/2024\/02\/Batalla_de_Tucum\u00e1n-1024x777.jpg 1024w\" sizes=\"(max-width: 1080px) 100vw, 1080px\" \/><figcaption id=\"caption-attachment-21476\" class=\"wp-caption-text\">Batalla de Tucum\u00e1n.<\/figcaption><\/figure>\n<h2 style=\"text-align: justify;\">1810<\/h2>\n<p style=\"text-align: justify;\">Se uni\u00f3 al ej\u00e9rcito patriota tras la Revoluci\u00f3n de Mayo.<\/p>\n<h2 style=\"text-align: justify;\">1812<\/h2>\n<p style=\"text-align: justify;\">Combati\u00f3 en la batalla de Tucum\u00e1n bajo el mando de Belgrano.<\/p>\n<h2 style=\"text-align: justify;\">1813\u20131815<\/h2>\n<p style=\"text-align: justify;\">Particip\u00f3 en las batallas de Vilcapugio, Ayohuma y Sipe Sipe en el Alto Per\u00fa.<\/p>\n<h2 style=\"text-align: justify;\">1816<\/h2>\n<p style=\"text-align: justify;\">Se incorpor\u00f3 al ej\u00e9rcito de los Andes dirigido por Jos\u00e9 de San Mart\u00edn.<\/p>\n<h2 style=\"text-align: justify;\">1817<\/h2>\n<p style=\"text-align: justify;\">Cruz\u00f3 la Cordillera de los Andes y luch\u00f3 en la batalla de Chacabuco en Chile.<\/p>\n<h2 style=\"text-align: justify;\">1818<\/h2>\n<p style=\"text-align: justify;\">Fue ascendido a coronel tras la batalla de Maip\u00fa, donde comand\u00f3 el ala izquierda.<\/p>\n<h2 style=\"text-align: justify;\">1820<\/h2>\n<p style=\"text-align: justify;\">Se embarc\u00f3 con San Mart\u00edn hacia el Per\u00fa, donde fue nombrado jefe del regimiento de granaderos a caballo.<\/p>\n<h2 style=\"text-align: justify;\">1821<\/h2>\n<p style=\"text-align: justify;\">Reemplaz\u00f3 a Jos\u00e9 de San Mart\u00edn en el mando del ej\u00e9rcito de los Andes en Lima.<\/p>\n<h2 style=\"text-align: justify;\">1826<\/h2>\n<p style=\"text-align: justify;\">Regres\u00f3 a la Argentina y se involucr\u00f3 en las luchas internas entre unitarios y federales.<\/p>\n<h2 style=\"text-align: justify;\">1831<\/h2>\n<p style=\"text-align: justify;\">Fue desterrado por el gobernador de Salta, Pablo Latorre, tras un breve per\u00edodo como gobernador interino.<\/p>\n<h2 style=\"text-align: justify;\">1848<\/h2>\n<p style=\"text-align: justify;\">Volvi\u00f3 a Salta tras la ca\u00edda de Rosas.<\/p>\n<h2 style=\"text-align: justify;\">1852<\/h2>\n<p style=\"text-align: justify;\">Fue elegido diputado para el Congreso Constituyente de Santa Fe.<\/p>\n<h2 style=\"text-align: justify;\">1855<\/h2>\n<p style=\"text-align: justify;\">Fue elegido gobernador de Salta por segunda vez pero renunci\u00f3 al a\u00f1o siguiente.<\/p>\n<h2 style=\"text-align: justify;\">RELACI\u00d3N CON BOL\u00cdVAR Y SAN MART\u00cdN<\/h2>\n<p style=\"text-align: justify;\">Su relaci\u00f3n fue de respeto, admiraci\u00f3n y colaboraci\u00f3n. Alvarado fue un importante colaborador del general Jos\u00e9 de San Mart\u00edn en el ej\u00e9rcito de los Andes, particip\u00f3 en las campa\u00f1as de Chile y Per\u00fa. Despu\u00e9s de la renuncia de San Mart\u00edn, Rudecindo tom\u00f3 su lugar y continu\u00f3 luchando por la independencia. Tambi\u00e9n se uni\u00f3 a Bol\u00edvar en la batalla de Ayacucho, donde se logr\u00f3 la liberaci\u00f3n de Am\u00e9rica del Sur. Sim\u00f3n Bol\u00edvar reconoci\u00f3 su valor y lealtad al otorgarle el t\u00edtulo de gran mariscal del Per\u00fa. Alvarado mantuvo una amistad con ambos l\u00edderes independentistas, consider\u00e1ndolos sus maestros y modelos a seguir.<\/p>\n<p style=\"text-align: justify;\"><div class=\"su-box su-box-style-default sabiasque\" id=\"\" style=\"border-color:#a8a8b7;border-radius:0px;\"><div class=\"su-box-title\" style=\"background-color:#DBDBEA;color:#484848;border-top-left-radius:0px;border-top-right-radius:0px\">\u00bfSab\u00edas qu\u00e9?<\/div><div class=\"su-box-content su-u-clearfix su-u-trim\" style=\"border-bottom-left-radius:0px;border-bottom-right-radius:0px\">Rudecindo Alvarado fue el primer ministro de Guerra y Marina de la Confederaci\u00f3n Argentina creada por el pacto de San Nicol\u00e1s de 1852. Adem\u00e1s, fue el fundador del Regimiento de Cazadores de los Andes, una de las unidades m\u00e1s destacadas del ej\u00e9rcito de San Mart\u00edn.<\/div><\/div>\n","protected":false},"excerpt":{"rendered":"<p>Rudecindo Alvarado fue un destacado militar y pol\u00edtico argentino que particip\u00f3 en las guerras de independencia de Am\u00e9rica del Sur y en las guerras civiles de su pa\u00eds. Su vida abarc\u00f3 desde la Revoluci\u00f3n de Mayo hasta la organizaci\u00f3n nacional, pasando por las campa\u00f1as libertadoras de Chile y Per\u00fa.<\/p>\n","protected":false},"author":36,"featured_media":0,"comment_status":"closed","ping_status":"closed","sticky":false,"template":"","format":"standard","meta":{"footnotes":""},"categories":[6,9,15],"tags":[12685,12949,13019,12973,13022,13023,13018,12942,4318,13020,10755,13021,2872,13017],"_links":{"self":[{"href":"https:\/\/elbibliote.com\/resources\/articulosdestacados\/index.php?rest_route=\/wp\/v2\/posts\/21475"}],"collection":[{"href":"https:\/\/elbibliote.com\/resources\/articulosdestacados\/index.php?rest_route=\/wp\/v2\/posts"}],"about":[{"href":"https:\/\/elbibliote.com\/resources\/articulosdestacados\/index.php?rest_route=\/wp\/v2\/types\/post"}],"author":[{"embeddable":true,"href":"https:\/\/elbibliote.com\/resources\/articulosdestacados\/index.php?rest_route=\/wp\/v2\/users\/36"}],"replies":[{"embeddable":true,"href":"https:\/\/elbibliote.com\/resources\/articulosdestacados\/index.php?rest_route=%2Fwp%2Fv2%2Fcomments&post=21475"}],"version-history":[{"count":4,"href":"https:\/\/elbibliote.com\/resources\/articulosdestacados\/index.php?rest_route=\/wp\/v2\/posts\/21475\/revisions"}],"predecessor-version":[{"id":21526,"href":"https:\/\/elbibliote.com\/resources\/articulosdestacados\/index.php?rest_route=\/wp\/v2\/posts\/21475\/revisions\/21526"}],"wp:attachment":[{"href":"https:\/\/elbibliote.com\/resources\/articulosdestacados\/index.php?rest_route=%2Fwp%2Fv2%2Fmedia&parent=21475"}],"wp:term":[{"taxonomy":"category","embeddable":true,"href":"https:\/\/elbibliote.com\/resources\/articulosdestacados\/index.php?rest_route=%2Fwp%2Fv2%2Fcategories&post=21475"},{"taxonomy":"post_tag","embeddable":true,"href":"https:\/\/elbibliote.com\/resources\/articulosdestacados\/index.php?rest_route=%2Fwp%2Fv2%2Ftags&post=21475"}],"curies":[{"name":"wp","href":"https:\/\/api.w.org\/{rel}","templated":true}]}}