{"id":21497,"date":"2024-02-26T15:00:01","date_gmt":"2024-02-26T18:00:01","guid":{"rendered":"https:\/\/elbibliote.com\/resources\/articulosdestacados\/?p=21497"},"modified":"2024-02-26T15:00:01","modified_gmt":"2024-02-26T18:00:01","slug":"el-tambor-de-tacuari","status":"publish","type":"post","link":"https:\/\/elbibliote.com\/resources\/articulosdestacados\/?p=21497","title":{"rendered":"El tambor de Tacuar\u00ed"},"content":{"rendered":"<p style=\"text-align: justify;\"><em><span style=\"color: #808080;\">Pedro R\u00edos resuena en la historia como un ni\u00f1o valiente que toc\u00f3 su tambor con pasi\u00f3n y sacrificio en las filas del ej\u00e9rcito. Su coraz\u00f3n resonaba al ritmo de la independencia y su vida breve pero intensa dej\u00f3 una huella imborrable en la lucha por la libertad.<\/span><\/em><\/p>\n<figure id=\"attachment_21477\" aria-describedby=\"caption-attachment-21477\" style=\"width: 1080px\" class=\"wp-caption aligncenter\"><img loading=\"lazy\" decoding=\"async\" class=\"wp-image-21477 size-full\" src=\"https:\/\/elbibliote.com\/resources\/articulosdestacados\/wp-content\/uploads\/2024\/02\/El_Tambor_de_Tacuari.jpg\" alt=\"\" width=\"1080\" height=\"2281\" srcset=\"https:\/\/elbibliote.com\/resources\/articulosdestacados\/wp-content\/uploads\/2024\/02\/El_Tambor_de_Tacuari.jpg 1080w, https:\/\/elbibliote.com\/resources\/articulosdestacados\/wp-content\/uploads\/2024\/02\/El_Tambor_de_Tacuari-142x300.jpg 142w, https:\/\/elbibliote.com\/resources\/articulosdestacados\/wp-content\/uploads\/2024\/02\/El_Tambor_de_Tacuari-768x1622.jpg 768w, https:\/\/elbibliote.com\/resources\/articulosdestacados\/wp-content\/uploads\/2024\/02\/El_Tambor_de_Tacuari-485x1024.jpg 485w\" sizes=\"(max-width: 1080px) 100vw, 1080px\" \/><figcaption id=\"caption-attachment-21477\" class=\"wp-caption-text\">Monumento a Pedro R\u00edos, el Tambor de Tacuar\u00ed. Atribuci\u00f3n de imagen: <a href=\"http:\/\/Johannacodutti, El Tambor de Tacuari, CC BY-SA 4.0\">Johannacodutti, El Tambor de Tacuari, CC BY-SA 4.0<\/a><\/figcaption><\/figure>\n<h2 style=\"text-align: justify;\">INCORPORACI\u00d3N AL EJ\u00c9RCITO<\/h2>\n<p style=\"text-align: justify;\">Con tan solo doce a\u00f1os se uni\u00f3 al ej\u00e9rcito de Belgrano durante la expedici\u00f3n militar al Paraguay, a pesar de la inicial negativa del general. Fue parte de la fuerza militar y sirvi\u00f3 como gu\u00eda para el mayor Celestino Vidal.<\/p>\n<h2 style=\"text-align: justify;\">BAUTISMO DE FUEGO<\/h2>\n<p style=\"text-align: justify;\">El 19 de enero de 1811, durante la batalla de Paraguar\u00ed, Pedro R\u00edos tuvo su primera experiencia en combate. Particip\u00f3 en la defensa de la retaguardia, fortaleciendo las carretas del parque de armas y el hospital de campa\u00f1a. Posteriormente, se desempe\u00f1\u00f3 como gu\u00eda utilizando el tambor.<\/p>\n<h2 style=\"text-align: justify;\">BATALLA DE TACUAR\u00cd<\/h2>\n<p style=\"text-align: justify;\">En esta crucial batalla, R\u00edos sigui\u00f3 guiando al mayor Vidal y tocando el tambor, avanzando junto a las tropas sin temor. Sin embargo, fue alcanzado por dos disparos de fusil en el pecho y falleci\u00f3 minutos despu\u00e9s. Vida record\u00f3 su valent\u00eda y c\u00f3mo su muerte pudo ser su propia salvaci\u00f3n.<\/p>\n<h2 style=\"text-align: justify;\">HOMENAJES<\/h2>\n<p style=\"text-align: justify;\">Pedro R\u00edos es recordado y conmemorado en la historia de Argentina como un s\u00edmbolo de valent\u00eda y sacrificio en la lucha por la independencia. Algunas de las formas en las que se le rinde homenaje hoy en d\u00eda son:<\/p>\n<p style=\"text-align: justify;\">\u2022 <strong>Monumentos y statuas<\/strong>: en Concepci\u00f3n, su lugar de nacimiento, se han erigido monumentos y estatuas en su honor. Estos monumentos sirven como recordatorio de su coraje y contribuci\u00f3n a la causa de la independencia.<br \/>\n\u2022 <strong>Educaci\u00f3n y literatura<\/strong>: las escuelas y universidades ense\u00f1an sobre la historia de la independencia y mantienen viva la memoria de personajes como Pedro R\u00edos.<br \/>\n\u2022 <strong>Nombres de calles y plazas<\/strong>: en diferentes partes de Argentina existen calles, plazas y parques que llevan su nombre. Estos espacios p\u00fablicos sirven como recordatorio constante de su valent\u00eda.<br \/>\n\u2022 <strong>Narrativa popular<\/strong>: su historia se ha transmitido de generaci\u00f3n en generaci\u00f3n a trav\u00e9s de cuentos, canciones y leyendas. La narrativa popular mantiene vivo su esp\u00edritu y su papel en la lucha por la independencia.<\/p>\n<p style=\"text-align: justify;\"><div class=\"su-box su-box-style-default sabiasque\" id=\"\" style=\"border-color:#a8a8b7;border-radius:0px;\"><div class=\"su-box-title\" style=\"background-color:#DBDBEA;color:#484848;border-top-left-radius:0px;border-top-right-radius:0px\">\u00bfSab\u00edas qu\u00e9?<\/div><div class=\"su-box-content su-u-clearfix su-u-trim\" style=\"border-bottom-left-radius:0px;border-bottom-right-radius:0px\">El Consejo Nacional de Educaci\u00f3n en Argentina decidi\u00f3 en 1912 que en todas as escuelas del pa\u00eds se conmemorara cada a\u00f1o al Tambor de Tacuar\u00ed, en reconocimiento a su coraje si dedicaci\u00f3n durante la independencia del pa\u00eds.<\/div><\/div>\n","protected":false},"excerpt":{"rendered":"<p>Pedro R\u00edos resuena en la historia como un ni\u00f1o valiente que toc\u00f3 su tambor con pasi\u00f3n y sacrificio en las filas del ej\u00e9rcito. Su coraz\u00f3n resonaba al ritmo de la independencia y su vida breve pero intensa dej\u00f3 una huella imborrable en la lucha por la libertad.<\/p>\n","protected":false},"author":36,"featured_media":0,"comment_status":"closed","ping_status":"closed","sticky":false,"template":"","format":"standard","meta":{"footnotes":""},"categories":[6,9,15],"tags":[13026,13028,13029,13025,13027,12942,13024],"_links":{"self":[{"href":"https:\/\/elbibliote.com\/resources\/articulosdestacados\/index.php?rest_route=\/wp\/v2\/posts\/21497"}],"collection":[{"href":"https:\/\/elbibliote.com\/resources\/articulosdestacados\/index.php?rest_route=\/wp\/v2\/posts"}],"about":[{"href":"https:\/\/elbibliote.com\/resources\/articulosdestacados\/index.php?rest_route=\/wp\/v2\/types\/post"}],"author":[{"embeddable":true,"href":"https:\/\/elbibliote.com\/resources\/articulosdestacados\/index.php?rest_route=\/wp\/v2\/users\/36"}],"replies":[{"embeddable":true,"href":"https:\/\/elbibliote.com\/resources\/articulosdestacados\/index.php?rest_route=%2Fwp%2Fv2%2Fcomments&post=21497"}],"version-history":[{"count":4,"href":"https:\/\/elbibliote.com\/resources\/articulosdestacados\/index.php?rest_route=\/wp\/v2\/posts\/21497\/revisions"}],"predecessor-version":[{"id":21528,"href":"https:\/\/elbibliote.com\/resources\/articulosdestacados\/index.php?rest_route=\/wp\/v2\/posts\/21497\/revisions\/21528"}],"wp:attachment":[{"href":"https:\/\/elbibliote.com\/resources\/articulosdestacados\/index.php?rest_route=%2Fwp%2Fv2%2Fmedia&parent=21497"}],"wp:term":[{"taxonomy":"category","embeddable":true,"href":"https:\/\/elbibliote.com\/resources\/articulosdestacados\/index.php?rest_route=%2Fwp%2Fv2%2Fcategories&post=21497"},{"taxonomy":"post_tag","embeddable":true,"href":"https:\/\/elbibliote.com\/resources\/articulosdestacados\/index.php?rest_route=%2Fwp%2Fv2%2Ftags&post=21497"}],"curies":[{"name":"wp","href":"https:\/\/api.w.org\/{rel}","templated":true}]}}