{"id":21519,"date":"2024-02-27T17:27:06","date_gmt":"2024-02-27T20:27:06","guid":{"rendered":"https:\/\/elbibliote.com\/resources\/articulosdestacados\/?p=21519"},"modified":"2024-03-04T09:16:33","modified_gmt":"2024-03-04T12:16:33","slug":"edecanes-del-libertador","status":"publish","type":"post","link":"https:\/\/elbibliote.com\/resources\/articulosdestacados\/?p=21519","title":{"rendered":"Edecanes del Libertador"},"content":{"rendered":"<p style=\"text-align: justify;\"><span style=\"color: #808080;\"><em>El t\u00e9rmino \u201cedec\u00e1n\u201d proviene del franc\u00e9s <\/em>aide-de-camp<em>, que significa &#8220;ayudante de campo&#8221;. Hacia el siglo XIX, Sim\u00f3n Bol\u00edvar eligi\u00f3 a personas de alto rango militar para que sirvieran como sus ayudantes o edecanes, estas personas ten\u00edan su absoluta confianza y lo asistieron en las tareas m\u00e1s significativas de la guerra. Eran hombres honorables que siempre fueron leales al Libertador.<\/em><\/span><\/p>\n<h2 style=\"text-align: justify;\">UN POCO DE HISTORIA<\/h2>\n<p style=\"text-align: justify;\">La palabra \u201cedec\u00e1n\u201d apareci\u00f3 por primera vez en el <em>Diccionario de la lengua espa\u00f1ola<\/em> de la Real Academia Espa\u00f1ola en 1791. El vocablo de origen franc\u00e9s ya era de uso com\u00fan en la milicia espa\u00f1ola, pues desde mucho antes ya era empleado para designar a los ayudantes de campo en tiempos de guerra.<\/p>\n<div class=\"su-note destacado\"  style=\"border-color:#c1c1d0;\"><div class=\"su-note-inner su-u-clearfix su-u-trim\" style=\"background-color:#DBDBEA;border-color:#ffffff;color:#333333;\"><strong>Definici\u00f3n de &#8220;edec\u00e1n&#8221; por al RAE (1791)<\/strong><\/p>\n<p style=\"text-align: justify;\">EDECAN. s. m. Milic. Oficial militar, cuyo oficio es llevar y comunicar en el ej\u00e9rcito las \u00f3rdenes del General de quien es EDECAN. Es voz francesa modernamente introducida; pero admitida ya por el uso com\u00fan en la milicia espa\u00f1ola. Antes se llamaban Ayudantes, y as\u00ed los nombra siempre el Marques de Santa Cruz en sus Reflexiones Militares. <em>Pr\u00e6fecti castrorum adjutor.<\/em><\/div><\/div>\n<p style=\"text-align: justify;\">Dado que el siglo XVIII estuvo marcado por campa\u00f1as castrenses y per\u00edodos de guerras, la palabra &#8220;edec\u00e1n&#8221; form\u00f3 r\u00e1pidamente parte fundamental de vocabulario propio de las maquinarias militares.<\/p>\n<h2 style=\"text-align: justify;\">AYUDANTES DE BOL\u00cdVAR<\/h2>\n<p style=\"text-align: justify;\">La vida del Libertador estuvo repleta de episodios de batallas, revoluciones y exilios. Para superar con \u00e9xito estos eventos, Bol\u00edvar cont\u00f3 con m\u00faltiples edecanes durante toda su trayectoria pol\u00edtica y militar. Por ejemplo, durante la batalla de Carabobo (1821) los edecanes fueron los tenientes coronel Diego Ibarra, Felipe \u00c1lvarez, Manuel Ib\u00e1\u00f1ez y Le\u00f3n Uma\u00f1a; y los capitanes Andr\u00e9s Mar\u00eda \u00c1lvarez, Daniel F. O\u00b4Leary, Jos\u00e9 Ignacio Pumar, Celedonio Medina y Anacleto Clemente, entre otros.<\/p>\n<p style=\"text-align: justify;\"><div class=\"su-box su-box-style-default sabiasque\" id=\"\" style=\"border-color:#a8a8b7;border-radius:0px;\"><div class=\"su-box-title\" style=\"background-color:#DBDBEA;color:#484848;border-top-left-radius:0px;border-top-right-radius:0px\">\u00bfSab\u00edas qu\u00e9?<\/div><div class=\"su-box-content su-u-clearfix su-u-trim\" style=\"border-bottom-left-radius:0px;border-bottom-right-radius:0px\">Diego Ibarra Rodr\u00edguez del Toro\u00a0(1798-1852) fue un militar del Ej\u00e9rcito patriota y el primer edec\u00e1n de Sim\u00f3n Bol\u00edvar por muchos a\u00f1os durante las guerras por la independencia de los pueblos de Am\u00e9rica.<\/div><\/div>\n<figure id=\"attachment_21555\" aria-describedby=\"caption-attachment-21555\" style=\"width: 800px\" class=\"wp-caption aligncenter\"><img loading=\"lazy\" decoding=\"async\" class=\"wp-image-21555 size-full\" src=\"https:\/\/elbibliote.com\/resources\/articulosdestacados\/wp-content\/uploads\/2024\/02\/Batalla_de_Carabobo.jpg\" alt=\"\" width=\"800\" height=\"389\" srcset=\"https:\/\/elbibliote.com\/resources\/articulosdestacados\/wp-content\/uploads\/2024\/02\/Batalla_de_Carabobo.jpg 800w, https:\/\/elbibliote.com\/resources\/articulosdestacados\/wp-content\/uploads\/2024\/02\/Batalla_de_Carabobo-300x146.jpg 300w, https:\/\/elbibliote.com\/resources\/articulosdestacados\/wp-content\/uploads\/2024\/02\/Batalla_de_Carabobo-768x373.jpg 768w\" sizes=\"(max-width: 800px) 100vw, 800px\" \/><figcaption id=\"caption-attachment-21555\" class=\"wp-caption-text\">La\u00a0batalla de Carabobo\u00a0fue una contienda militar entre las fuerzas patriotas y los realistas durante la\u00a0Guerra de Independencia de Venezuela. Se llev\u00f3 a cabo el 24 de junio de 1821 en Sabana de Carabobo. Gan\u00f3 la Gran Colombia.<\/figcaption><\/figure>\n","protected":false},"excerpt":{"rendered":"<p>El t\u00e9rmino \u201cedec\u00e1n\u201d proviene del franc\u00e9s aide-de-camp, que significa &#8220;ayudante de campo&#8221;. Hacia el siglo XIX, Sim\u00f3n Bol\u00edvar eligi\u00f3 a personas de alto rango militar para que sirvieran como sus ayudantes o edecanes, estas personas ten\u00edan su absoluta confianza y lo asistieron en las tareas m\u00e1s significativas de la guerra. Eran hombres honorables que siempre fueron leales al Libertador.<\/p>\n","protected":false},"author":13,"featured_media":0,"comment_status":"closed","ping_status":"closed","sticky":false,"template":"","format":"standard","meta":{"footnotes":""},"categories":[9,15],"tags":[13070,9001,3439,1370,13069,9445,7060,6378,13068,9253,4166,4914,9387,2318,4726,4311,13071,3447,3239,4255,5500,3442],"_links":{"self":[{"href":"https:\/\/elbibliote.com\/resources\/articulosdestacados\/index.php?rest_route=\/wp\/v2\/posts\/21519"}],"collection":[{"href":"https:\/\/elbibliote.com\/resources\/articulosdestacados\/index.php?rest_route=\/wp\/v2\/posts"}],"about":[{"href":"https:\/\/elbibliote.com\/resources\/articulosdestacados\/index.php?rest_route=\/wp\/v2\/types\/post"}],"author":[{"embeddable":true,"href":"https:\/\/elbibliote.com\/resources\/articulosdestacados\/index.php?rest_route=\/wp\/v2\/users\/13"}],"replies":[{"embeddable":true,"href":"https:\/\/elbibliote.com\/resources\/articulosdestacados\/index.php?rest_route=%2Fwp%2Fv2%2Fcomments&post=21519"}],"version-history":[{"count":15,"href":"https:\/\/elbibliote.com\/resources\/articulosdestacados\/index.php?rest_route=\/wp\/v2\/posts\/21519\/revisions"}],"predecessor-version":[{"id":21589,"href":"https:\/\/elbibliote.com\/resources\/articulosdestacados\/index.php?rest_route=\/wp\/v2\/posts\/21519\/revisions\/21589"}],"wp:attachment":[{"href":"https:\/\/elbibliote.com\/resources\/articulosdestacados\/index.php?rest_route=%2Fwp%2Fv2%2Fmedia&parent=21519"}],"wp:term":[{"taxonomy":"category","embeddable":true,"href":"https:\/\/elbibliote.com\/resources\/articulosdestacados\/index.php?rest_route=%2Fwp%2Fv2%2Fcategories&post=21519"},{"taxonomy":"post_tag","embeddable":true,"href":"https:\/\/elbibliote.com\/resources\/articulosdestacados\/index.php?rest_route=%2Fwp%2Fv2%2Ftags&post=21519"}],"curies":[{"name":"wp","href":"https:\/\/api.w.org\/{rel}","templated":true}]}}