{"id":21543,"date":"2024-02-27T16:49:52","date_gmt":"2024-02-27T19:49:52","guid":{"rendered":"https:\/\/elbibliote.com\/resources\/articulosdestacados\/?p=21543"},"modified":"2024-02-27T16:49:52","modified_gmt":"2024-02-27T19:49:52","slug":"madre-de-la-patria","status":"publish","type":"post","link":"https:\/\/elbibliote.com\/resources\/articulosdestacados\/?p=21543","title":{"rendered":"Madre de la Patria"},"content":{"rendered":"<p style=\"text-align: justify;\"><span style=\"color: #808080;\"><em>Mar\u00eda Remedios del Valle, tambi\u00e9n conocida como La Capitana, fue una mujer afroargentina que destac\u00f3 por su participaci\u00f3n en la guerra de independencia de Argentina como auxiliar y combatiente el Ej\u00e9rcito del Norte. Fue nombrada capitana por Manuel Belgrano y apodada Madre de la Patria por sus compa\u00f1eros de armas, sufri\u00f3 la prisi\u00f3n y la tortura.<\/em><\/span><\/p>\n<figure id=\"attachment_21479\" aria-describedby=\"caption-attachment-21479\" style=\"width: 1080px\" class=\"wp-caption aligncenter\"><img loading=\"lazy\" decoding=\"async\" class=\"wp-image-21479 size-full\" src=\"https:\/\/elbibliote.com\/resources\/articulosdestacados\/wp-content\/uploads\/2024\/02\/Monumento_a_Maria_Remedios_del_Valle_Buenos_Aires.jpg\" alt=\"\" width=\"1080\" height=\"720\" srcset=\"https:\/\/elbibliote.com\/resources\/articulosdestacados\/wp-content\/uploads\/2024\/02\/Monumento_a_Maria_Remedios_del_Valle_Buenos_Aires.jpg 1080w, https:\/\/elbibliote.com\/resources\/articulosdestacados\/wp-content\/uploads\/2024\/02\/Monumento_a_Maria_Remedios_del_Valle_Buenos_Aires-300x200.jpg 300w, https:\/\/elbibliote.com\/resources\/articulosdestacados\/wp-content\/uploads\/2024\/02\/Monumento_a_Maria_Remedios_del_Valle_Buenos_Aires-768x512.jpg 768w, https:\/\/elbibliote.com\/resources\/articulosdestacados\/wp-content\/uploads\/2024\/02\/Monumento_a_Maria_Remedios_del_Valle_Buenos_Aires-1024x683.jpg 1024w\" sizes=\"(max-width: 1080px) 100vw, 1080px\" \/><figcaption id=\"caption-attachment-21479\" class=\"wp-caption-text\">Monumento a Maria Remedios del Valle, Buenos Aires. Atribuci\u00f3n de imagen: <a href=\"http:\/\/Ministerio de Cultura de la Naci\u00f3n Argentina, Monumento a Maria Remedios del Valle, Buenos Aires, CC BY-SA 4.0\">Ministerio de Cultura de la Naci\u00f3n Argentina, Monumento a Maria Remedios del Valle, Buenos Aires, CC BY-SA 4.0<\/a><\/figcaption><\/figure>\n<h2 style=\"text-align: justify;\">1807<\/h2>\n<p style=\"text-align: justify;\">Particip\u00f3 en la defensa de la ciudad durante la segunda invasi\u00f3n inglesa.<\/p>\n<h2 style=\"text-align: justify;\">1810<\/h2>\n<p style=\"text-align: justify;\">Se uni\u00f3 al Ej\u00e9rcito del Norte junto a su esposo y sus dos hijos, quienes murieron en combate.<\/p>\n<h2 style=\"text-align: justify;\">1812<\/h2>\n<p style=\"text-align: justify;\">Despu\u00e9s de participar en la batalla de Tucum\u00e1n, recibi\u00f3 el grado de capitana por Belgrano.<\/p>\n<h2 style=\"text-align: justify;\">1813-1814<\/h2>\n<p style=\"text-align: justify;\">Fue tomada prisionera y azotada durante nueve d\u00edas por los espa\u00f1oles en la batalla de Ayohuma. Al a\u00f1o siguiente, fue liberada por las tropas patriotas.<\/p>\n<h2 style=\"text-align: justify;\">1827<\/h2>\n<p style=\"text-align: justify;\">Recibi\u00f3 una pensi\u00f3n del gobierno por sus servicios a la patria.<\/p>\n<h2 style=\"text-align: justify;\">HOMENAJES<\/h2>\n<p style=\"text-align: justify;\">Mar\u00eda Remedios del Valle ha sido honrada por su papel en la independencia de Argentina y por representar la cultura afroargentina a trav\u00e9s de diversos reconocimientos, como el establecimiento el ocho de noviembre como el D\u00eda Nacional de los Afroargentinos y de las Afroargentinas y de la cultura afro en su memoria.<\/p>\n<p style=\"text-align: justify;\">En 2022 se instal\u00f3 un monumento en su honor en Buenos Aires, y se estren\u00f3 el documental <em>Mar\u00eda Presente, la memoria en nuestras voces<\/em>, dirigido por Julia Cohen.<\/p>\n<p style=\"text-align: justify;\">En 2021 se le asign\u00f3 una calle con su nombre<\/p>\n<p style=\"text-align: justify;\"><div class=\"su-box su-box-style-default sabiasque\" id=\"\" style=\"border-color:#a8a8b7;border-radius:0px;\"><div class=\"su-box-title\" style=\"background-color:#DBDBEA;color:#484848;border-top-left-radius:0px;border-top-right-radius:0px\">\u00bfSab\u00edas qu\u00e9?<\/div><div class=\"su-box-content su-u-clearfix su-u-trim\" style=\"border-bottom-left-radius:0px;border-bottom-right-radius:0px\">A pesar de haber sido nombrada capitana por Belgrano, y recibir una pensi\u00f3n del gobierno, Maria Remedios del Valle muri\u00f3 en la pobreza y fue olvidada. Aunque est\u00e1 enterrada en el cementerio de la Recoleta, su tumba no cuenta con ning\u00fan tipo de reconocimiento. Su nombre ha sido destacado recientemente por la historiograf\u00eda, por su papel como mujer afroargentina y hero\u00edna de la independencia.<\/div><\/div>\n","protected":false},"excerpt":{"rendered":"<p>Mar\u00eda Remedios del Valle, tambi\u00e9n conocida como La Capitana, fue una mujer afroargentina que destac\u00f3 por su participaci\u00f3n en la guerra de independencia de Argentina como auxiliar y combatiente el Ej\u00e9rcito del Norte. Fue nombrada capitana por Manuel Belgrano y apodada Madre de la Patria por sus compa\u00f1eros de armas, sufri\u00f3 la prisi\u00f3n y la tortura.<\/p>\n","protected":false},"author":36,"featured_media":0,"comment_status":"closed","ping_status":"closed","sticky":false,"template":"","format":"standard","meta":{"footnotes":""},"categories":[6,9,15],"tags":[13058,13060,12949,13061,13059,13062,12942,13063,13057,13055,13056],"_links":{"self":[{"href":"https:\/\/elbibliote.com\/resources\/articulosdestacados\/index.php?rest_route=\/wp\/v2\/posts\/21543"}],"collection":[{"href":"https:\/\/elbibliote.com\/resources\/articulosdestacados\/index.php?rest_route=\/wp\/v2\/posts"}],"about":[{"href":"https:\/\/elbibliote.com\/resources\/articulosdestacados\/index.php?rest_route=\/wp\/v2\/types\/post"}],"author":[{"embeddable":true,"href":"https:\/\/elbibliote.com\/resources\/articulosdestacados\/index.php?rest_route=\/wp\/v2\/users\/36"}],"replies":[{"embeddable":true,"href":"https:\/\/elbibliote.com\/resources\/articulosdestacados\/index.php?rest_route=%2Fwp%2Fv2%2Fcomments&post=21543"}],"version-history":[{"count":4,"href":"https:\/\/elbibliote.com\/resources\/articulosdestacados\/index.php?rest_route=\/wp\/v2\/posts\/21543\/revisions"}],"predecessor-version":[{"id":21565,"href":"https:\/\/elbibliote.com\/resources\/articulosdestacados\/index.php?rest_route=\/wp\/v2\/posts\/21543\/revisions\/21565"}],"wp:attachment":[{"href":"https:\/\/elbibliote.com\/resources\/articulosdestacados\/index.php?rest_route=%2Fwp%2Fv2%2Fmedia&parent=21543"}],"wp:term":[{"taxonomy":"category","embeddable":true,"href":"https:\/\/elbibliote.com\/resources\/articulosdestacados\/index.php?rest_route=%2Fwp%2Fv2%2Fcategories&post=21543"},{"taxonomy":"post_tag","embeddable":true,"href":"https:\/\/elbibliote.com\/resources\/articulosdestacados\/index.php?rest_route=%2Fwp%2Fv2%2Ftags&post=21543"}],"curies":[{"name":"wp","href":"https:\/\/api.w.org\/{rel}","templated":true}]}}