{"id":21584,"date":"2024-04-03T09:37:22","date_gmt":"2024-04-03T12:37:22","guid":{"rendered":"https:\/\/elbibliote.com\/resources\/articulosdestacados\/?p=21584"},"modified":"2025-08-08T03:49:21","modified_gmt":"2025-08-08T06:49:21","slug":"presidente-garcia-moreno","status":"publish","type":"post","link":"https:\/\/elbibliote.com\/resources\/articulosdestacados\/?p=21584","title":{"rendered":"Presidente Garc\u00eda Moreno"},"content":{"rendered":"<p style=\"text-align: justify;\"><span style=\"color: #808080;\"><em>Gabriel Garc\u00eda Moreno fue un pol\u00edtico ecuatoriano que marc\u00f3 la historia de su pa\u00eds con su gesti\u00f3n conservadora y cat\u00f3lica, la defensa de la soberan\u00eda nacional, el impulso al desarrollo econ\u00f3mico, social y cultural, y su tr\u00e1gico asesinato. Su figura ha sido objeto de diversos estudios, homenajes, cr\u00edticas y pol\u00e9micas a lo largo de la historia<\/em><\/span>.<\/p>\n<figure id=\"attachment_21585\" aria-describedby=\"caption-attachment-21585\" style=\"width: 1080px\" class=\"wp-caption aligncenter\"><img loading=\"lazy\" decoding=\"async\" class=\"wp-image-21585 size-full\" src=\"https:\/\/elbibliote.com\/resources\/articulosdestacados\/wp-content\/uploads\/2024\/03\/Monumento_a_Garc\u00eda_Moreno.jpg\" alt=\"\" width=\"1080\" height=\"1440\" srcset=\"https:\/\/elbibliote.com\/resources\/articulosdestacados\/wp-content\/uploads\/2024\/03\/Monumento_a_Garc\u00eda_Moreno.jpg 1080w, https:\/\/elbibliote.com\/resources\/articulosdestacados\/wp-content\/uploads\/2024\/03\/Monumento_a_Garc\u00eda_Moreno-225x300.jpg 225w, https:\/\/elbibliote.com\/resources\/articulosdestacados\/wp-content\/uploads\/2024\/03\/Monumento_a_Garc\u00eda_Moreno-768x1024.jpg 768w\" sizes=\"(max-width: 1080px) 100vw, 1080px\" \/><figcaption id=\"caption-attachment-21585\" class=\"wp-caption-text\">Monumento a Gabriel Garc\u00eda Moreno en el parque de La Victoria, en Guayaquil. Atribuci\u00f3n de imagen: <a href=\"http:\/\/LocoWiki, Monumento a Garc\u00eda Moreno, CC BY-SA 3.0\">LocoWiki, Monumento a Garc\u00eda Moreno, CC BY-SA 3.0<\/a><\/figcaption><\/figure>\n<h2 style=\"text-align: justify;\">RELACI\u00d3N CON LA IGLESIA CAT\u00d3LICA<\/h2>\n<p style=\"text-align: justify;\">Los aspectos clave de su relaci\u00f3n con la Iglesia fueron los siguientes:<\/p>\n<p style=\"text-align: justify;\">\u2022<strong>Transformaci\u00f3n personal<\/strong>: experiment\u00f3 un distanciamiento de la fe en un momento dado, pero eventualmente se reconcili\u00f3 con la Iglesia debido a la influencia de un ateo que le desafi\u00f3 a ser coherente.<br \/>\n\u2022 <strong>Defensa de la libertad religiosa<\/strong>: confront\u00f3 a los gobiernos liberales que intentaban restringir o eliminar la presencia de la Iglesia en la sociedad ecuatoriana.<br \/>\n\u2022 <strong>Firma el Concordato con la Santa Sede<\/strong>: regul\u00f3 las relaciones entre el Estado y la Iglesia mediante un acuerdo internacional que reconoc\u00eda a la religi\u00f3n cat\u00f3lica como la \u00fanica del Estado, otorgaba a la Iglesia varios privilegios y prerrogativas, y establec\u00eda la colaboraci\u00f3n en asuntos de educaci\u00f3n, beneficencia y moral p\u00fablica <a href=\"https:\/\/www.jbros.co.kr\">\ub808\ud50c\ub9ac\uce74 \uc2dc\uacc4<\/a>.<br \/>\n\u2022 <strong>Consagraci\u00f3n de Ecuador al Sagrado Coraz\u00f3n de Jes\u00fas<\/strong>: propici\u00f3 la consagraci\u00f3n de su pa\u00eds al Coraz\u00f3n de Cristo en 1873, como una expresi\u00f3n de amor y confianza en Dios.<br \/>\n\u2022 <strong>Martirio por la fe<\/strong>: su muerte se convirti\u00f3 en un testimonio de fidelidad a Cristo y a la Iglesia, y un ejemplo para que otros individuos, con disposici\u00f3n para servir a sus naciones como l\u00edderes pol\u00edticos, no renunciaran a sus principios y valores cat\u00f3licos.<\/p>\n<h2 style=\"text-align: justify;\">LEGADO<\/h2>\n<p style=\"text-align: justify;\">\u2022 Fortaleci\u00f3 el poder central del Estado y redujo problemas como la corrupci\u00f3n, el caudillismo y las rebeliones internas.<br \/>\n\u2022 Protegi\u00f3 la soberan\u00eda nacional ante amenazas externas, manteniendo una postura neutral en conflictos internacionales.<br \/>\n\u2022 Promovi\u00f3 el desarrollo econ\u00f3mico, social y cultural del pa\u00eds a trav\u00e9s de la construcci\u00f3n de obras p\u00fablicas, la reforma educativa, la creaci\u00f3n de instituciones cient\u00edficas y art\u00edsticas, as\u00ed como la promoci\u00f3n de la inmigraci\u00f3n europea.<br \/>\n\u2022 Caus\u00f3 profunda divisi\u00f3n entre conservadores y liberales, lo que provoc\u00f3 m\u00faltiples guerras civiles y revoluciones que perduraron hasta el siglo XX.<br \/>\n\u2022 Fue venerado como un h\u00e9roe por los conservadores, mientras que los liberales lo consideraban un tirano.<br \/>\n\u2022 Estableci\u00f3 una estrecha relaci\u00f3n entre el Estado y la Iglesia cat\u00f3lica, basada en el Concordato de 1862.<\/p>\n<p style=\"text-align: justify;\"><div class=\"su-box su-box-style-default sabiasque\" id=\"\" style=\"border-color:#a8a8b7;border-radius:0px;\"><div class=\"su-box-title\" style=\"background-color:#DBDBEA;color:#484848;border-top-left-radius:0px;border-top-right-radius:0px\">\u00bfSab\u00edas qu\u00e9?<\/div><div class=\"su-box-content su-u-clearfix su-u-trim\" style=\"border-bottom-left-radius:0px;border-bottom-right-radius:0px\">En 1900, la revista parisina <em>Le Figaro<\/em> realiz\u00f3 una encuesta donde Gabriel Garc\u00eda Moreno fue seleccionado como la figura m\u00e1s destacada del siglo XX, superando a otros personajes de la \u00e9poca, como Napole\u00f3n y Sim\u00f3n Bol\u00edvar.<\/div><\/div>\n","protected":false},"excerpt":{"rendered":"<p>Gabriel Garc\u00eda Moreno fue un pol\u00edtico ecuatoriano que marc\u00f3 la historia de su pa\u00eds con su gesti\u00f3n conservadora y cat\u00f3lica, la defensa de la soberan\u00eda nacional, el impulso al desarrollo econ\u00f3mico, social y cultural, y su tr\u00e1gico asesinato. Su figura ha sido objeto de diversos estudios, homenajes, cr\u00edticas y pol\u00e9micas a lo largo de la historia.<\/p>\n","protected":false},"author":36,"featured_media":0,"comment_status":"closed","ping_status":"closed","sticky":false,"template":"","format":"standard","meta":{"footnotes":""},"categories":[6,9,15],"tags":[12449,13092,13090,3424,5214,141,13089,4318,13091,12886,5933,10755,13094,13093,13088],"_links":{"self":[{"href":"https:\/\/elbibliote.com\/resources\/articulosdestacados\/index.php?rest_route=\/wp\/v2\/posts\/21584"}],"collection":[{"href":"https:\/\/elbibliote.com\/resources\/articulosdestacados\/index.php?rest_route=\/wp\/v2\/posts"}],"about":[{"href":"https:\/\/elbibliote.com\/resources\/articulosdestacados\/index.php?rest_route=\/wp\/v2\/types\/post"}],"author":[{"embeddable":true,"href":"https:\/\/elbibliote.com\/resources\/articulosdestacados\/index.php?rest_route=\/wp\/v2\/users\/36"}],"replies":[{"embeddable":true,"href":"https:\/\/elbibliote.com\/resources\/articulosdestacados\/index.php?rest_route=%2Fwp%2Fv2%2Fcomments&post=21584"}],"version-history":[{"count":5,"href":"https:\/\/elbibliote.com\/resources\/articulosdestacados\/index.php?rest_route=\/wp\/v2\/posts\/21584\/revisions"}],"predecessor-version":[{"id":22382,"href":"https:\/\/elbibliote.com\/resources\/articulosdestacados\/index.php?rest_route=\/wp\/v2\/posts\/21584\/revisions\/22382"}],"wp:attachment":[{"href":"https:\/\/elbibliote.com\/resources\/articulosdestacados\/index.php?rest_route=%2Fwp%2Fv2%2Fmedia&parent=21584"}],"wp:term":[{"taxonomy":"category","embeddable":true,"href":"https:\/\/elbibliote.com\/resources\/articulosdestacados\/index.php?rest_route=%2Fwp%2Fv2%2Fcategories&post=21584"},{"taxonomy":"post_tag","embeddable":true,"href":"https:\/\/elbibliote.com\/resources\/articulosdestacados\/index.php?rest_route=%2Fwp%2Fv2%2Ftags&post=21584"}],"curies":[{"name":"wp","href":"https:\/\/api.w.org\/{rel}","templated":true}]}}