{"id":21596,"date":"2024-06-04T11:14:56","date_gmt":"2024-06-04T14:14:56","guid":{"rendered":"https:\/\/elbibliote.com\/resources\/articulosdestacados\/?p=21596"},"modified":"2024-06-04T11:14:56","modified_gmt":"2024-06-04T14:14:56","slug":"la-revolucion-de-chuquisaca-y-la-campana-de-la-libertad","status":"publish","type":"post","link":"https:\/\/elbibliote.com\/resources\/articulosdestacados\/?p=21596","title":{"rendered":"La revoluci\u00f3n de Chuquisaca y la Campana de la Libertad"},"content":{"rendered":"<p><em><span style=\"color: #808080;\">La revoluci\u00f3n de Chuquisaca es considerada por muchos como el primer movimiento independentista ocurrido en Hispanoam\u00e9rica. Durante este evento hizo acto de presencia la Campana de la Libertad, instrumento que es actualmente reconocido como un s\u00edmbolo de la ciudad de Sucre.<\/span><\/em><\/p>\n<p>Tras conocer la noticia del arresto del fiscal Jaime de Zuda\u00f1ez, los hermanos Joaqu\u00edn y Juan Manuel de Lemoine partieron r\u00e1pidamente hacia la Bas\u00edlica de San Francisco de Charcas donde, armado con un sable, Juan Manuel amenaz\u00f3 a los frailes del convento para que le permitieran hacer uso de una de las campanas de la torre principal. Tan pronto tuvo acceso al instrumento, lo toc\u00f3 con tal fuerza y ah\u00ednco que lleg\u00f3 a romperlo y causar en este una gran brecha como resultado.<\/p>\n<p>El objetivo de este acto fue convocar en ese punto a la poblaci\u00f3n de Charcas, incitarlos a levantarse contra el presidente de la Real Audiencia Ram\u00f3n Garc\u00eda de Le\u00f3n y Pizarro por el injusto encierro de Zuda\u00f1ez y exigir su renuncia. La convocatoria result\u00f3 un \u00e9xito, pues la muchedumbre iracunda invadi\u00f3 el palacio de gobierno y permaneci\u00f3 all\u00ed bajo constantes amenazas hasta que finalmente un representante de Pizarro se mostr\u00f3 con el documento en el cual hab\u00eda firmado su dimisi\u00f3n, lo que condujo a su encarcelamiento y la desintegraci\u00f3n de su guarnici\u00f3n real.<\/p>\n<p>Cada 25 de mayo, las autoridades correspondientes rinden homenaje a la desde entonces conocida como la Campana de la Libertad como s\u00edmbolo de la primera muestra de rebeld\u00eda y oposici\u00f3n ante el gobierno de la monarqu\u00eda espa\u00f1ola, y con ello el precedente del proceso de independencia de los pa\u00edses hispanoamericanos. La misma se encuentra a\u00fan presente en la bas\u00edlica, incluida la fractura que le fue causada hace m\u00e1s de 200 a\u00f1os.<\/p>\n<div class=\"su-box su-box-style-default sabiasque\" id=\"\" style=\"border-color:#a8a8b7;border-radius:0px;\"><div class=\"su-box-title\" style=\"background-color:#DBDBEA;color:#484848;border-top-left-radius:0px;border-top-right-radius:0px\">\u00bfSab\u00edas qu\u00e9?<\/div><div class=\"su-box-content su-u-clearfix su-u-trim\" style=\"border-bottom-left-radius:0px;border-bottom-right-radius:0px\">La historia de la Campana de la Libertad de Sucre guarda una gran similitud con la Campana de la Libertad de Filadelfia, Pensilvania, Estados Unidos. Ambas est\u00e1n rotas, son s\u00edmbolos reconocidos y reciben el mismo nombre, pues ambas fueron utilizadas en momentos clave de la historia de la independencia de sus respectivos pa\u00edses.<\/div><\/div>\n<figure id=\"attachment_21597\" aria-describedby=\"caption-attachment-21597\" style=\"width: 1080px\" class=\"wp-caption aligncenter\"><img loading=\"lazy\" decoding=\"async\" class=\"size-full wp-image-21597\" src=\"https:\/\/elbibliote.com\/resources\/articulosdestacados\/wp-content\/uploads\/2024\/03\/Iglesia_de_San_francisco2.jpg\" alt=\"\" width=\"1080\" height=\"720\" srcset=\"https:\/\/elbibliote.com\/resources\/articulosdestacados\/wp-content\/uploads\/2024\/03\/Iglesia_de_San_francisco2.jpg 1080w, https:\/\/elbibliote.com\/resources\/articulosdestacados\/wp-content\/uploads\/2024\/03\/Iglesia_de_San_francisco2-300x200.jpg 300w, https:\/\/elbibliote.com\/resources\/articulosdestacados\/wp-content\/uploads\/2024\/03\/Iglesia_de_San_francisco2-768x512.jpg 768w, https:\/\/elbibliote.com\/resources\/articulosdestacados\/wp-content\/uploads\/2024\/03\/Iglesia_de_San_francisco2-1024x683.jpg 1024w\" sizes=\"(max-width: 1080px) 100vw, 1080px\" \/><figcaption id=\"caption-attachment-21597\" class=\"wp-caption-text\">Bas\u00edlica de San Francisco de Charcas, hogar de la Campana de la Libertad. Atribuci\u00f3n de la imagen:\u00a0<a href=\"https:\/\/commons.wikimedia.org\/wiki\/User:Noverth\" target=\"_blank\" rel=\"noopener\">Noverth<\/a>,\u00a0<a href=\"https:\/\/commons.wikimedia.org\/wiki\/File:Iglesia_de_San_francisco2.jpg\" target=\"_blank\" rel=\"noopener\">Iglesia de San francisco2<\/a>,\u00a0<a href=\"https:\/\/creativecommons.org\/licenses\/by-sa\/3.0\/legalcode\" target=\"_blank\" rel=\"license noopener\">CC BY-SA 3.0<\/a><\/figcaption><\/figure>\n","protected":false},"excerpt":{"rendered":"<p>La revoluci\u00f3n de Chuquisaca es considerada por muchos como el primer movimiento independentista ocurrido en Hispanoam\u00e9rica. Durante este evento hizo acto de presencia la Campana de la Libertad, instrumento que es actualmente reconocido como un s\u00edmbolo de la ciudad de Sucre.<\/p>\n","protected":false},"author":18,"featured_media":0,"comment_status":"closed","ping_status":"closed","sticky":false,"template":"","format":"standard","meta":{"footnotes":""},"categories":[9,15],"tags":[13097,3955,13095,13096,12191,3561,9445,3231,9417,13099,4338,13098,3832,9824,4838,3435],"_links":{"self":[{"href":"https:\/\/elbibliote.com\/resources\/articulosdestacados\/index.php?rest_route=\/wp\/v2\/posts\/21596"}],"collection":[{"href":"https:\/\/elbibliote.com\/resources\/articulosdestacados\/index.php?rest_route=\/wp\/v2\/posts"}],"about":[{"href":"https:\/\/elbibliote.com\/resources\/articulosdestacados\/index.php?rest_route=\/wp\/v2\/types\/post"}],"author":[{"embeddable":true,"href":"https:\/\/elbibliote.com\/resources\/articulosdestacados\/index.php?rest_route=\/wp\/v2\/users\/18"}],"replies":[{"embeddable":true,"href":"https:\/\/elbibliote.com\/resources\/articulosdestacados\/index.php?rest_route=%2Fwp%2Fv2%2Fcomments&post=21596"}],"version-history":[{"count":5,"href":"https:\/\/elbibliote.com\/resources\/articulosdestacados\/index.php?rest_route=\/wp\/v2\/posts\/21596\/revisions"}],"predecessor-version":[{"id":21708,"href":"https:\/\/elbibliote.com\/resources\/articulosdestacados\/index.php?rest_route=\/wp\/v2\/posts\/21596\/revisions\/21708"}],"wp:attachment":[{"href":"https:\/\/elbibliote.com\/resources\/articulosdestacados\/index.php?rest_route=%2Fwp%2Fv2%2Fmedia&parent=21596"}],"wp:term":[{"taxonomy":"category","embeddable":true,"href":"https:\/\/elbibliote.com\/resources\/articulosdestacados\/index.php?rest_route=%2Fwp%2Fv2%2Fcategories&post=21596"},{"taxonomy":"post_tag","embeddable":true,"href":"https:\/\/elbibliote.com\/resources\/articulosdestacados\/index.php?rest_route=%2Fwp%2Fv2%2Ftags&post=21596"}],"curies":[{"name":"wp","href":"https:\/\/api.w.org\/{rel}","templated":true}]}}