{"id":21599,"date":"2024-05-30T10:42:29","date_gmt":"2024-05-30T13:42:29","guid":{"rendered":"https:\/\/elbibliote.com\/resources\/articulosdestacados\/?p=21599"},"modified":"2024-05-30T10:42:29","modified_gmt":"2024-05-30T13:42:29","slug":"pedro-arraya-y-la-localidad-de-suipacha","status":"publish","type":"post","link":"https:\/\/elbibliote.com\/resources\/articulosdestacados\/?p=21599","title":{"rendered":"Pedro Arraya y la localidad de Suipacha"},"content":{"rendered":"<p><em><span style=\"color: #808080;\">Pedro Norberto Arraya fue un coronel criollo con una destacada participaci\u00f3n en la historia de Bolivia, tanto en el proceso de independencia como en eventos posteriores. Entre estos acontecimientos destaca curiosamente su v\u00ednculo con la localidad de Suipacha, lugar donde ocurri\u00f3 tanto su muerte como su primera y m\u00e1s grande victoria militar.<\/span><\/em><\/p>\n<p>En la famosa batalla de Suipacha de 1810, el primero de los conflictos militares que el Ej\u00e9rcito del Norte argentino llev\u00f3 a cabo contra el Ej\u00e9rcito realista espa\u00f1ol durante su primera expedici\u00f3n auxiliadora al Alto Per\u00fa, Pedro Arraya fue elegido como el jefe de la divisi\u00f3n de caballer\u00eda proveniente de Sud Chichas, su provincia natal, que se uni\u00f3 a la causa, conocida como los H\u00fasares de Chichas y conformada por unos cien jinetes milicianos.<\/p>\n<p>A pesar de ser esta su primera participaci\u00f3n oficial en la guerra por la independencia, Arraya destac\u00f3 por su determinaci\u00f3n, resoluci\u00f3n y capacidad de mando, gracias a ello logr\u00f3 hacer retroceder y derrotar a gran parte del Ej\u00e9rcito realista, cuyo n\u00famero de efectivos superaba varias veces al de los chiche\u00f1os, y con lo cual logr\u00f3 contribuir en gran medida a la importante victoria que los patriotas alcanzaron en esta batalla. Desde entonces, Arraya se gan\u00f3 el respeto y el reconocimiento de otros l\u00edderes independentistas, hasta llegar incluso a ocupar cargos pol\u00edticos.<\/p>\n<p>Sin embargo, en 1837, a\u00f1os despu\u00e9s de haberse consolidado la independencia de Bolivia, el nuevo panorama de corrupci\u00f3n y maquinaci\u00f3n que ofrec\u00eda la ahora formada Confederaci\u00f3n Per\u00fa-Bolivia le fue desfavorable a Arraya, quien para ese momento ejerc\u00eda el cargo de gobernador de su natal Mojo. El juez Antonio Su\u00e1rez logr\u00f3 destituirlo de su cargo para luego ser perseguido debido a un conflicto con otro militar, por lo cual huy\u00f3 hacia la ciudad de La Quiaca en Argentina. Una vez perseguido y capturado, Arraya fue llevado a la zona de Veladero, en Suipacha, para ser fusilado.<\/p>\n<div class=\"su-box su-box-style-default sabiasque\" id=\"\" style=\"border-color:#a8a8b7;border-radius:0px;\"><div class=\"su-box-title\" style=\"background-color:#DBDBEA;color:#484848;border-top-left-radius:0px;border-top-right-radius:0px\">\u00bfSab\u00edas qu\u00e9?<\/div><div class=\"su-box-content su-u-clearfix su-u-trim\" style=\"border-bottom-left-radius:0px;border-bottom-right-radius:0px\">En enero de 2024 Pedro Arraya fue declarado h\u00e9roe nacional por la asamblea legislativa plurinacional de Bolivia, seg\u00fan se especifica en el art\u00edculo 1 de la ley N\u00ba 1547, en honor a su participaci\u00f3n en la batalla de Suipacha. Con este acto tambi\u00e9n se pretendi\u00f3 popularizar su imagen, ya que usualmente es poco recordado entre los personajes que participaron en la independencia de Bolivia.<\/div><\/div>\n<figure id=\"attachment_21600\" aria-describedby=\"caption-attachment-21600\" style=\"width: 1080px\" class=\"wp-caption aligncenter\"><img loading=\"lazy\" decoding=\"async\" class=\"size-full wp-image-21600\" src=\"https:\/\/elbibliote.com\/resources\/articulosdestacados\/wp-content\/uploads\/2024\/03\/Bolivia_Potos\u00ed_Sud_Chichas.jpg\" alt=\"\" width=\"1080\" height=\"1080\" srcset=\"https:\/\/elbibliote.com\/resources\/articulosdestacados\/wp-content\/uploads\/2024\/03\/Bolivia_Potos\u00ed_Sud_Chichas.jpg 1080w, https:\/\/elbibliote.com\/resources\/articulosdestacados\/wp-content\/uploads\/2024\/03\/Bolivia_Potos\u00ed_Sud_Chichas-150x150.jpg 150w, https:\/\/elbibliote.com\/resources\/articulosdestacados\/wp-content\/uploads\/2024\/03\/Bolivia_Potos\u00ed_Sud_Chichas-300x300.jpg 300w, https:\/\/elbibliote.com\/resources\/articulosdestacados\/wp-content\/uploads\/2024\/03\/Bolivia_Potos\u00ed_Sud_Chichas-768x768.jpg 768w, https:\/\/elbibliote.com\/resources\/articulosdestacados\/wp-content\/uploads\/2024\/03\/Bolivia_Potos\u00ed_Sud_Chichas-1024x1024.jpg 1024w\" sizes=\"(max-width: 1080px) 100vw, 1080px\" \/><figcaption id=\"caption-attachment-21600\" class=\"wp-caption-text\">Localizaci\u00f3n de la provincia de Sud Chichas, Bolivia, lugar de nacimiento de Pedro Arraya.<\/figcaption><\/figure>\n","protected":false},"excerpt":{"rendered":"<p>Pedro Norberto Arraya fue un coronel criollo con una destacada participaci\u00f3n en la historia de Bolivia, tanto en el proceso de independencia como en eventos posteriores. Entre estos acontecimientos destaca curiosamente su v\u00ednculo con la localidad de Suipacha, lugar donde ocurri\u00f3 tanto su muerte como su primera y m\u00e1s grande victoria militar.<\/p>\n","protected":false},"author":18,"featured_media":0,"comment_status":"closed","ping_status":"closed","sticky":false,"template":"","format":"standard","meta":{"footnotes":""},"categories":[6,9,15],"tags":[13100,9001,2504,3955,13103,3561,3231,4311,12542,4838,13102,13101],"_links":{"self":[{"href":"https:\/\/elbibliote.com\/resources\/articulosdestacados\/index.php?rest_route=\/wp\/v2\/posts\/21599"}],"collection":[{"href":"https:\/\/elbibliote.com\/resources\/articulosdestacados\/index.php?rest_route=\/wp\/v2\/posts"}],"about":[{"href":"https:\/\/elbibliote.com\/resources\/articulosdestacados\/index.php?rest_route=\/wp\/v2\/types\/post"}],"author":[{"embeddable":true,"href":"https:\/\/elbibliote.com\/resources\/articulosdestacados\/index.php?rest_route=\/wp\/v2\/users\/18"}],"replies":[{"embeddable":true,"href":"https:\/\/elbibliote.com\/resources\/articulosdestacados\/index.php?rest_route=%2Fwp%2Fv2%2Fcomments&post=21599"}],"version-history":[{"count":3,"href":"https:\/\/elbibliote.com\/resources\/articulosdestacados\/index.php?rest_route=\/wp\/v2\/posts\/21599\/revisions"}],"predecessor-version":[{"id":21668,"href":"https:\/\/elbibliote.com\/resources\/articulosdestacados\/index.php?rest_route=\/wp\/v2\/posts\/21599\/revisions\/21668"}],"wp:attachment":[{"href":"https:\/\/elbibliote.com\/resources\/articulosdestacados\/index.php?rest_route=%2Fwp%2Fv2%2Fmedia&parent=21599"}],"wp:term":[{"taxonomy":"category","embeddable":true,"href":"https:\/\/elbibliote.com\/resources\/articulosdestacados\/index.php?rest_route=%2Fwp%2Fv2%2Fcategories&post=21599"},{"taxonomy":"post_tag","embeddable":true,"href":"https:\/\/elbibliote.com\/resources\/articulosdestacados\/index.php?rest_route=%2Fwp%2Fv2%2Ftags&post=21599"}],"curies":[{"name":"wp","href":"https:\/\/api.w.org\/{rel}","templated":true}]}}